{"id":22298,"date":"2023-10-29T21:17:49","date_gmt":"2023-10-29T19:17:49","guid":{"rendered":"https:\/\/edublog.educastur.es\/ixuxu\/?p=22298"},"modified":"2023-10-29T21:28:42","modified_gmt":"2023-10-29T19:28:42","slug":"22298","status":"publish","type":"post","link":"https:\/\/edublog.educastur.es\/ixuxu\/2023\/10\/22298\/","title":{"rendered":"Samhain, el fin del branu y l&#8217;entamu del iviernu"},"content":{"rendered":"<blockquote><p><strong><em>Los d\u00edes meng\u00fcen y les noches medren. Salimos del tiempu de la lluz y entramos nel de la escurid\u00e1.<\/em><\/strong><\/p><\/blockquote>\n<ul>\n<li><span class=\"x193iq5w xeuugli x13faqbe x1vvkbs x1xmvt09 x1lliihq x1s928wv xhkezso x1gmr53x x1cpjm7i x1fgarty x1943h6x xudqn12 x3x7a5m x1f6kntn xvq8zen xo1l8bm xzsf02u\" dir=\"auto\"><a href=\"https:\/\/www.facebook.com\/photo\/?fbid=10227134223314516&amp;set=oa.1738555946652334&amp;idorvanity=177915587399795\"><strong>Imaxe<\/strong><\/a> \/ Gracies a Fundaci\u00f3n Belenos y <a class=\"x1i10hfl xjbqb8w x6umtig x1b1mbwd xaqea5y xav7gou x9f619 x1ypdohk xt0psk2 xe8uvvx xdj266r x11i5rnm xat24cr x1mh8g0r xexx8yu x4uap5 x18d9i69 xkhd6sd x16tdsg8 x1hl2dhg xggy1nq x1a2a7pz xt0b8zv xzsf02u x1s688f\" role=\"link\" href=\"https:\/\/www.facebook.com\/fundacionbelenos?__cft__[0]=AZXBnPTzlpCRLwS_x__-SUfQEpBxFym4SX2C49HceMqKOShvNGTzZvxqXu1FT6iXmNtjVVdNN3Jahr4Gis74DJoZfahVqk3gv1KDjXBfN8khaUonjHU2H7BUMcK_wh8Bcs_wgZsLp7pDTodS_tNeBNNMLm2RkRSrAciH0LQkf4YQgKu6nsg5bjGmiRNfUkysG4Rh-amDPEgXYt31zzzoPDKM&amp;__tn__=-]K*F\"><span class=\"xt0psk2\">Daniel Cueli Canto<\/span><\/a> pola so aportaci\u00f3n.<\/span><\/li>\n<li><a href=\"https:\/\/www.facebook.com\/fundacionbelenos\">Fundacion Belenos FB<\/a> \/<\/li>\n<li><a href=\"https:\/\/www.ngenespanol.com\/historia\/samhain-la-celebracion-celta-que-origen-al-halloween\/\">Fonte: NGEspa\u00f1ol<\/a> \/<\/li>\n<\/ul>\n<p><span class=\"ILfuVd\" lang=\"es\" style=\"color: #008080\"><span class=\"hgKElc\">Samhain (\u00daltima Collecha, Nueche Ancestral, Fiesta de los Muertos, Halloween) &#8211; <strong>31 d&#8217;ochobre (1 de mayu nel hemisferiu sur)<\/strong>. Yule (Alban Arthan, Solsticiu d&#8217;Iviernu) &#8211; 21 d&#8217;avientu (21 de xunu nel hemisferiu sur).<\/span><\/span><\/p>\n<p style=\"text-align: center\"><a href=\"https:\/\/3.bp.blogspot.com\/-9FjZxaeE8Ws\/WBcEgCAY7GI\/AAAAAAAABCQ\/x7b1CaCguXAQj0ivuk5r7fZsSgwHkfG2QCLcB\/s1600\/Calendariocelta.jpg\"><img loading=\"lazy\" decoding=\"async\" class=\"aligncenter \" src=\"https:\/\/3.bp.blogspot.com\/-9FjZxaeE8Ws\/WBcEgCAY7GI\/AAAAAAAABCQ\/x7b1CaCguXAQj0ivuk5r7fZsSgwHkfG2QCLcB\/s1600\/Calendariocelta.jpg\" width=\"795\" height=\"828\" \/><\/a><!--more--><\/p>\n<p><strong><span style=\"color: #008080\">Samhain, el fin del branu y l&#8217;entamu del iviernu<\/span><\/strong> Halloween<\/p>\n<p>&nbsp;<\/p>\n<p><strong>Esti festival conmemoraba&#8217;l final de la temporada de collecha y l&#8217;entamu del crudu iviernu.<\/strong> Esti momentu marcaba una transici\u00f3n crucial nel calendariu celta y yera una de les cuatro festividaes importantes del a\u00f1u: Imbolc, que marcaba l&#8217;equinocciu de primavera; Beltane, celebr\u00e1u ente l&#8217;equinocciu de primavera y el solsticiu de branu; Lughnasadh, que daba pasu al equinocciu de seronda, y <strong>Samhain, celebr\u00e1u ente l&#8217;equinocciu de seronda y el solsticiu d&#8217;iviernu.<\/strong><\/p>\n<p>\u00abEl Samhain era quiciabes el m\u00e1s significativu, y\u00e1 que<strong> se cree que representaba l&#8217;a\u00f1u nuevu celta.<\/strong> Pa los antiguos celtes, el tiempu empezaba na escurid\u00e1, y acald\u00eda de 24 hores empezaba al anochecer. Marcando l&#8217;empiezu de la met\u00e1 m\u00e1s escura del a\u00f1u, el Samhain representaba&#8217;l final d&#8217;un a\u00f1u y l&#8217;empiezu del siguiente\u00bb, seg\u00fan la <a href=\"https:\/\/www.worldhistory.org\/trans\/es\/1-19183\/samhain\/\"><strong>World History Encyclopedia.<\/strong><\/a><\/p>\n<p><span style=\"color: #008080\">La festivid\u00e1 ten\u00eda fondes connotaciones espirituales. Cre\u00edase que mientres la nueche del 31 d&#8217;ochobre, les llendes ente&#8217;l mundu de los vivos y los esp\u00edritos volv\u00edense difusos, dexando la comunicaci\u00f3n colos difuntos y l&#8217;apaici\u00f3n de seres sobrenaturales. La celebraci\u00f3n arreyaba rituales de fueu sagrao, ufriendes d&#8217;alimentos, y la creencia de que los esp\u00edritos de los ancestros visitaben los sos llares.<\/span><\/p>\n<p style=\"text-align: center\"><a href=\"https:\/\/upload.wikimedia.org\/wikipedia\/commons\/thumb\/8\/8b\/Wheel_of_the_Year.svg\/1200px-Wheel_of_the_Year.svg.png\"><img loading=\"lazy\" decoding=\"async\" class=\"aligncenter \" src=\"https:\/\/upload.wikimedia.org\/wikipedia\/commons\/thumb\/8\/8b\/Wheel_of_the_Year.svg\/1200px-Wheel_of_the_Year.svg.png\" width=\"536\" height=\"407\" \/><\/a><\/p>\n<p>Mientres esta celebraci\u00f3n, que<strong> duraba unos tr\u00e9s d\u00edes, us\u00e1bense amarutes y m\u00e1zcares para llucir como esp\u00edritos y evitar ser reconoc\u00edos por entidaes malines.<\/strong> El paxellu llindar a usar pieles d&#8217;animales y maquillaxe fechu con cenices, col fin de llograr una apariencia similar a la de seres sobrenaturales y evitar ataques per parte d&#8217;ellos.<\/p>\n<p>La influencia de Samhain persiste na actualid\u00e1 al travi\u00e9s d&#8217;Halloween, una festivid\u00e1 qu&#8217;adopt\u00f3 munches de les costumes y l&#8217;esp\u00edritu d&#8217;esti antiguu festival celta, incluyendo amarutes, calabaces tallaes (jack-o\u2019-lanterns) y la noci\u00f3n de que nesta fecha los esp\u00edritos analayen ente n\u00f3s.<\/p>\n<p><a href=\"https:\/\/i.pinimg.com\/736x\/fc\/09\/5e\/fc095e0bcb95747ca07edadeeda9b931.jpg\"><img loading=\"lazy\" decoding=\"async\" class=\"aligncenter size-full\" src=\"https:\/\/i.pinimg.com\/736x\/fc\/09\/5e\/fc095e0bcb95747ca07edadeeda9b931.jpg\" width=\"670\" height=\"670\" \/><\/a><\/p>\n<p>https:\/\/www.worldhistory.org\/trans\/es\/1-19183\/samhain\/<\/p>\n","protected":false},"excerpt":{"rendered":"<p>Los d\u00edes meng\u00fcen y les noches medren. Salimos del tiempu de la lluz y entramos nel de la escurid\u00e1. Imaxe \/ Gracies a Fundaci\u00f3n Belenos y Daniel Cueli Canto pola so aportaci\u00f3n. Fundacion Belenos FB \/ Fonte: NGEspa\u00f1ol \/ Samhain (\u00daltima Collecha, Nueche Ancestral, Fiesta de los Muertos, Halloween) &#8211; 31 d&#8217;ochobre (1 de mayu [&hellip;]<\/p>\n","protected":false},"author":117,"featured_media":0,"comment_status":"open","ping_status":"open","sticky":false,"template":"","format":"standard","meta":{"footnotes":""},"categories":[97],"tags":[],"class_list":["post-22298","post","type-post","status-publish","format-standard","hentry","category-samain"],"_links":{"self":[{"href":"https:\/\/edublog.educastur.es\/ixuxu\/wp-json\/wp\/v2\/posts\/22298","targetHints":{"allow":["GET"]}}],"collection":[{"href":"https:\/\/edublog.educastur.es\/ixuxu\/wp-json\/wp\/v2\/posts"}],"about":[{"href":"https:\/\/edublog.educastur.es\/ixuxu\/wp-json\/wp\/v2\/types\/post"}],"author":[{"embeddable":true,"href":"https:\/\/edublog.educastur.es\/ixuxu\/wp-json\/wp\/v2\/users\/117"}],"replies":[{"embeddable":true,"href":"https:\/\/edublog.educastur.es\/ixuxu\/wp-json\/wp\/v2\/comments?post=22298"}],"version-history":[{"count":6,"href":"https:\/\/edublog.educastur.es\/ixuxu\/wp-json\/wp\/v2\/posts\/22298\/revisions"}],"predecessor-version":[{"id":22304,"href":"https:\/\/edublog.educastur.es\/ixuxu\/wp-json\/wp\/v2\/posts\/22298\/revisions\/22304"}],"wp:attachment":[{"href":"https:\/\/edublog.educastur.es\/ixuxu\/wp-json\/wp\/v2\/media?parent=22298"}],"wp:term":[{"taxonomy":"category","embeddable":true,"href":"https:\/\/edublog.educastur.es\/ixuxu\/wp-json\/wp\/v2\/categories?post=22298"},{"taxonomy":"post_tag","embeddable":true,"href":"https:\/\/edublog.educastur.es\/ixuxu\/wp-json\/wp\/v2\/tags?post=22298"}],"curies":[{"name":"wp","href":"https:\/\/api.w.org\/{rel}","templated":true}]}}