{"id":22305,"date":"2023-10-29T21:31:39","date_gmt":"2023-10-29T19:31:39","guid":{"rendered":"https:\/\/edublog.educastur.es\/ixuxu\/?p=22305"},"modified":"2023-10-29T21:55:00","modified_gmt":"2023-10-29T19:55:00","slug":"amaguestu-nel-museu-pepe-el-ferreiru-grandas-de-salime","status":"publish","type":"post","link":"https:\/\/edublog.educastur.es\/ixuxu\/2023\/10\/amaguestu-nel-museu-pepe-el-ferreiru-grandas-de-salime\/","title":{"rendered":"Amag\u00fcestu nel Mus\u00e9u Pepe el Ferreiru (Grandas de Salime)"},"content":{"rendered":"<div class=\"\" dir=\"auto\">\n<div class=\"\" dir=\"auto\">\n<div class=\"x1iorvi4 x1pi30zi x1l90r2v x1swvt13\" data-ad-comet-preview=\"message\" data-ad-preview=\"message\">\n<div class=\"x78zum5 xdt5ytf xz62fqu x16ldp7u\">\n<div class=\"xu06os2 x1ok221b\">\n<p>?Tamos d&#8217;amag\u00fcestu nel Mus\u00e9u Etnogr\u00e1ficu de Grandas de Salime \u00abPepe&#8217;l Ferreiro\u00bb. <span class=\"x3nfvp2 x1j61x8r x1fcty0u xdj266r xhhsvwb xat24cr xgzva0m xxymvpz xlup9mm x1kky2od\"><img loading=\"lazy\" decoding=\"async\" class=\"xz74otr\" src=\"https:\/\/static.xx.fbcdn.net\/images\/emoji.php\/v9\/t15\/1.5\/16\/2139.png\" alt=\"\u2139\ufe0f\" width=\"16\" height=\"16\" \/><\/span> <a class=\"x1i10hfl xjbqb8w x6umtig x1b1mbwd xaqea5y xav7gou x9f619 x1ypdohk xt0psk2 xe8uvvx xdj266r x11i5rnm xat24cr x1mh8g0r xexx8yu x4uap5 x18d9i69 xkhd6sd x16tdsg8 x1hl2dhg xggy1nq x1a2a7pz xt0b8zv x1fey0fg\" role=\"link\" href=\"https:\/\/tinyurl.com\/yqvncsdm?fbclid=IwAR3shbJdK6fKgY-t-SU6ua2Ozj7t2k4ISOHg8M6dO9W1p4zFyc3cURhQ7No\" target=\"_blank\" rel=\"nofollow noopener noreferrer\">https:\/\/tinyurl.com\/yqvncsdm <\/a><span class=\"x3nfvp2 x1j61x8r x1fcty0u xdj266r xhhsvwb xat24cr xgzva0m xxymvpz xlup9mm x1kky2od\"><img loading=\"lazy\" decoding=\"async\" class=\"xz74otr\" src=\"https:\/\/static.xx.fbcdn.net\/images\/emoji.php\/v9\/t37\/1.5\/16\/1f4f8.png\" alt=\"?\" width=\"16\" height=\"16\" \/><\/span> E. L\u00f3pez \/ <a href=\"https:\/\/www.museodegrandas.es\/magosto-en-el-museo-3\/?fbclid=IwAR3shbJdK6fKgY-t-SU6ua2Ozj7t2k4ISOHg8M6dO9W1p4zFyc3cURhQ7No\">Mus\u00e9u de Grandas WEB<\/a> \/ <span style=\"color: #008080\"><a style=\"color: #008080\" href=\"https:\/\/www.facebook.com\/Roberto.de.Grandas\/videos\/315845994514330\">VIDEU de Roberto Naveiras<\/a><\/span><\/p>\n<\/div>\n<\/div>\n<div dir=\"auto\">\n<!-- iframe plugin v.6.0 wordpress.org\/plugins\/iframe\/ -->\n<iframe loading=\"lazy\" src=\"https:\/\/www.facebook.com\/plugins\/post.php?href=https%3A%2F%2Fwww.facebook.com%2Fphoto.php%3Ffbid%3D828896305910235%26set%3Da.444351507698052%26type%3D3&#038;show_text=false&#038;width=500\" width=\"500\" height=\"746\" style=\"border:none;overflow:hidden\" scrolling=\"no\" frameborder=\"0\" allowfullscreen=\"true\" allow=\"autoplay; clipboard-write; encrypted-media; picture-in-picture; web-share\" 0=\"\/iframe\" class=\"iframe-class\"><\/iframe>\n<\/div>\n<\/div>\n<\/div>\n<\/div>\n<p>&nbsp;<\/p>\n","protected":false},"excerpt":{"rendered":"<p>?Tamos d&#8217;amag\u00fcestu nel Mus\u00e9u Etnogr\u00e1ficu de Grandas de Salime \u00abPepe&#8217;l Ferreiro\u00bb. https:\/\/tinyurl.com\/yqvncsdm E. L\u00f3pez \/ Mus\u00e9u de Grandas WEB \/ VIDEU de Roberto Naveiras &nbsp;<\/p>\n","protected":false},"author":117,"featured_media":0,"comment_status":"open","ping_status":"open","sticky":false,"template":"","format":"standard","meta":{"footnotes":""},"categories":[138,21],"tags":[],"class_list":["post-22305","post","type-post","status-publish","format-standard","hentry","category-alimentos","category-fiestes"],"_links":{"self":[{"href":"https:\/\/edublog.educastur.es\/ixuxu\/wp-json\/wp\/v2\/posts\/22305","targetHints":{"allow":["GET"]}}],"collection":[{"href":"https:\/\/edublog.educastur.es\/ixuxu\/wp-json\/wp\/v2\/posts"}],"about":[{"href":"https:\/\/edublog.educastur.es\/ixuxu\/wp-json\/wp\/v2\/types\/post"}],"author":[{"embeddable":true,"href":"https:\/\/edublog.educastur.es\/ixuxu\/wp-json\/wp\/v2\/users\/117"}],"replies":[{"embeddable":true,"href":"https:\/\/edublog.educastur.es\/ixuxu\/wp-json\/wp\/v2\/comments?post=22305"}],"version-history":[{"count":7,"href":"https:\/\/edublog.educastur.es\/ixuxu\/wp-json\/wp\/v2\/posts\/22305\/revisions"}],"predecessor-version":[{"id":22328,"href":"https:\/\/edublog.educastur.es\/ixuxu\/wp-json\/wp\/v2\/posts\/22305\/revisions\/22328"}],"wp:attachment":[{"href":"https:\/\/edublog.educastur.es\/ixuxu\/wp-json\/wp\/v2\/media?parent=22305"}],"wp:term":[{"taxonomy":"category","embeddable":true,"href":"https:\/\/edublog.educastur.es\/ixuxu\/wp-json\/wp\/v2\/categories?post=22305"},{"taxonomy":"post_tag","embeddable":true,"href":"https:\/\/edublog.educastur.es\/ixuxu\/wp-json\/wp\/v2\/tags?post=22305"}],"curies":[{"name":"wp","href":"https:\/\/api.w.org\/{rel}","templated":true}]}}