{"id":22311,"date":"2023-10-20T00:00:36","date_gmt":"2023-10-19T22:00:36","guid":{"rendered":"https:\/\/edublog.educastur.es\/ixuxu\/?p=22311"},"modified":"2023-10-29T21:38:37","modified_gmt":"2023-10-29T19:38:37","slug":"empieza-la-campana-de-la-mazana","status":"publish","type":"post","link":"https:\/\/edublog.educastur.es\/ixuxu\/2023\/10\/empieza-la-campana-de-la-mazana\/","title":{"rendered":"Empieza la campa\u00f1a de la mazana"},"content":{"rendered":"<p>? Empieza la campa\u00f1a de la mazana con bien bones sensaciones. Anque la meteorolox\u00eda y el floriamientu tard\u00edu van influyir na cantid\u00e1 y el tama\u00f1u, seg\u00fan los primeros analises la calid\u00e1 ye bona y los llagares trabayen a estaya. <a href=\"https:\/\/www.facebook.com\/RTPAoficial\/videos\/1055048922154400\">VIDEU RTPA<\/a><\/p>\n<p style=\"text-align: center\">\n<!-- iframe plugin v.6.0 wordpress.org\/plugins\/iframe\/ -->\n<iframe loading=\"lazy\" src=\"https:\/\/www.facebook.com\/plugins\/video.php?height=476&#038;href=https%3A%2F%2Fwww.facebook.com%2FRTPAoficial%2Fvideos%2F1055048922154400%2F&#038;show_text=false&#038;width=476&#038;t=0\" width=\"476\" height=\"476\" style=\"border:none;overflow:hidden\" scrolling=\"no\" frameborder=\"0\" allowfullscreen=\"true\" allow=\"autoplay; clipboard-write; encrypted-media; picture-in-picture; web-share\" 0=\"\/iframe\" class=\"iframe-class\"><\/iframe>\n<\/p>\n<p>#Collecha #Mazana #Asturies #Sidra<\/p>\n<p>&nbsp;<\/p>\n","protected":false},"excerpt":{"rendered":"<p>? Empieza la campa\u00f1a de la mazana con bien bones sensaciones. Anque la meteorolox\u00eda y el floriamientu tard\u00edu van influyir na cantid\u00e1 y el tama\u00f1u, seg\u00fan los primeros analises la calid\u00e1 ye bona y los llagares trabayen a estaya. VIDEU RTPA #Collecha #Mazana #Asturies #Sidra &nbsp;<\/p>\n","protected":false},"author":117,"featured_media":0,"comment_status":"open","ping_status":"open","sticky":false,"template":"","format":"standard","meta":{"footnotes":""},"categories":[138,156],"tags":[],"class_list":["post-22311","post","type-post","status-publish","format-standard","hentry","category-alimentos","category-sidre"],"_links":{"self":[{"href":"https:\/\/edublog.educastur.es\/ixuxu\/wp-json\/wp\/v2\/posts\/22311","targetHints":{"allow":["GET"]}}],"collection":[{"href":"https:\/\/edublog.educastur.es\/ixuxu\/wp-json\/wp\/v2\/posts"}],"about":[{"href":"https:\/\/edublog.educastur.es\/ixuxu\/wp-json\/wp\/v2\/types\/post"}],"author":[{"embeddable":true,"href":"https:\/\/edublog.educastur.es\/ixuxu\/wp-json\/wp\/v2\/users\/117"}],"replies":[{"embeddable":true,"href":"https:\/\/edublog.educastur.es\/ixuxu\/wp-json\/wp\/v2\/comments?post=22311"}],"version-history":[{"count":3,"href":"https:\/\/edublog.educastur.es\/ixuxu\/wp-json\/wp\/v2\/posts\/22311\/revisions"}],"predecessor-version":[{"id":22314,"href":"https:\/\/edublog.educastur.es\/ixuxu\/wp-json\/wp\/v2\/posts\/22311\/revisions\/22314"}],"wp:attachment":[{"href":"https:\/\/edublog.educastur.es\/ixuxu\/wp-json\/wp\/v2\/media?parent=22311"}],"wp:term":[{"taxonomy":"category","embeddable":true,"href":"https:\/\/edublog.educastur.es\/ixuxu\/wp-json\/wp\/v2\/categories?post=22311"},{"taxonomy":"post_tag","embeddable":true,"href":"https:\/\/edublog.educastur.es\/ixuxu\/wp-json\/wp\/v2\/tags?post=22311"}],"curies":[{"name":"wp","href":"https:\/\/api.w.org\/{rel}","templated":true}]}}