{"id":22318,"date":"2023-10-28T10:00:20","date_gmt":"2023-10-28T08:00:20","guid":{"rendered":"https:\/\/edublog.educastur.es\/ixuxu\/?p=22318"},"modified":"2023-10-29T21:46:11","modified_gmt":"2023-10-29T19:46:11","slug":"22318","status":"publish","type":"post","link":"https:\/\/edublog.educastur.es\/ixuxu\/2023\/10\/22318\/","title":{"rendered":"Seis aeroll\u00ednees van operar 28 rutes regulares a 13 aeropuertos nacionales y nueve internacionales"},"content":{"rendered":"<ul>\n<li>I<a href=\"https:\/\/actualidad.asturias.es\/documents\/537115\/1464389\/MAPA+VUELOS+invierno+2023-24.jpg\/a68991d2-61b8-ed3a-f687-1471b7ee30e6?t=1698485655119\">MAXE<\/a> \/<a href=\"https:\/\/actualidad.asturias.es\/-\/asturias-inicia-la-mejor-temporada-de-vuelos-de-invierno-de-su-historia-con-22-destinos-directos-a-ocho-pa%C3%ADses?redirect=%2F%3Ffbclid%3DIwAR2BY0q59P-pwULGan1BUDRU0Hcx-82bLzjReLlIiKvggx29wgzZc6NxFrI\"> Fonte: Actualidad Asturias<\/a><\/li>\n<\/ul>\n<p style=\"text-align: center\"><a href=\"https:\/\/actualidad.asturias.es\/documents\/537115\/1464389\/MAPA+VUELOS+invierno+2023-24.jpg\/a68991d2-61b8-ed3a-f687-1471b7ee30e6?t=1698485655119\"><img loading=\"lazy\" decoding=\"async\" class=\"aligncenter size-full\" src=\"https:\/\/actualidad.asturias.es\/documents\/537115\/1464389\/MAPA+VUELOS+invierno+2023-24.jpg\/a68991d2-61b8-ed3a-f687-1471b7ee30e6?t=1698485655119\" width=\"4000\" height=\"2250\" \/><\/a><\/p>\n<p>Seis aeroll\u00ednees van operar 28 rutes regulares a 13 aeropuertos nacionales y nueve internacionales a partir de g\u00fcei<\/p>\n<p>El programa de promoci\u00f3n d&#8217;Asturies al travi\u00e9s de la so conectividad a\u00e9rea va dexar que la comunid\u00e1 cunte na temporada d&#8217;iviernu, que s&#8217;empecipia ma\u00f1ana, cola ufierta de destinos directos m\u00e1s amplia de la so hestoria. <strong>Dende&#8217;l 29 d&#8217;ochobre al 30 de marzu, seis aeroll\u00ednees van operar 28 rutes regulares directes a 22 destinos, 13 nacionales y nueve internacionales, dende la terminal asturiana.<\/strong><\/p>\n<p><!--more--><\/p>\n<p>La cartelera de destinos directos suma, respectu al a\u00f1u pas\u00e1u, los enllaces internacionales de Volotea con Lisboa y Mil\u00e1n-B\u00e9rgamo, que van operar tr\u00e9s vegaes a la selmana, seg\u00fan les conexones de l&#8217;aeroll\u00ednea de baxu costu con Granada y Barcelona y la ruta con Fuerteventura mientres el periodu navidiegu.<\/p>\n<p>D&#8217;esta miente, consol\u00eddase tami\u00e9n pel hibiernu, la mayor ufierta de vuelos internacionales na hestoria del aeropuertu asturianu, con nueve destinos a siete pa\u00edses, lo que va reforzar l&#8217;apueste pola conectividad internacional realizada&#8217;l pas\u00e1u branu y que facilit\u00f3 l&#8217;impulsu del turismu internacional na nuesa rex\u00f3n. Nesti sent\u00edu, la ufierta qu&#8217;entra en marcha ma\u00f1ana va dexar avanzar na desestacionalizaci\u00f3n al empar que se va ameyorar la *conectividad global de la rex\u00f3n.<\/p>\n","protected":false},"excerpt":{"rendered":"<p>IMAXE \/ Fonte: Actualidad Asturias Seis aeroll\u00ednees van operar 28 rutes regulares a 13 aeropuertos nacionales y nueve internacionales a partir de g\u00fcei El programa de promoci\u00f3n d&#8217;Asturies al travi\u00e9s de la so conectividad a\u00e9rea va dexar que la comunid\u00e1 cunte na temporada d&#8217;iviernu, que s&#8217;empecipia ma\u00f1ana, cola ufierta de destinos directos m\u00e1s amplia de [&hellip;]<\/p>\n","protected":false},"author":117,"featured_media":0,"comment_status":"open","ping_status":"open","sticky":false,"template":"","format":"standard","meta":{"footnotes":""},"categories":[232],"tags":[],"class_list":["post-22318","post","type-post","status-publish","format-standard","hentry","category-tresportes"],"_links":{"self":[{"href":"https:\/\/edublog.educastur.es\/ixuxu\/wp-json\/wp\/v2\/posts\/22318","targetHints":{"allow":["GET"]}}],"collection":[{"href":"https:\/\/edublog.educastur.es\/ixuxu\/wp-json\/wp\/v2\/posts"}],"about":[{"href":"https:\/\/edublog.educastur.es\/ixuxu\/wp-json\/wp\/v2\/types\/post"}],"author":[{"embeddable":true,"href":"https:\/\/edublog.educastur.es\/ixuxu\/wp-json\/wp\/v2\/users\/117"}],"replies":[{"embeddable":true,"href":"https:\/\/edublog.educastur.es\/ixuxu\/wp-json\/wp\/v2\/comments?post=22318"}],"version-history":[{"count":2,"href":"https:\/\/edublog.educastur.es\/ixuxu\/wp-json\/wp\/v2\/posts\/22318\/revisions"}],"predecessor-version":[{"id":22320,"href":"https:\/\/edublog.educastur.es\/ixuxu\/wp-json\/wp\/v2\/posts\/22318\/revisions\/22320"}],"wp:attachment":[{"href":"https:\/\/edublog.educastur.es\/ixuxu\/wp-json\/wp\/v2\/media?parent=22318"}],"wp:term":[{"taxonomy":"category","embeddable":true,"href":"https:\/\/edublog.educastur.es\/ixuxu\/wp-json\/wp\/v2\/categories?post=22318"},{"taxonomy":"post_tag","embeddable":true,"href":"https:\/\/edublog.educastur.es\/ixuxu\/wp-json\/wp\/v2\/tags?post=22318"}],"curies":[{"name":"wp","href":"https:\/\/api.w.org\/{rel}","templated":true}]}}