{"id":2255,"date":"2020-12-22T12:00:26","date_gmt":"2020-12-22T10:00:26","guid":{"rendered":"https:\/\/edublog.educastur.es\/ixuxu\/?p=2255"},"modified":"2020-12-27T20:58:19","modified_gmt":"2020-12-27T18:58:19","slug":"layalga-de-la-cueval-cuelebre-celebre","status":"publish","type":"post","link":"https:\/\/edublog.educastur.es\/ixuxu\/2020\/12\/layalga-de-la-cueval-cuelebre-celebre\/","title":{"rendered":"L&#8217;ayalga de la cueva&#8217;l Cu\u00e9lebre C\u00e9lebre."},"content":{"rendered":"<ul>\n<li style=\"text-align: center\"><span style=\"font-size: 20px\">Fonte: <a href=\"https:\/\/elxanulcaborniu.blogspot.com\/\"><em>Blogue deLluis de Turiellos<\/em><\/a><\/span><\/li>\n<li style=\"text-align: center\"><strong><em><a href=\"https:\/\/elxanulcaborniu.blogspot.com\/\"><span style=\"font-size: 20px\">El Xanu\u2019l Caborniu<\/span> <\/a><\/em><\/strong><\/li>\n<li><a href=\"https:\/\/elxanulcaborniu.blogspot.com\/2009\/05\/layalga-de-la-cueval-cuelebre-celebre.html?spref=fb&amp;fbclid=IwAR0rxuLpioOZn17Vt4WjxecjkGkdF8dq4ou3Tu3nfSQ4Cgb7vMmuIVuheKQ\">Ver art\u00edculu: <\/a><a href=\"https:\/\/elxanulcaborniu.blogspot.com\/2009\/05\/layalga-de-la-cueval-cuelebre-celebre.html?spref=fb&amp;fbclid=IwAR0rxuLpioOZn17Vt4WjxecjkGkdF8dq4ou3Tu3nfSQ4Cgb7vMmuIVuheKQ\"><em><strong>L&#8217;ayalga de la cueva&#8217;l Cu\u00e9lebre C\u00e9lebre. <\/strong><\/em><\/a><\/li>\n<\/ul>\n<p><a href=\"https:\/\/3.bp.blogspot.com\/_7iTHqZ2tkmw\/SQ1__UDKOJI\/AAAAAAAAATA\/-v4s4652GWk\/s1600\/cueva.jpg\"><img loading=\"lazy\" decoding=\"async\" class=\"alignnone\" src=\"https:\/\/3.bp.blogspot.com\/_7iTHqZ2tkmw\/SQ1__UDKOJI\/AAAAAAAAATA\/-v4s4652GWk\/s1600\/cueva.jpg\" alt=\"\" width=\"250\" height=\"169\" \/><\/a><\/p>\n<p>A unos diez minutos d&#8217;onde vivo at\u00f3pase la cueva&#8217;l Cu\u00e9lebre C\u00e9lebre. Seg\u00fan una lleenda del llugar ell\u00ed viv\u00eda un cu\u00e9lebre gafu qu&#8217;amedranaba a los vecinos hasta qu&#8217;un d\u00eda mat\u00e1renlu d\u00e1ndo-y pa comer un boro\u00f1u pre\u00f1\u00e1u d&#8217;anfileres.<\/p>\n<div>Pero yo conoc\u00edlu y la cosa nun foi asina. El cu\u00e9lebre enxam\u00e1s saliere de la so cueva, pues ten\u00eda encamentao que naide nun escaciplare nella porque ocultaba una ayalga pervaliosa de los asturianos. Y asina lo fixo hasta qu&#8217;un d\u00eda, y\u00e1 mui vieyu, decidi\u00f3 retirase a descansar al olimpu de los mitos.<\/div>\n<div>\n<p><!--more--><\/p>\n<\/div>\n<div>Siempre tuvi yo curiosid\u00e1 por conocer esa ayalga que naide nunca consiguiere descubrir, asina que tando un d\u00eda charrando con Xuan Mo\u00f1iz d&#8217;Amb\u00e1s y con Sidru&#8217;l Guirriu decidimos dir a buscar a un ayalgueru mui famosu de Tin\u00e9u pa ver si nos pod\u00eda asesorar nel tema. Entam\u00f3 a rebuscar per unos cartafueyos vieyos y apurri\u00f3nos un dibuxu de la cueva col sitiu onde se suponia que taba l&#8217;ayalga.<\/div>\n<div><\/div>\n<div>Empobinemos paciall\u00e1 y empecipiemos a percorrela seg\u00fan les instrucciones de la gaceta que llev\u00e1bamos. Nun requexu hab\u00eda un pasadizu estrechu. Como yo yera&#8217;l m\u00e1s \u00f1arru y menudu de los tres met\u00edme gatiando per \u00e9l hasta que llegu\u00e9 a una especie de fornicu onde atop\u00e9 una caxa.<\/div>\n<div>Saqu\u00e9la d&#8217;ell\u00ed y a la lluz de los candiles que llev\u00e1bamos vimos que yera de texu ferrada con abarcones y clavos. Abr\u00edmosla y nel so interior hab\u00eda un pergam\u00edn enroll\u00e1u. Garr\u00f3lu Xuan, desendolc\u00f3lu y lle\u00f3 unos versos que me sonaben enforma de sentilos siendo un xanu rapac\u00edn:<\/div>\n<div><\/div>\n<div><strong><em>\u00abCuando examen les abeyes<\/em><\/strong><\/div>\n<div><strong><em>y posen de flor en flor<\/em><\/strong><\/div>\n<div><strong><em>si les escorren s&#8217;espanten<\/em><\/strong><\/div>\n<div><strong><em>vanse y non facen llabor&#8230;<\/em><\/strong><\/div>\n<div>&#8230;&#8230;&#8230;&#8230;&#8230;&#8230;&#8230;&#8230;&#8230;&#8230;&#8230;&#8230;&#8230;&#8230;\u00bb<\/div>\n<div><\/div>\n<div>Sidru&#8217;l Guirriu tami\u00e9n reconociere aquellos versos y Xuan Mo\u00f1iz d&#8217;Amb\u00e1s lloraba como un cr\u00edu porque yeren d&#8217;un antepas\u00e1u de so natural del conceyu de Carre\u00f1o.<\/div>\n<div>Decidimos aquel d\u00eda que l&#8217;ayalga de la cueva&#8217;l Cu\u00e9lebre C\u00e9lebre debiere pervivir a lo llargo de los sieglos nel so abellugu y dar anuncia a tolos nuberos, cu\u00e9lebres, xanes, busgosos y dem\u00e1s xermand\u00eda del olimpu de los mitos pa que tuvieren siempre sollertes col env\u00eds de que neng\u00fan lladr\u00f3n nin mangu\u00e1n pudiere nunca enxam\u00e1s esfarrapar esti tesoru de tolos asturianos.<\/div>\n<div><\/div>\n<div>\n<!-- iframe plugin v.6.0 wordpress.org\/plugins\/iframe\/ -->\n<iframe loading=\"lazy\" width=\"588\" height=\"331\" src=\"https:\/\/www.youtube.com\/embed\/ZjZlpmJg8so\" scrolling=\"yes\" class=\"iframe-class\" frameborder=\"0\"><\/iframe>\n<\/div>\n<div>\n<div class=\"separator\"><\/div>\n<\/div>\n<div><\/div>\n","protected":false},"excerpt":{"rendered":"<p>Fonte: Blogue deLluis de Turiellos El Xanu\u2019l Caborniu Ver art\u00edculu: L&#8217;ayalga de la cueva&#8217;l Cu\u00e9lebre C\u00e9lebre. A unos diez minutos d&#8217;onde vivo at\u00f3pase la cueva&#8217;l Cu\u00e9lebre C\u00e9lebre. Seg\u00fan una lleenda del llugar ell\u00ed viv\u00eda un cu\u00e9lebre gafu qu&#8217;amedranaba a los vecinos hasta qu&#8217;un d\u00eda mat\u00e1renlu d\u00e1ndo-y pa comer un boro\u00f1u pre\u00f1\u00e1u d&#8217;anfileres. Pero yo conoc\u00edlu [&hellip;]<\/p>\n","protected":false},"author":117,"featured_media":0,"comment_status":"closed","ping_status":"open","sticky":false,"template":"","format":"standard","meta":{"footnotes":""},"categories":[1],"tags":[],"class_list":["post-2255","post","type-post","status-publish","format-standard","hentry","category-sin-categoria"],"_links":{"self":[{"href":"https:\/\/edublog.educastur.es\/ixuxu\/wp-json\/wp\/v2\/posts\/2255","targetHints":{"allow":["GET"]}}],"collection":[{"href":"https:\/\/edublog.educastur.es\/ixuxu\/wp-json\/wp\/v2\/posts"}],"about":[{"href":"https:\/\/edublog.educastur.es\/ixuxu\/wp-json\/wp\/v2\/types\/post"}],"author":[{"embeddable":true,"href":"https:\/\/edublog.educastur.es\/ixuxu\/wp-json\/wp\/v2\/users\/117"}],"replies":[{"embeddable":true,"href":"https:\/\/edublog.educastur.es\/ixuxu\/wp-json\/wp\/v2\/comments?post=2255"}],"version-history":[{"count":4,"href":"https:\/\/edublog.educastur.es\/ixuxu\/wp-json\/wp\/v2\/posts\/2255\/revisions"}],"predecessor-version":[{"id":2259,"href":"https:\/\/edublog.educastur.es\/ixuxu\/wp-json\/wp\/v2\/posts\/2255\/revisions\/2259"}],"wp:attachment":[{"href":"https:\/\/edublog.educastur.es\/ixuxu\/wp-json\/wp\/v2\/media?parent=2255"}],"wp:term":[{"taxonomy":"category","embeddable":true,"href":"https:\/\/edublog.educastur.es\/ixuxu\/wp-json\/wp\/v2\/categories?post=2255"},{"taxonomy":"post_tag","embeddable":true,"href":"https:\/\/edublog.educastur.es\/ixuxu\/wp-json\/wp\/v2\/tags?post=2255"}],"curies":[{"name":"wp","href":"https:\/\/api.w.org\/{rel}","templated":true}]}}