{"id":23289,"date":"2023-12-23T20:01:47","date_gmt":"2023-12-23T18:01:47","guid":{"rendered":"https:\/\/edublog.educastur.es\/ixuxu\/?p=23289"},"modified":"2023-12-23T21:56:52","modified_gmt":"2023-12-23T19:56:52","slug":"que-dicia-lilustrau-gaspar-melchor-de-xovellanos-sobre-lasturianu","status":"publish","type":"post","link":"https:\/\/edublog.educastur.es\/ixuxu\/2023\/12\/que-dicia-lilustrau-gaspar-melchor-de-xovellanos-sobre-lasturianu\/","title":{"rendered":"\u00bfQu\u00e9 dic\u00eda l\u2019ilustr\u00e1u Gaspar Melchor de Xovellanos sobre l\u2019#asturianu?"},"content":{"rendered":"<div class=\"\" dir=\"auto\">\n<div class=\"\" dir=\"auto\">\n<div class=\"x1iorvi4 x1pi30zi x1l90r2v x1swvt13\" data-ad-comet-preview=\"message\" data-ad-preview=\"message\">\n<div class=\"x78zum5 xdt5ytf xz62fqu x16ldp7u\">\n<div class=\"xu06os2 x1ok221b\">\n<div class=\"xdj266r x11i5rnm xat24cr x1mh8g0r x1vvkbs x126k92a\">\n<div dir=\"auto\">\u00bfQu\u00e9 dic\u00eda l\u2019ilustr\u00e1u Gaspar Melchor de Xovellanos sobre l\u2019<a class=\"x1i10hfl xjbqb8w x6umtig x1b1mbwd xaqea5y xav7gou x9f619 x1ypdohk xt0psk2 xe8uvvx xdj266r x11i5rnm xat24cr x1mh8g0r xexx8yu x4uap5 x18d9i69 xkhd6sd x16tdsg8 x1hl2dhg xggy1nq x1a2a7pz xt0b8zv x1qq9wsj xo1l8bm\" role=\"link\" href=\"https:\/\/www.facebook.com\/hashtag\/asturianu?__eep__=6&amp;__cft__[0]=AZWchVgaudlQFC8sbnIGK6cIkCLZ4Z_cofD_vI2ZtfmlTO0ie-04jU0Jqf81O1O4lE30EGgYKFmIZeSluG4GTPF2zXuiPV0n8-vcO6Q2rafYMiFP1auRxqPQ6ZzyhWD6elot0NuKxj-uYloFjLzxFnxgq3uOM_hOJOAWmk0Tv5IKfeCp0psWp2erMm6iXMLyyf5HoaBOgjZYGAQ8Hu3WPJ8d&amp;__tn__=*NK-y-R\">#asturianu<\/a>?<\/div>\n<\/div>\n<div class=\"x11i5rnm xat24cr x1mh8g0r x1vvkbs xtlvy1s x126k92a\">\n<div dir=\"auto\"><span style=\"color: #008080\">1. Que yera la llingua viva del pueblu asturianu.<\/span><\/div>\n<\/div>\n<div class=\"x11i5rnm xat24cr x1mh8g0r x1vvkbs xtlvy1s x126k92a\">\n<div dir=\"auto\"><span style=\"color: #008080\">2. Que yera la so llingua familiar y que la conoc\u00eda y la usaba perfectamente.<\/span><\/div>\n<\/div>\n<div class=\"x11i5rnm xat24cr x1mh8g0r x1vvkbs xtlvy1s x126k92a\">\n<div dir=\"auto\"><span class=\"x3nfvp2 x1j61x8r x1fcty0u xdj266r xhhsvwb xat24cr xgzva0m xxymvpz xlup9mm x1kky2od\"><img loading=\"lazy\" decoding=\"async\" class=\"xz74otr\" src=\"https:\/\/static.xx.fbcdn.net\/images\/emoji.php\/v9\/t8d\/1\/16\/2699.png\" alt=\"\u2699\ufe0f\" width=\"16\" height=\"16\" \/><\/span> Am\u00e1s, promovi\u00f3 la creaci\u00f3n d\u2019una Academia de la Llingua Asturiana, el diccionariu, la gram\u00e1tica\u2026 y dex\u00f3nos cartes escrites n\u2019asturianu.<\/div>\n<\/div>\n<div class=\"x11i5rnm xat24cr x1mh8g0r x1vvkbs xtlvy1s x126k92a\">\n<div dir=\"auto\"><span class=\"x3nfvp2 x1j61x8r x1fcty0u xdj266r xhhsvwb xat24cr xgzva0m xxymvpz xlup9mm x1kky2od\"><img loading=\"lazy\" decoding=\"async\" class=\"xz74otr\" src=\"https:\/\/static.xx.fbcdn.net\/images\/emoji.php\/v9\/tfb\/1\/16\/1f5e3.png\" alt=\"?\ufe0f\" width=\"16\" height=\"16\" \/><\/span> Equ\u00ed dexo delles de les sos pallabres sobre l\u2019idioma. <span class=\"x3nfvp2 x1j61x8r x1fcty0u xdj266r xhhsvwb xat24cr xgzva0m xxymvpz xlup9mm x1kky2od\"><img loading=\"lazy\" decoding=\"async\" class=\"xz74otr\" src=\"https:\/\/static.xx.fbcdn.net\/images\/emoji.php\/v9\/t92\/1\/16\/2935.png\" alt=\"\u2935\ufe0f\" width=\"16\" height=\"16\" \/><\/span><\/div>\n<\/div>\n<ul>\n<li dir=\"auto\">Fonte: <a href=\"https:\/\/www.facebook.com\/Inaciugalan\">Inaciu Gal\u00e1n<\/a> \/<a href=\"https:\/\/www.facebook.com\/photo.php?fbid=10231817399283156&amp;set=p.10231817399283156&amp;type=3\"> imaxe<\/a><\/li>\n<\/ul>\n<p style=\"text-align: center\">\n<!-- iframe plugin v.6.0 wordpress.org\/plugins\/iframe\/ -->\n<iframe loading=\"lazy\" src=\"https:\/\/www.facebook.com\/plugins\/post.php?href=https%3A%2F%2Fwww.facebook.com%2Fphoto.php%3Ffbid%3D10231817399283156%26set%3Dp.10231817399283156%26type%3D3&#038;show_text=false&#038;width=500\" width=\"500\" height=\"497\" style=\"border:none;overflow:hidden\" scrolling=\"no\" frameborder=\"0\" allowfullscreen=\"true\" allow=\"autoplay; clipboard-write; encrypted-media; picture-in-picture; web-share\" 0=\"\/iframe\" class=\"iframe-class\"><\/iframe>\n<\/p>\n<\/div>\n<\/div>\n<\/div>\n<\/div>\n<\/div>\n","protected":false},"excerpt":{"rendered":"<p>\u00bfQu\u00e9 dic\u00eda l\u2019ilustr\u00e1u Gaspar Melchor de Xovellanos sobre l\u2019#asturianu? 1. Que yera la llingua viva del pueblu asturianu. 2. Que yera la so llingua familiar y que la conoc\u00eda y la usaba perfectamente. Am\u00e1s, promovi\u00f3 la creaci\u00f3n d\u2019una Academia de la Llingua Asturiana, el diccionariu, la gram\u00e1tica\u2026 y dex\u00f3nos cartes escrites n\u2019asturianu. Equ\u00ed dexo delles [&hellip;]<\/p>\n","protected":false},"author":117,"featured_media":0,"comment_status":"open","ping_status":"open","sticky":false,"template":"","format":"standard","meta":{"footnotes":""},"categories":[322],"tags":[],"class_list":["post-23289","post","type-post","status-publish","format-standard","hentry","category-inaciu-galan"],"_links":{"self":[{"href":"https:\/\/edublog.educastur.es\/ixuxu\/wp-json\/wp\/v2\/posts\/23289","targetHints":{"allow":["GET"]}}],"collection":[{"href":"https:\/\/edublog.educastur.es\/ixuxu\/wp-json\/wp\/v2\/posts"}],"about":[{"href":"https:\/\/edublog.educastur.es\/ixuxu\/wp-json\/wp\/v2\/types\/post"}],"author":[{"embeddable":true,"href":"https:\/\/edublog.educastur.es\/ixuxu\/wp-json\/wp\/v2\/users\/117"}],"replies":[{"embeddable":true,"href":"https:\/\/edublog.educastur.es\/ixuxu\/wp-json\/wp\/v2\/comments?post=23289"}],"version-history":[{"count":4,"href":"https:\/\/edublog.educastur.es\/ixuxu\/wp-json\/wp\/v2\/posts\/23289\/revisions"}],"predecessor-version":[{"id":23365,"href":"https:\/\/edublog.educastur.es\/ixuxu\/wp-json\/wp\/v2\/posts\/23289\/revisions\/23365"}],"wp:attachment":[{"href":"https:\/\/edublog.educastur.es\/ixuxu\/wp-json\/wp\/v2\/media?parent=23289"}],"wp:term":[{"taxonomy":"category","embeddable":true,"href":"https:\/\/edublog.educastur.es\/ixuxu\/wp-json\/wp\/v2\/categories?post=23289"},{"taxonomy":"post_tag","embeddable":true,"href":"https:\/\/edublog.educastur.es\/ixuxu\/wp-json\/wp\/v2\/tags?post=23289"}],"curies":[{"name":"wp","href":"https:\/\/api.w.org\/{rel}","templated":true}]}}