{"id":23448,"date":"2024-01-05T14:22:38","date_gmt":"2024-01-05T12:22:38","guid":{"rendered":"https:\/\/edublog.educastur.es\/ixuxu\/?p=23448"},"modified":"2024-01-05T14:24:49","modified_gmt":"2024-01-05T12:24:49","slug":"23448","status":"publish","type":"post","link":"https:\/\/edublog.educastur.es\/ixuxu\/2024\/01\/23448\/","title":{"rendered":"Edici\u00f3n n&#8217;asturianu de \u00abLa mochila de Valeria\u00bb, alumna del nuesu colexu"},"content":{"rendered":"<p style=\"text-align: center\"><a href=\"https:\/\/pintarpintareditorial.files.wordpress.com\/2024\/01\/cubierta-ast.jpg?w=2048\"><img loading=\"lazy\" decoding=\"async\" class=\"aligncenter size-full\" src=\"https:\/\/pintarpintareditorial.files.wordpress.com\/2024\/01\/cubierta-ast.jpg?w=2048\" width=\"2048\" height=\"1326\" \/><\/a><\/p>\n<p>Una hestoria conmovedora y llenu de llecciones de valent\u00eda y esperanza. Narrar les esperiencies de persones que llucharon contra enfermedaes graves, como&#8217;l c\u00e1ncer, insp\u00edranos y ayuda a concencianos sobro la importancia de la donaci\u00f3n de migollu y l&#8217;investigaci\u00f3n m\u00e9dica. Y\u00e1 puedes acutar el to exemplar na <a href=\"https:\/\/asociaciongalban.org\/\" target=\"_blank\" rel=\"noreferrer noopener\">Asociaci\u00f3n de Familias con C\u00e1ncer del Principado de Asturias \u2013 Galb\u00e1n <\/a><\/p>\n<ul>\n<li><a href=\"https:\/\/pintarpintareditorial.blog\/2024\/01\/04\/nueva-edicion-de-la-mochila-de-valeria-en-asturiano\/?fbclid=IwAR2oo7UJv81EZkLSWzOh_EnBANEmEmYE6CD65GORqOxRyCOZXhVv898HfmQ\">Ficha Pintar-Pintar<\/a> \/<\/li>\n<\/ul>\n<p>Mar\u00eda Luisa Otero Vega foi la encargada de traducir al asturianu y de nuevu, dende Pintar-Pintar, collaboremos nel so procesu d&#8217;edici\u00f3n.<\/p>\n<p>&nbsp;<\/p>\n<p><!--more--><a href=\"https:\/\/pintarpintareditorial.files.wordpress.com\/2024\/01\/40b52616-84f2-4e9c-99c3-6bf37a3fc22c_16-9-discover-aspect-ratio_default_0.jpg\"><img loading=\"lazy\" decoding=\"async\" class=\"aligncenter size-full\" src=\"https:\/\/pintarpintareditorial.files.wordpress.com\/2024\/01\/40b52616-84f2-4e9c-99c3-6bf37a3fc22c_16-9-discover-aspect-ratio_default_0.jpg\" width=\"1200\" height=\"675\" \/><\/a><\/p>\n","protected":false},"excerpt":{"rendered":"<p>Una hestoria conmovedora y llenu de llecciones de valent\u00eda y esperanza. Narrar les esperiencies de persones que llucharon contra enfermedaes graves, como&#8217;l c\u00e1ncer, insp\u00edranos y ayuda a concencianos sobro la importancia de la donaci\u00f3n de migollu y l&#8217;investigaci\u00f3n m\u00e9dica. Y\u00e1 puedes acutar el to exemplar na Asociaci\u00f3n de Familias con C\u00e1ncer del Principado de Asturias [&hellip;]<\/p>\n","protected":false},"author":117,"featured_media":0,"comment_status":"open","ping_status":"open","sticky":false,"template":"","format":"standard","meta":{"footnotes":""},"categories":[10,40],"tags":[],"class_list":["post-23448","post","type-post","status-publish","format-standard","hentry","category-llibros-reciella","category-pintar-pintar"],"_links":{"self":[{"href":"https:\/\/edublog.educastur.es\/ixuxu\/wp-json\/wp\/v2\/posts\/23448","targetHints":{"allow":["GET"]}}],"collection":[{"href":"https:\/\/edublog.educastur.es\/ixuxu\/wp-json\/wp\/v2\/posts"}],"about":[{"href":"https:\/\/edublog.educastur.es\/ixuxu\/wp-json\/wp\/v2\/types\/post"}],"author":[{"embeddable":true,"href":"https:\/\/edublog.educastur.es\/ixuxu\/wp-json\/wp\/v2\/users\/117"}],"replies":[{"embeddable":true,"href":"https:\/\/edublog.educastur.es\/ixuxu\/wp-json\/wp\/v2\/comments?post=23448"}],"version-history":[{"count":5,"href":"https:\/\/edublog.educastur.es\/ixuxu\/wp-json\/wp\/v2\/posts\/23448\/revisions"}],"predecessor-version":[{"id":23453,"href":"https:\/\/edublog.educastur.es\/ixuxu\/wp-json\/wp\/v2\/posts\/23448\/revisions\/23453"}],"wp:attachment":[{"href":"https:\/\/edublog.educastur.es\/ixuxu\/wp-json\/wp\/v2\/media?parent=23448"}],"wp:term":[{"taxonomy":"category","embeddable":true,"href":"https:\/\/edublog.educastur.es\/ixuxu\/wp-json\/wp\/v2\/categories?post=23448"},{"taxonomy":"post_tag","embeddable":true,"href":"https:\/\/edublog.educastur.es\/ixuxu\/wp-json\/wp\/v2\/tags?post=23448"}],"curies":[{"name":"wp","href":"https:\/\/api.w.org\/{rel}","templated":true}]}}