{"id":23485,"date":"2024-01-06T20:00:22","date_gmt":"2024-01-06T18:00:22","guid":{"rendered":"https:\/\/edublog.educastur.es\/ixuxu\/?p=23485"},"modified":"2024-01-09T10:29:17","modified_gmt":"2024-01-09T08:29:17","slug":"el-dia-7-en-valdesoto-sidros-y-comedia","status":"publish","type":"post","link":"https:\/\/edublog.educastur.es\/ixuxu\/2024\/01\/el-dia-7-en-valdesoto-sidros-y-comedia\/","title":{"rendered":"El d\u00eda 7 en Valdesoto, Sidros y comedia"},"content":{"rendered":"<p style=\"text-align: center\">\n<!-- iframe plugin v.6.0 wordpress.org\/plugins\/iframe\/ -->\n<iframe loading=\"lazy\" src=\"https:\/\/www.facebook.com\/plugins\/post.php?href=https%3A%2F%2Fwww.facebook.com%2Fphoto.php%3Ffbid%3D10232044749891406%26set%3Da.10201273024297498%26type%3D3&#038;show_text=true&#038;width=500\" width=\"500\" height=\"250\" style=\"border:none;overflow:hidden\" scrolling=\"no\" frameborder=\"0\" allowfullscreen=\"true\" allow=\"autoplay; clipboard-write; encrypted-media; picture-in-picture; web-share\" 0=\"\/iframe\" class=\"iframe-class\"><\/iframe>\n<\/p>\n<ul>\n<li>Fonte:<a href=\"https:\/\/eltapin.com\/noticia\/15580\/gran-domingo-de-sidros-y-comedies-en-valdesoto?fbclid=IwAR1fm-oJS0lxA6RgXnNHUatKLXDb78-OV7YcY970qfNzgzU2fmt2CxfvnsU\"> El Tap\u00edn<\/a> ver semeyes \/ <a class=\"x1i10hfl xjbqb8w x6umtig x1b1mbwd xaqea5y xav7gou x9f619 x1ypdohk xt0psk2 xe8uvvx xdj266r x11i5rnm xat24cr x1mh8g0r xexx8yu x4uap5 x18d9i69 xkhd6sd x16tdsg8 x1hl2dhg xggy1nq x1a2a7pz xt0b8zv xzsf02u x1s688f\" role=\"link\" href=\"https:\/\/www.facebook.com\/SidrosyComedies?__cft__[0]=AZVgVt4tiVCANO-XMGxIkBebsyu89MiW-kMINh43UB9poGhavLbQJHjH-fJEVai2kx_Vl0X7-II0OG2iQNWe_6GRCokQWrsftCd93g6hWJJWPoH0FTrNLa95iLW3613MK1H6SJLtaKlJL9R3eYHk3UwKH3s5S0KVxZeJoDJCsub2inKU6Vqy00ag25q_6cJnY-ywZ2VIFmiuVwTsSAXduOBr&amp;__tn__=-UC%2CP-y-R\"><strong>SidrosyComedies<\/strong><\/a><br \/>\n\/ <a href=\"https:\/\/www.facebook.com\/profile.php?id=1528803016&amp;__cft__[0]=AZV34ALcc33n1GL5DJMQEbmF6E4b3M9v8LRC9bKkckZyaO2LpN5wS_6-vf3pCp7sbvGvEAi3vI30pzoHLZDMEKsxsWiBMnoKgJd0i0E6xILpZxscjlqM7f5yiuyPKhj331Jec0rUzg4onrKMfDbBSeHOy7AGSIuIopP4ViBuYF0d8ZOs5W4u_NsGZy-JcTyuJYkbUoZPLzIKBYsi2LtwUCyg&amp;__tn__=-UC*F\">X.A. Amb\u00e1s<\/a><\/li>\n<\/ul>\n<p><!--more--><\/p>\n<p style=\"text-align: center\">\n<!-- iframe plugin v.6.0 wordpress.org\/plugins\/iframe\/ -->\n<iframe loading=\"lazy\" src=\"https:\/\/www.facebook.com\/plugins\/post.php?href=https%3A%2F%2Fwww.facebook.com%2Fphoto.php%3Ffbid%3D706149131618097%26set%3Da.520470680185944%26type%3D3&#038;show_text=false&#038;width=500\" width=\"500\" height=\"645\" style=\"border:none;overflow:hidden\" scrolling=\"no\" frameborder=\"0\" allowfullscreen=\"true\" allow=\"autoplay; clipboard-write; encrypted-media; picture-in-picture; web-share\" 0=\"\/iframe\" class=\"iframe-class\"><\/iframe>\n<\/p>\n<p><a href=\"https:\/\/www.facebook.com\/R.IbericaMascara\">https:\/\/www.facebook.com\/R.IbericaMascara<\/a><\/p>\n<p style=\"text-align: center\">\n<!-- iframe plugin v.6.0 wordpress.org\/plugins\/iframe\/ -->\n<iframe loading=\"lazy\" src=\"https:\/\/www.facebook.com\/plugins\/post.php?href=https%3A%2F%2Fwww.facebook.com%2FSidrosyComedies%2Fposts%2Fpfbid0oia2piVUEa4C5MsyEePvTw9E7aJRg7948Chqm2oEBoy9eFJDcgsKmnmQVWvQNmpKl&#038;show_text=false&#038;width=500\" width=\"500\" height=\"267\" style=\"border:none;overflow:hidden\" scrolling=\"no\" frameborder=\"0\" allowfullscreen=\"true\" allow=\"autoplay; clipboard-write; encrypted-media; picture-in-picture; web-share\" 0=\"\/iframe\" class=\"iframe-class\"><\/iframe>\n<\/p>\n<div dir=\"auto\">Ya pas\u00f3 otru Domingu de Sidros y Comedies. Van 19 a\u00f1os desde que recuperamos esta manifestaci\u00f3n cultural, que foi declarada BIC nel 2019 y angua\u00f1u podemos dicir que goza de bona sal\u00fa.<\/div>\n<div dir=\"auto\"><\/div>\n<div dir=\"auto\">Y ye&#8217;l momentu de los agradecimientos.\u00a0En primer llugar a los<strong> Escolinos de Faes<\/strong> y al autor de la so comedia \u00abPASTOS DE PAZ\u00bb, Pergentino Martinez.<\/div>\n<div dir=\"auto\">Gracies a los m\u00e1s xovenes de la Asociaci\u00f3n y a la autora de la so comedia \u00abVALDESOTO YE REAL\u00bb, Fani Moro. La implicaci\u00f3n de est@s rapaz@s ye total.<\/div>\n<div dir=\"auto\"><\/div>\n<div dir=\"auto\">Por \u00faltimo, el agradecimientu de nueso a los veteranos y al autor de la so comedia \u00ab\u00bfDE QUE FACEMOS COMEDIA\u00bb?, Jos\u00e9 Ram\u00f3n Oliva.<\/div>\n<div dir=\"auto\"><\/div>\n<div dir=\"auto\">Los Sidros esti a\u00f1u madrugaron pa pedir el aguinaldu y anunciar que yera el Domingu de <a class=\"x1i10hfl xjbqb8w x6umtig x1b1mbwd xaqea5y xav7gou x9f619 x1ypdohk xt0psk2 xe8uvvx xdj266r x11i5rnm xat24cr x1mh8g0r xexx8yu x4uap5 x18d9i69 xkhd6sd x16tdsg8 x1hl2dhg xggy1nq x1a2a7pz xt0b8zv x1qq9wsj xo1l8bm\" role=\"link\" href=\"https:\/\/www.facebook.com\/SidrosyComedies?__cft__[0]=AZVgVt4tiVCANO-XMGxIkBebsyu89MiW-kMINh43UB9poGhavLbQJHjH-fJEVai2kx_Vl0X7-II0OG2iQNWe_6GRCokQWrsftCd93g6hWJJWPoH0FTrNLa95iLW3613MK1H6SJLtaKlJL9R3eYHk3UwKH3s5S0KVxZeJoDJCsub2inKU6Vqy00ag25q_6cJnY-ywZ2VIFmiuVwTsSAXduOBr&amp;__tn__=-]K-y-R\"><span class=\"xt0psk2\">SidrosyComedies<\/span><\/a>.<\/div>\n<div dir=\"auto\"><\/div>\n<div dir=\"auto\">El agradecimientu de nuesu a la Bandina L&#8217;Embolau, que a\u00f1u tras a\u00f1u siempres ponen el acompa\u00f1amientu musical y esti a\u00f1u madrugaron lo suyo pa poder acompangar a los Sidros polos diferentes barrios onde pasaron.<\/div>\n<div dir=\"auto\"><\/div>\n<div dir=\"auto\">Tamien pa agradecer la presencia de los medios de prensa que danmos tanta visibilid\u00e1, TPA-Conexion Asturias que a les 8 la ma\u00f1ana ya taben preparando los equipos pa poder grabalo too perbien, TVE n&#8217;Asturies, <a class=\"x1i10hfl xjbqb8w x6umtig x1b1mbwd xaqea5y xav7gou x9f619 x1ypdohk xt0psk2 xe8uvvx xdj266r x11i5rnm xat24cr x1mh8g0r xexx8yu x4uap5 x18d9i69 xkhd6sd x16tdsg8 x1hl2dhg xggy1nq x1a2a7pz xt0b8zv x1qq9wsj xo1l8bm\" role=\"link\" href=\"https:\/\/www.facebook.com\/nuevaespana?__cft__[0]=AZVgVt4tiVCANO-XMGxIkBebsyu89MiW-kMINh43UB9poGhavLbQJHjH-fJEVai2kx_Vl0X7-II0OG2iQNWe_6GRCokQWrsftCd93g6hWJJWPoH0FTrNLa95iLW3613MK1H6SJLtaKlJL9R3eYHk3UwKH3s5S0KVxZeJoDJCsub2inKU6Vqy00ag25q_6cJnY-ywZ2VIFmiuVwTsSAXduOBr&amp;__tn__=-]K-y-R\"><span class=\"xt0psk2\">La Nueva Espa\u00f1a Digital &#8211; LNE.es<\/span><\/a>, El Comercio, El Tapin, <a class=\"x1i10hfl xjbqb8w x6umtig x1b1mbwd xaqea5y xav7gou x9f619 x1ypdohk xt0psk2 xe8uvvx xdj266r x11i5rnm xat24cr x1mh8g0r xexx8yu x4uap5 x18d9i69 xkhd6sd x16tdsg8 x1hl2dhg xggy1nq x1a2a7pz xt0b8zv x1qq9wsj xo1l8bm\" role=\"link\" href=\"https:\/\/www.facebook.com\/fielatoynora?__cft__[0]=AZVgVt4tiVCANO-XMGxIkBebsyu89MiW-kMINh43UB9poGhavLbQJHjH-fJEVai2kx_Vl0X7-II0OG2iQNWe_6GRCokQWrsftCd93g6hWJJWPoH0FTrNLa95iLW3613MK1H6SJLtaKlJL9R3eYHk3UwKH3s5S0KVxZeJoDJCsub2inKU6Vqy00ag25q_6cJnY-ywZ2VIFmiuVwTsSAXduOBr&amp;__tn__=-]K-y-R\"><span class=\"xt0psk2\">El Fielato y El Nora<\/span><\/a> y les emisores de radio que se ficieron eco. Y gracies tamien a toos los fotografos que a\u00f1u tras a\u00f1u equ\u00ed tan pa dexar unes semeyes pa la historia de <a class=\"x1i10hfl xjbqb8w x6umtig x1b1mbwd xaqea5y xav7gou x9f619 x1ypdohk xt0psk2 xe8uvvx xdj266r x11i5rnm xat24cr x1mh8g0r xexx8yu x4uap5 x18d9i69 xkhd6sd x16tdsg8 x1hl2dhg xggy1nq x1a2a7pz xt0b8zv x1qq9wsj xo1l8bm\" role=\"link\" href=\"https:\/\/www.facebook.com\/SidrosyComedies?__cft__[0]=AZVgVt4tiVCANO-XMGxIkBebsyu89MiW-kMINh43UB9poGhavLbQJHjH-fJEVai2kx_Vl0X7-II0OG2iQNWe_6GRCokQWrsftCd93g6hWJJWPoH0FTrNLa95iLW3613MK1H6SJLtaKlJL9R3eYHk3UwKH3s5S0KVxZeJoDJCsub2inKU6Vqy00ag25q_6cJnY-ywZ2VIFmiuVwTsSAXduOBr&amp;__tn__=-]K-y-R\"><span class=\"xt0psk2\">SidrosyComedies<\/span><\/a>.<\/div>\n<div dir=\"auto\"><\/div>\n<div dir=\"auto\">Alcordaivos que pa la fin de selmana teneis que tar sollertes con TPA, onde vais poder ver too lo que pas\u00f3 esti Domingu de <a class=\"x1i10hfl xjbqb8w x6umtig x1b1mbwd xaqea5y xav7gou x9f619 x1ypdohk xt0psk2 xe8uvvx xdj266r x11i5rnm xat24cr x1mh8g0r xexx8yu x4uap5 x18d9i69 xkhd6sd x16tdsg8 x1hl2dhg xggy1nq x1a2a7pz xt0b8zv x1qq9wsj xo1l8bm\" role=\"link\" href=\"https:\/\/www.facebook.com\/SidrosyComedies?__cft__[0]=AZVgVt4tiVCANO-XMGxIkBebsyu89MiW-kMINh43UB9poGhavLbQJHjH-fJEVai2kx_Vl0X7-II0OG2iQNWe_6GRCokQWrsftCd93g6hWJJWPoH0FTrNLa95iLW3613MK1H6SJLtaKlJL9R3eYHk3UwKH3s5S0KVxZeJoDJCsub2inKU6Vqy00ag25q_6cJnY-ywZ2VIFmiuVwTsSAXduOBr&amp;__tn__=-]K-y-R\"><span class=\"xt0psk2\">SidrosyComedies<\/span><\/a><\/div>\n","protected":false},"excerpt":{"rendered":"<p>Fonte: El Tap\u00edn ver semeyes \/ SidrosyComedies \/ X.A. Amb\u00e1s<\/p>\n","protected":false},"author":117,"featured_media":0,"comment_status":"open","ping_status":"open","sticky":false,"template":"","format":"standard","meta":{"footnotes":""},"categories":[103],"tags":[],"class_list":["post-23485","post","type-post","status-publish","format-standard","hentry","category-mazcaraes"],"_links":{"self":[{"href":"https:\/\/edublog.educastur.es\/ixuxu\/wp-json\/wp\/v2\/posts\/23485","targetHints":{"allow":["GET"]}}],"collection":[{"href":"https:\/\/edublog.educastur.es\/ixuxu\/wp-json\/wp\/v2\/posts"}],"about":[{"href":"https:\/\/edublog.educastur.es\/ixuxu\/wp-json\/wp\/v2\/types\/post"}],"author":[{"embeddable":true,"href":"https:\/\/edublog.educastur.es\/ixuxu\/wp-json\/wp\/v2\/users\/117"}],"replies":[{"embeddable":true,"href":"https:\/\/edublog.educastur.es\/ixuxu\/wp-json\/wp\/v2\/comments?post=23485"}],"version-history":[{"count":7,"href":"https:\/\/edublog.educastur.es\/ixuxu\/wp-json\/wp\/v2\/posts\/23485\/revisions"}],"predecessor-version":[{"id":23610,"href":"https:\/\/edublog.educastur.es\/ixuxu\/wp-json\/wp\/v2\/posts\/23485\/revisions\/23610"}],"wp:attachment":[{"href":"https:\/\/edublog.educastur.es\/ixuxu\/wp-json\/wp\/v2\/media?parent=23485"}],"wp:term":[{"taxonomy":"category","embeddable":true,"href":"https:\/\/edublog.educastur.es\/ixuxu\/wp-json\/wp\/v2\/categories?post=23485"},{"taxonomy":"post_tag","embeddable":true,"href":"https:\/\/edublog.educastur.es\/ixuxu\/wp-json\/wp\/v2\/tags?post=23485"}],"curies":[{"name":"wp","href":"https:\/\/api.w.org\/{rel}","templated":true}]}}