{"id":23522,"date":"2024-01-05T20:00:46","date_gmt":"2024-01-05T18:00:46","guid":{"rendered":"https:\/\/edublog.educastur.es\/ixuxu\/?p=23522"},"modified":"2024-01-06T13:22:33","modified_gmt":"2024-01-06T11:22:33","slug":"neva-nel-puertu-de-leitariegos","status":"publish","type":"post","link":"https:\/\/edublog.educastur.es\/ixuxu\/2024\/01\/neva-nel-puertu-de-leitariegos\/","title":{"rendered":"\u00d1eva nel Puertu de Leitariegos"},"content":{"rendered":"<p style=\"text-align: center\">\n<!-- iframe plugin v.6.0 wordpress.org\/plugins\/iframe\/ -->\n<iframe loading=\"lazy\" src=\"https:\/\/www.facebook.com\/plugins\/video.php?height=476&#038;href=https%3A%2F%2Fwww.facebook.com%2Freel%2F3703169659971071%2F&#038;show_text=false&#038;width=267&#038;t=0\" width=\"267\" height=\"476\" style=\"border:none;overflow:hidden\" scrolling=\"no\" frameborder=\"0\" allowfullscreen=\"true\" allow=\"autoplay; clipboard-write; encrypted-media; picture-in-picture; web-share\" 0=\"\/iframe\" class=\"iframe-class\"><\/iframe>\n<\/p>\n<p>El puertu de L.leitariegos ye un pasu montascosu asiti\u00e1u nel cordal Cant\u00e1bricu a una altit\u00fa de 1525 metros. Comunica&#8217;l Princip\u00e1u d&#8217;Asturies con Lli\u00f3n; concretamente, el conceyu asturianu de Cangas col t\u00e9rminu municipal lleon\u00e9s de Vil.lablinu.<\/p>\n<p style=\"text-align: center\">\n<!-- iframe plugin v.6.0 wordpress.org\/plugins\/iframe\/ -->\n<iframe src=\"https:\/\/www.google.com\/maps\/embed?pb=!1m18!1m12!1m3!1d11672.031990642276!2d-6.4197222!3d42.99916615!2m3!1f0!2f0!3f0!3m2!1i1024!2i768!4f13.1!3m3!1m2!1s0xd312aa672ab14d1%3A0xb6cdced72b926b7e!2sPuerto%20de%20Leitariegos!5e0!3m2!1ses!2ses!4v1704540043735!5m2!1ses!2ses\" width=\"900\" height=\"600\" style=\"border:0;\" allowfullscreen loading=\"lazy\" referrerpolicy=\"no-referrer-when-downgrade\" 0=\"\/iframe\" scrolling=\"yes\" class=\"iframe-class\" frameborder=\"0\"><\/iframe>\n<\/p>\n","protected":false},"excerpt":{"rendered":"<p>El puertu de L.leitariegos ye un pasu montascosu asiti\u00e1u nel cordal Cant\u00e1bricu a una altit\u00fa de 1525 metros. Comunica&#8217;l Princip\u00e1u d&#8217;Asturies con Lli\u00f3n; concretamente, el conceyu asturianu de Cangas col t\u00e9rminu municipal lleon\u00e9s de Vil.lablinu.<\/p>\n","protected":false},"author":117,"featured_media":0,"comment_status":"open","ping_status":"open","sticky":false,"template":"","format":"standard","meta":{"footnotes":""},"categories":[5],"tags":[],"class_list":["post-23522","post","type-post","status-publish","format-standard","hentry","category-tiempu"],"_links":{"self":[{"href":"https:\/\/edublog.educastur.es\/ixuxu\/wp-json\/wp\/v2\/posts\/23522","targetHints":{"allow":["GET"]}}],"collection":[{"href":"https:\/\/edublog.educastur.es\/ixuxu\/wp-json\/wp\/v2\/posts"}],"about":[{"href":"https:\/\/edublog.educastur.es\/ixuxu\/wp-json\/wp\/v2\/types\/post"}],"author":[{"embeddable":true,"href":"https:\/\/edublog.educastur.es\/ixuxu\/wp-json\/wp\/v2\/users\/117"}],"replies":[{"embeddable":true,"href":"https:\/\/edublog.educastur.es\/ixuxu\/wp-json\/wp\/v2\/comments?post=23522"}],"version-history":[{"count":2,"href":"https:\/\/edublog.educastur.es\/ixuxu\/wp-json\/wp\/v2\/posts\/23522\/revisions"}],"predecessor-version":[{"id":23525,"href":"https:\/\/edublog.educastur.es\/ixuxu\/wp-json\/wp\/v2\/posts\/23522\/revisions\/23525"}],"wp:attachment":[{"href":"https:\/\/edublog.educastur.es\/ixuxu\/wp-json\/wp\/v2\/media?parent=23522"}],"wp:term":[{"taxonomy":"category","embeddable":true,"href":"https:\/\/edublog.educastur.es\/ixuxu\/wp-json\/wp\/v2\/categories?post=23522"},{"taxonomy":"post_tag","embeddable":true,"href":"https:\/\/edublog.educastur.es\/ixuxu\/wp-json\/wp\/v2\/tags?post=23522"}],"curies":[{"name":"wp","href":"https:\/\/api.w.org\/{rel}","templated":true}]}}