{"id":23529,"date":"2024-01-06T09:00:47","date_gmt":"2024-01-06T07:00:47","guid":{"rendered":"https:\/\/edublog.educastur.es\/ixuxu\/?p=23529"},"modified":"2024-01-06T13:33:00","modified_gmt":"2024-01-06T11:33:00","slug":"alerta-de-friu-nasturies-un-mantu-de-nieve-cubrel-paisaxe-asturiano","status":"publish","type":"post","link":"https:\/\/edublog.educastur.es\/ixuxu\/2024\/01\/alerta-de-friu-nasturies-un-mantu-de-nieve-cubrel-paisaxe-asturiano\/","title":{"rendered":"Alerta de fr\u00edu n&#8217;Asturies: un mantu de nieve cubre&#8217;l paisaxe asturiano"},"content":{"rendered":"<p style=\"text-align: center\"><a href=\"https:\/\/s3.ppllstatics.com\/elcomercio\/www\/multimedia\/2024\/01\/06\/fuentes-invierno-nieve%20(6).jpeg\"><img loading=\"lazy\" decoding=\"async\" class=\"aligncenter size-full\" src=\"https:\/\/s3.ppllstatics.com\/elcomercio\/www\/multimedia\/2024\/01\/06\/fuentes-invierno-nieve%20(6).jpeg\" width=\"2048\" height=\"1536\" \/><\/a><\/p>\n<p>Les nieves llegaron ayeri cola primer envernada de 2024, un fen\u00f3menu atmosf\u00e9ricu que traxo consigo fr\u00edu, vientu, fuerte aguaxe, agua y nevaes en cotes a partir de 700 metros, lo qu&#8217;oblig\u00f3 a l&#8217;Axencia Estatal de Meteorolox\u00eda a activar l&#8217;avisu mariellu que se caltien esti s\u00e1badu: por agua nos conceyos de la la mari\u00f1a oriental y por nieve nel Cordal Cant\u00e1bric.<\/p>\n<ul>\n<li>Fonte: <a href=\"https:\/\/www.elcomercio.es\/asturias\/alerta-frio-asturias-manto-cubre-nieve-paisaje-sabado-fotos-pajares-fuentes-20240106110750-ga.html\">El Comercio<\/a> \/<\/li>\n<\/ul>\n<p><!--more--><\/p>\n<p><a href=\"https:\/\/s2.ppllstatics.com\/elcomercio\/www\/multimedia\/2024\/01\/06\/pajares-nieve%20(1).jpg\"><img loading=\"lazy\" decoding=\"async\" class=\"aligncenter size-full\" src=\"https:\/\/s2.ppllstatics.com\/elcomercio\/www\/multimedia\/2024\/01\/06\/pajares-nieve%20(1).jpg\" width=\"1374\" height=\"1031\" \/><\/a><\/p>\n<p style=\"text-align: center\"><a href=\"https:\/\/s1.ppllstatics.com\/elcomercio\/www\/multimedia\/2024\/01\/06\/pajares-nieve%20(2).jpg\"><img loading=\"lazy\" decoding=\"async\" class=\"aligncenter size-full\" src=\"https:\/\/s1.ppllstatics.com\/elcomercio\/www\/multimedia\/2024\/01\/06\/pajares-nieve%20(2).jpg\" width=\"1374\" height=\"1031\" \/><\/a><\/p>\n","protected":false},"excerpt":{"rendered":"<p>Les nieves llegaron ayeri cola primer envernada de 2024, un fen\u00f3menu atmosf\u00e9ricu que traxo consigo fr\u00edu, vientu, fuerte aguaxe, agua y nevaes en cotes a partir de 700 metros, lo qu&#8217;oblig\u00f3 a l&#8217;Axencia Estatal de Meteorolox\u00eda a activar l&#8217;avisu mariellu que se caltien esti s\u00e1badu: por agua nos conceyos de la la mari\u00f1a oriental y [&hellip;]<\/p>\n","protected":false},"author":117,"featured_media":0,"comment_status":"open","ping_status":"open","sticky":false,"template":"","format":"standard","meta":{"footnotes":""},"categories":[5],"tags":[],"class_list":["post-23529","post","type-post","status-publish","format-standard","hentry","category-tiempu"],"_links":{"self":[{"href":"https:\/\/edublog.educastur.es\/ixuxu\/wp-json\/wp\/v2\/posts\/23529","targetHints":{"allow":["GET"]}}],"collection":[{"href":"https:\/\/edublog.educastur.es\/ixuxu\/wp-json\/wp\/v2\/posts"}],"about":[{"href":"https:\/\/edublog.educastur.es\/ixuxu\/wp-json\/wp\/v2\/types\/post"}],"author":[{"embeddable":true,"href":"https:\/\/edublog.educastur.es\/ixuxu\/wp-json\/wp\/v2\/users\/117"}],"replies":[{"embeddable":true,"href":"https:\/\/edublog.educastur.es\/ixuxu\/wp-json\/wp\/v2\/comments?post=23529"}],"version-history":[{"count":2,"href":"https:\/\/edublog.educastur.es\/ixuxu\/wp-json\/wp\/v2\/posts\/23529\/revisions"}],"predecessor-version":[{"id":23531,"href":"https:\/\/edublog.educastur.es\/ixuxu\/wp-json\/wp\/v2\/posts\/23529\/revisions\/23531"}],"wp:attachment":[{"href":"https:\/\/edublog.educastur.es\/ixuxu\/wp-json\/wp\/v2\/media?parent=23529"}],"wp:term":[{"taxonomy":"category","embeddable":true,"href":"https:\/\/edublog.educastur.es\/ixuxu\/wp-json\/wp\/v2\/categories?post=23529"},{"taxonomy":"post_tag","embeddable":true,"href":"https:\/\/edublog.educastur.es\/ixuxu\/wp-json\/wp\/v2\/tags?post=23529"}],"curies":[{"name":"wp","href":"https:\/\/api.w.org\/{rel}","templated":true}]}}