{"id":236,"date":"2020-06-29T11:17:49","date_gmt":"2020-06-29T11:17:49","guid":{"rendered":"https:\/\/edublog.educastur.es\/ixuxu\/?p=236"},"modified":"2020-08-17T23:13:32","modified_gmt":"2020-08-17T23:13:32","slug":"netflix-mas-alla-de-la-luna","status":"publish","type":"post","link":"https:\/\/edublog.educastur.es\/ixuxu\/2020\/06\/netflix-mas-alla-de-la-luna\/","title":{"rendered":"Netflix: \u00abM\u00e1s All\u00e1 De La Luna\u00bb"},"content":{"rendered":"<p><a href=\"https:\/\/occ-0-3408-358.1.nflxso.net\/dnm\/api\/v6\/E8vDc_W8CLv7-yMQu8KMEC7Rrr8\/AAAABcmKp0LkLmeT7LMD5wCBsxfX8dJEop6u30hj4JVFX1xyGFjNCWiAuM0FipbF2-F6cpsRqdgT8H_L4foocZkc10yRjCbx.jpg?r=8b9\" target=\"_blank\" rel=\"noopener noreferrer\"><img loading=\"lazy\" decoding=\"async\" class=\"\" src=\"https:\/\/occ-0-3408-358.1.nflxso.net\/dnm\/api\/v6\/E8vDc_W8CLv7-yMQu8KMEC7Rrr8\/AAAABcmKp0LkLmeT7LMD5wCBsxfX8dJEop6u30hj4JVFX1xyGFjNCWiAuM0FipbF2-F6cpsRqdgT8H_L4foocZkc10yRjCbx.jpg?r=8b9\" width=\"461\" height=\"259\" border=\"1\" \/><\/a><\/p>\n<p><em><span style=\"font-size: 20px\">Mira l&#8217;Espectacular y <a href=\"https:\/\/www.youtube.com\/watch?v=909TyT8GFXg\" target=\"_blank\" rel=\"noopener noreferrer\">primer trailer<\/a> de <b>\u00abM\u00e1s All\u00e1 De La Luna\u00bb. <\/b>Del animador de \u00abTarzan\u00bb y \u00abLa Serenita\u00bb Un sua\u00f1u puede llevate a onde quieras. Pr\u00f3simamente en Netflix. Tai sollertes (atentos)!<\/span><\/em><\/p>\n<p><em><span style=\"font-size: 20px\">Nesti musical anim\u00e1u empobin\u00e1u pol llexendariu Glen Keane, una ne\u00f1a constr\u00fai un cohete y desapiega cola esperanza de conocer a una diosa de la lluna.<\/span><\/em><\/p>\n<p><em><span style=\"font-size: 20px\">\n<!-- iframe plugin v.6.0 wordpress.org\/plugins\/iframe\/ -->\n<iframe loading=\"lazy\" width=\"588\" height=\"331\" src=\"https:\/\/www.youtube.com\/embed\/909TyT8GFXg\" scrolling=\"yes\" class=\"iframe-class\" frameborder=\"0\"><\/iframe>\n<\/span><\/em><\/p>\n<p><!--more--><\/p>\n<p><em><span style=\"font-size: 20px\">Motivada pola so pasi\u00f3n pola ciencia, una moza brillosa constr\u00fai un cohete y desapiega para demostrar que la diosa de la Lluna realmente esiste.<\/span><\/em><br \/>\n<em><span style=\"font-size: 20px\">Empobinada pol cineasta y animador ganador del \u00d3scar Glen Keane y producida por Gennie Rim y Peilin Chou. Coles voces de Cathy Ang, Phillipa Soo, Robert G. Chiu, Ken Jeong, John Cho, Ruthie Ann Miles, Margaret Cho, Kimiko Glenn, Artt Butler y Sandra Oh na versi\u00f3n orixinal n&#8217;ingl\u00e9s.Esfruta \u201cM\u00e1s all\u00e1 de la Lluna\u201d bien llueu en Netflix:<a href=\"https:\/\/www.netflix.com\/OvertheMoon\" target=\"_blank\" rel=\"noopener noreferrer\"><span style=\"color: #999999\"><u>https:\/\/www.netflix.com\/OvertheMoon <\/u><\/span><\/a><\/span><\/em><\/p>\n<p><em><span style=\"font-size: 20px\">Fonte: <\/span><\/em><a href=\"https:\/\/www.facebook.com\/Cinemovs\/videos\/577723989600970\" target=\"_blank\" rel=\"noopener noreferrer\"><em><span style=\"font-size: 20px\">Cinemovs<\/span><\/em><\/a><\/p>\n","protected":false},"excerpt":{"rendered":"<p>Mira l&#8217;Espectacular y primer trailer de \u00abM\u00e1s All\u00e1 De La Luna\u00bb. Del animador de \u00abTarzan\u00bb y \u00abLa Serenita\u00bb Un sua\u00f1u puede llevate a onde quieras. Pr\u00f3simamente en Netflix. Tai sollertes (atentos)! Nesti musical anim\u00e1u empobin\u00e1u pol llexendariu Glen Keane, una ne\u00f1a constr\u00fai un cohete y desapiega cola esperanza de conocer a una diosa de la [&hellip;]<\/p>\n","protected":false},"author":117,"featured_media":0,"comment_status":"closed","ping_status":"open","sticky":false,"template":"","format":"standard","meta":{"footnotes":""},"categories":[20],"tags":[],"class_list":["post-236","post","type-post","status-publish","format-standard","hentry","category-netflix"],"_links":{"self":[{"href":"https:\/\/edublog.educastur.es\/ixuxu\/wp-json\/wp\/v2\/posts\/236","targetHints":{"allow":["GET"]}}],"collection":[{"href":"https:\/\/edublog.educastur.es\/ixuxu\/wp-json\/wp\/v2\/posts"}],"about":[{"href":"https:\/\/edublog.educastur.es\/ixuxu\/wp-json\/wp\/v2\/types\/post"}],"author":[{"embeddable":true,"href":"https:\/\/edublog.educastur.es\/ixuxu\/wp-json\/wp\/v2\/users\/117"}],"replies":[{"embeddable":true,"href":"https:\/\/edublog.educastur.es\/ixuxu\/wp-json\/wp\/v2\/comments?post=236"}],"version-history":[{"count":2,"href":"https:\/\/edublog.educastur.es\/ixuxu\/wp-json\/wp\/v2\/posts\/236\/revisions"}],"predecessor-version":[{"id":375,"href":"https:\/\/edublog.educastur.es\/ixuxu\/wp-json\/wp\/v2\/posts\/236\/revisions\/375"}],"wp:attachment":[{"href":"https:\/\/edublog.educastur.es\/ixuxu\/wp-json\/wp\/v2\/media?parent=236"}],"wp:term":[{"taxonomy":"category","embeddable":true,"href":"https:\/\/edublog.educastur.es\/ixuxu\/wp-json\/wp\/v2\/categories?post=236"},{"taxonomy":"post_tag","embeddable":true,"href":"https:\/\/edublog.educastur.es\/ixuxu\/wp-json\/wp\/v2\/tags?post=236"}],"curies":[{"name":"wp","href":"https:\/\/api.w.org\/{rel}","templated":true}]}}