{"id":238,"date":"2020-06-29T13:19:51","date_gmt":"2020-06-29T13:19:51","guid":{"rendered":"https:\/\/edublog.educastur.es\/ixuxu\/?p=238"},"modified":"2020-08-19T10:51:03","modified_gmt":"2020-08-19T10:51:03","slug":"fiesta-de-lamuravela-cuideiru","status":"publish","type":"post","link":"https:\/\/edublog.educastur.es\/ixuxu\/2020\/06\/fiesta-de-lamuravela-cuideiru\/","title":{"rendered":"Fiesta de L\u00b4Amuravela (Cuideiru)"},"content":{"rendered":"<p><a href=\"https:\/\/p.calameoassets.com\/190705082836-f05a6d5996552cdc2bf030569953023e\/p1.jpg\" target=\"_blank\" rel=\"noopener noreferrer\"><img loading=\"lazy\" decoding=\"async\" src=\"https:\/\/p.calameoassets.com\/190705082836-f05a6d5996552cdc2bf030569953023e\/p1.jpg\" width=\"228\" height=\"319\" border=\"1\" \/><\/a><\/p>\n<p>La fiesta de <b><i><span style=\"color: #333399\">L&#8217;Amuravela <\/span><\/i><\/b>ye una fiesta que se celebra na localid\u00e1 asturiana de Cuideiru tolos a\u00f1os el 29 de xunu, festivid\u00e1 de San Pedro, patr\u00f3n del pueblu. Mientres cuatro d\u00edes celebra les festividaes de San Pedro, San Pablo y San Pabl\u00edn.<\/p>\n<p><a href=\"https:\/\/static.elcomercio.es\/www\/pre2017\/multimedia\/noticias\/201706\/29\/media\/M1-1202925319.JPG\" target=\"_blank\" rel=\"noopener noreferrer\"><img loading=\"lazy\" decoding=\"async\" src=\"https:\/\/static.elcomercio.es\/www\/pre2017\/multimedia\/noticias\/201706\/29\/media\/M1-1202925319.JPG\" width=\"400\" height=\"267\" border=\"1\" \/><\/a><\/p>\n<p>Pero si realmente quer\u00e9is oyer una bona amuesa del asturlleon\u00e9s del baxu Nal\u00f3n pod\u00e9is averavos el d\u00eda de San Pedro (29 de xunu) a la multitudinaria fiesta de <span style=\"color: #333399\"><b><i>L\u2019Amuravela<\/i><\/b><\/span>, declarada Bien d&#8217;Inter\u00e9s Tur\u00edsticu Nacional en 1979, un serm\u00f3n laicu carg\u00e1u de rima y suspicacia que resume lo soced\u00edo nel a\u00f1u.<\/p>\n<p><!--more--><\/p>\n<p>Dende fai m\u00e1s de 30 a\u00f1os l&#8217;encarg\u00e1u de recitalo ye l&#8217;escritor Ces\u00e1reo Marqu\u00e9s, anque fueron c\u00e9lebres otros narradores como Xuacu Gaitanu o Xuan de la Cuca. Paez ser que deb\u00edu al resquemor de les palabres d&#8217;esti postreru&#8217;l p\u00e1rrocu decidi\u00f3 prohibir la fiesta escontra 1900, nun recuper\u00e1ndose hasta 1946.<\/p>\n<p>Dichos versos empiecen asina:<br \/>\n<i><span style=\"color: #333399\">Nel nomi de Xuas\u00fas<br \/>\nya la Virxi Soberana,<br \/>\nvou ichar l\u2019Amuravela<br \/>\ncomu San Pedru asperaba.<\/span><\/i><\/p>\n<p>A lo que, en recitando&#8217;l serm\u00f3n, concl\u00fai con un saludu al santu nel c\u00f3digu n\u00e1uticu:<\/p>\n<blockquote><p><span style=\"color: #333399\"><i>Mientras Cuideiru viva<br \/>\nya duri la Fonti\u2019l Cantu,<br \/>\nvei San Pedru a la Ribera<br \/>\ncon toudus lus dem\u00e1s Santus.<\/i><\/span><\/p>\n<p><span style=\"color: #333399\"><i>\u00a1Amura vela!<br \/>\n\u00a1Isa vela!<br \/>\n\u00a1Fuau a babor!<br \/>\n\u00a1Fuau a estribor!<\/i><\/span><\/p>\n<p><i><span style=\"color: #333399\">\u00a1Viva Pedru!<\/span><\/i><\/p><\/blockquote>\n<p>\u00bfY de \u00f3nde vien esta tradici\u00f3n? Nun se sabe a ciencia cierta, pero dizse que l&#8217;orixe del serm\u00f3n ta vencey\u00e1u al regresu de los marineros que participaron na conquista de La Florida enrolados na nave \u00abL&#8217;Esp\u00edritu Santu\u00bb, fai m\u00e1s de 400 a\u00f1os.<\/p>\n<ul>\n<li><a href=\"http:\/\/serasturianu.com\/2019\/02\/cuideiru-cudillero-un-pueblo-vikingo-asturias\/\" target=\"_blank\" rel=\"noopener noreferrer\">Ver art\u00edculu orixinal<\/a><\/li>\n<li><a href=\"https:\/\/es.wikipedia.org\/wiki\/Fiesta_de_L%27Amuravela\" target=\"_blank\" rel=\"noopener noreferrer\">M\u00e1s info na Wikipedia <\/a><\/li>\n<li>\u00a0<a href=\"https:\/\/www.facebook.com\/serasturianu\/\" target=\"_blank\" rel=\"noopener noreferrer\"><i>Ser Asturianu<\/i><\/a><\/li>\n<\/ul>\n<p><a href=\"https:\/\/secureservercdn.net\/160.153.138.219\/j1j.3b5.myftpupload.com\/wp-content\/uploads\/2019\/02\/cui5.png\" target=\"_blank\" rel=\"noopener noreferrer\"><img loading=\"lazy\" decoding=\"async\" src=\"https:\/\/secureservercdn.net\/160.153.138.219\/j1j.3b5.myftpupload.com\/wp-content\/uploads\/2019\/02\/cui5.png\" width=\"333\" height=\"500\" border=\"1\" \/><\/a><\/p>\n","protected":false},"excerpt":{"rendered":"<p>La fiesta de L&#8217;Amuravela ye una fiesta que se celebra na localid\u00e1 asturiana de Cuideiru tolos a\u00f1os el 29 de xunu, festivid\u00e1 de San Pedro, patr\u00f3n del pueblu. Mientres cuatro d\u00edes celebra les festividaes de San Pedro, San Pablo y San Pabl\u00edn. Pero si realmente quer\u00e9is oyer una bona amuesa del asturlleon\u00e9s del baxu Nal\u00f3n [&hellip;]<\/p>\n","protected":false},"author":117,"featured_media":0,"comment_status":"closed","ping_status":"open","sticky":false,"template":"","format":"standard","meta":{"footnotes":""},"categories":[19,21],"tags":[],"class_list":["post-238","post","type-post","status-publish","format-standard","hentry","category-asturies","category-fiestes"],"_links":{"self":[{"href":"https:\/\/edublog.educastur.es\/ixuxu\/wp-json\/wp\/v2\/posts\/238","targetHints":{"allow":["GET"]}}],"collection":[{"href":"https:\/\/edublog.educastur.es\/ixuxu\/wp-json\/wp\/v2\/posts"}],"about":[{"href":"https:\/\/edublog.educastur.es\/ixuxu\/wp-json\/wp\/v2\/types\/post"}],"author":[{"embeddable":true,"href":"https:\/\/edublog.educastur.es\/ixuxu\/wp-json\/wp\/v2\/users\/117"}],"replies":[{"embeddable":true,"href":"https:\/\/edublog.educastur.es\/ixuxu\/wp-json\/wp\/v2\/comments?post=238"}],"version-history":[{"count":3,"href":"https:\/\/edublog.educastur.es\/ixuxu\/wp-json\/wp\/v2\/posts\/238\/revisions"}],"predecessor-version":[{"id":436,"href":"https:\/\/edublog.educastur.es\/ixuxu\/wp-json\/wp\/v2\/posts\/238\/revisions\/436"}],"wp:attachment":[{"href":"https:\/\/edublog.educastur.es\/ixuxu\/wp-json\/wp\/v2\/media?parent=238"}],"wp:term":[{"taxonomy":"category","embeddable":true,"href":"https:\/\/edublog.educastur.es\/ixuxu\/wp-json\/wp\/v2\/categories?post=238"},{"taxonomy":"post_tag","embeddable":true,"href":"https:\/\/edublog.educastur.es\/ixuxu\/wp-json\/wp\/v2\/tags?post=238"}],"curies":[{"name":"wp","href":"https:\/\/api.w.org\/{rel}","templated":true}]}}