{"id":24705,"date":"2024-02-22T19:16:11","date_gmt":"2024-02-22T17:16:11","guid":{"rendered":"https:\/\/edublog.educastur.es\/ixuxu\/?p=24705"},"modified":"2024-02-22T19:16:33","modified_gmt":"2024-02-22T17:16:33","slug":"ii-feria-de-la-edicion-asturiana","status":"publish","type":"post","link":"https:\/\/edublog.educastur.es\/ixuxu\/2024\/02\/ii-feria-de-la-edicion-asturiana\/","title":{"rendered":"II Feria de la Edici\u00f3n Asturiana"},"content":{"rendered":"<p style=\"text-align: center\"><a href=\"https:\/\/editoresdeasturias.files.wordpress.com\/2024\/02\/cartel_la-fea_bajares.jpg\"><img loading=\"lazy\" decoding=\"async\" class=\"aligncenter size-full\" src=\"https:\/\/editoresdeasturias.files.wordpress.com\/2024\/02\/cartel_la-fea_bajares.jpg\" width=\"567\" height=\"825\" \/><\/a><\/p>\n<p>\u00a1Torna La FEA! La <strong>II Feria de la Edici\u00f3n Asturiana<\/strong> va cellebrase en Trascorrales, Uvi\u00e9u, del vienres 8 al domingu 10 de marzu. \u00bfPr\u00e9stavos el cartelu? Una alegor\u00eda clariniana de la primavera a cargo de <a href=\"https:\/\/www.pixelbox.es\/\" target=\"_blank\" rel=\"noreferrer noopener\">Pixelbox<\/a> y Ester Garc\u00eda.<\/p>\n<p class=\"has-text-align-center\">\u00a1V\u00e9monos na <a href=\"https:\/\/twitter.com\/hashtag\/LaFEA2024?src=hashtag_click\">#LaFEA2024<\/a>!<\/p>\n<p>&nbsp;<\/p>\n","protected":false},"excerpt":{"rendered":"<p>\u00a1Torna La FEA! La II Feria de la Edici\u00f3n Asturiana va cellebrase en Trascorrales, Uvi\u00e9u, del vienres 8 al domingu 10 de marzu. \u00bfPr\u00e9stavos el cartelu? Una alegor\u00eda clariniana de la primavera a cargo de Pixelbox y Ester Garc\u00eda. \u00a1V\u00e9monos na #LaFEA2024! &nbsp;<\/p>\n","protected":false},"author":117,"featured_media":0,"comment_status":"open","ping_status":"open","sticky":false,"template":"","format":"standard","meta":{"footnotes":""},"categories":[167],"tags":[],"class_list":["post-24705","post","type-post","status-publish","format-standard","hentry","category-feries"],"_links":{"self":[{"href":"https:\/\/edublog.educastur.es\/ixuxu\/wp-json\/wp\/v2\/posts\/24705","targetHints":{"allow":["GET"]}}],"collection":[{"href":"https:\/\/edublog.educastur.es\/ixuxu\/wp-json\/wp\/v2\/posts"}],"about":[{"href":"https:\/\/edublog.educastur.es\/ixuxu\/wp-json\/wp\/v2\/types\/post"}],"author":[{"embeddable":true,"href":"https:\/\/edublog.educastur.es\/ixuxu\/wp-json\/wp\/v2\/users\/117"}],"replies":[{"embeddable":true,"href":"https:\/\/edublog.educastur.es\/ixuxu\/wp-json\/wp\/v2\/comments?post=24705"}],"version-history":[{"count":2,"href":"https:\/\/edublog.educastur.es\/ixuxu\/wp-json\/wp\/v2\/posts\/24705\/revisions"}],"predecessor-version":[{"id":24707,"href":"https:\/\/edublog.educastur.es\/ixuxu\/wp-json\/wp\/v2\/posts\/24705\/revisions\/24707"}],"wp:attachment":[{"href":"https:\/\/edublog.educastur.es\/ixuxu\/wp-json\/wp\/v2\/media?parent=24705"}],"wp:term":[{"taxonomy":"category","embeddable":true,"href":"https:\/\/edublog.educastur.es\/ixuxu\/wp-json\/wp\/v2\/categories?post=24705"},{"taxonomy":"post_tag","embeddable":true,"href":"https:\/\/edublog.educastur.es\/ixuxu\/wp-json\/wp\/v2\/tags?post=24705"}],"curies":[{"name":"wp","href":"https:\/\/api.w.org\/{rel}","templated":true}]}}