{"id":25147,"date":"2024-03-15T10:09:36","date_gmt":"2024-03-15T08:09:36","guid":{"rendered":"https:\/\/edublog.educastur.es\/ixuxu\/?p=25147"},"modified":"2024-03-15T10:09:36","modified_gmt":"2024-03-15T08:09:36","slug":"el-financial-times-encamienta-visitar-asturies-esti-branu","status":"publish","type":"post","link":"https:\/\/edublog.educastur.es\/ixuxu\/2024\/03\/el-financial-times-encamienta-visitar-asturies-esti-branu\/","title":{"rendered":"El Financial Times encamienta visitar Asturies esti branu"},"content":{"rendered":"<ul>\n<li>Fonte: <a href=\"https:\/\/www.lavozdeasturias.es\/noticia\/viral\/2024\/03\/14\/boca-12-razones-financial-times-recomienda-visitar-asturias-verano\/00031710411597805647924.htm?fbclid=IwAR3HVZJMw8Txmd9Db_Assdl15qzIALCI1gppTY_H1CsCL2jSo4Dn40Z4RDI\">La Voz<\/a> \/<\/li>\n<\/ul>\n<p>La Voz\u00abTa de boca en boca\u00bb: les 12 razones poles qu&#8217;el \u00abFinancial Times\u00bb encamienta visitar Asturies esti branu<\/p>\n<p style=\"text-align: center\"><a href=\"https:\/\/cflvdg.avoz.es\/sc\/QgIFrYax7U2Bxfap-UlxZjV9i6s=\/768x\/2022\/07\/18\/00121658163071534624622\/Foto\/t-as.jpg\"><img loading=\"lazy\" decoding=\"async\" class=\"aligncenter size-full\" src=\"https:\/\/cflvdg.avoz.es\/sc\/QgIFrYax7U2Bxfap-UlxZjV9i6s=\/768x\/2022\/07\/18\/00121658163071534624622\/Foto\/t-as.jpg\" width=\"768\" height=\"432\" \/><\/a>Sablera de Quintana (Vald\u00e9s)<\/p>\n<p>El prestixosu diariu econ\u00f3micu dedica un art\u00edculu al Princip\u00e1u que nun pasa per alto la esmolici\u00f3n qu&#8217;esiste por convertise nun dest\u00edn tur\u00edsticu de mases: \u00abYe un momentu que munchos asturianos t\u00e1n tarreciendo en priv\u00e1u\u00bb<\/p>\n<p><!--more--><\/p>\n<p>Ye l&#8217;en\u00e9simu art\u00edculu qu&#8217;un diariu brit\u00e1nicu dedica a esplicar por qu\u00e9 Asturies ye&#8217;l dest\u00edn de vacaciones perfectu. Les campa\u00f1es de promoci\u00f3n tur\u00edstica siguen dando los sos frutos y el Financial Times, el diariu econ\u00f3micu m\u00e1s prestixosu del mundu, desenvuelve hasta 12 razones poles qu&#8217;Asturies ta \u00abde boca en boca\u00bb.<\/p>\n<p>\u00abNos sos m\u00e1s de 10.000 kil\u00f3metros cuadraos tien dende picos nevaos hasta sableres de sable, dende restoranes r\u00fasticos hasta vanguardistas y dende fiestes locales ruidoses hasta valles silenciosos onde inda analayen los osos y los llobos\u00bb, escribe l&#8217;autor del art\u00edculu titul\u00e1u \u00abAsturies: por qu\u00e9 la mari\u00f1a cool \u2014xugando con esa doble acepci\u00f3n, xenial o fresca de temperatura, que tien esta palabra inglesa\u2014 d&#8217;Espa\u00f1a ye dest\u00edn de moda esti branu\u00bb.<\/p>\n<p>L&#8217;art\u00edculu del Financial Times presenta a Asturies como la rex\u00f3n verde, escaparpada, a menuda fr\u00eda y siempres bien regada\u00bb frente a la Espa\u00f1a del sur, col so aspeutu amburao y escoso pol calor del branu\u00bb, que frecuenten los turistes brit\u00e1nicos. \u00abR\u00edos de r\u00e1pidu fluxu travisen de sur a norte, desaguando n&#8217;una mari\u00f1a chiscada de pueblos con puertu y afatada con un paisaxe glorioso\u00bb, menta l&#8217;art\u00edculu que destaca tami\u00e9n la \u00abpoderosa\u00bb idiosincrasia asturiana \u2014\u00abcola so propia cultura y llinguaxe distintivos\u00bb\u2014 y el tr\u00edu de grandes ciudaes que formen \u00abla encantadora capital Uvi\u00e9u; la zaragatera Xix\u00f3n, ideal para&#8217;l surf, y la formosa Avil\u00e9s, que finalmente remanez del so cayente postindustrial\u00bb.<\/p>\n<p>Nun pasa per alto l&#8217;autor qu&#8217;a Asturies se la vien se\u00f1alando como abelugu clim\u00e1ticu \u00e9nte&#8217;l calor. \u00abPa los europeos del norte, hist\u00f3ricamente, la mari\u00f1a cant\u00e1brica yera a cencielles demasiao fr\u00eda y lluviosa pa les nueses vacaciones de branu\u00bb, esplica, se\u00f1alando que y\u00e1 hai signos de que \u00abpodr\u00eda tar a puntu de camudar\u00bb la tradicional divisi\u00f3n del turismu ente&#8217;l norte y el sur d&#8217;Espa\u00f1a, onde y\u00e1 son habituales los 40 graos de temperatura.<\/p>\n<p>\u00abYe un momentu que munchos asturianos t\u00e1n tarreciendo en priv\u00e1u\u00bb, sigue l&#8217;art\u00edculu, que cita a unu d&#8217;esos asturianos esmolec\u00edos: \u00abNun tamos llistos pa los ensames\u00bb. L&#8217;autor del reportaxe asume qu&#8217;afayar los encantos d&#8217;Asturies, \u00abhasta agora poco visitada\u00bb, va provocar enfadu ente quien nun quieren un para\u00edsu natural masificau y, s\u00eda que non, se\u00f1ala que al Princip\u00e1u qu\u00e9da-y ent\u00e1 abondo cam\u00edn per delantre pa aportar a un dest\u00edn de \u00absol, mar y sangr\u00eda\u00bb como&#8217;l Mediterr\u00e1neu.<\/p>\n<p>De mano porque escarez d&#8217;infraestructura y agospiamientu pa ello, am\u00e1s de que&#8217;l clima \u00absigue siendo notoriamente impredicible\u00bb. Y, anque \u00abpue que Asturies nun s\u00eda pa toos\u00bb, s\u00ed lo ye (y a futuru) pal autor del art\u00edculu \u2014qu&#8217;am\u00e1s s&#8217;acaba de mercar una casa na rex\u00f3n\u2014 y pollo numbera les 12 razones poles que considerase qu&#8217;Asturies ta de moda.<\/p>\n<p>La primera ye la forma de llegar a Asturies, que y\u00e1 puede ser, tres la puesta en marcha de la Variante de Payares, per una ll\u00ednea ferroviaria d&#8217;alta velocid\u00e1 dende Madrid, que \u00ababre la rex\u00f3n al turismu d&#8217;escapada dende&#8217;l restu del pa\u00eds\u00bb, am\u00e1s de los vuelos directos dende Londres y otres localidaes europees. \u00abSicas\u00ed, hai enforma que dicir sobro llegar en coche: l&#8217;autopista A-66 al norte de Lli\u00f3n ufierta unu de los viaxes m\u00e1s impresionantes d&#8217;Espa\u00f1a\u00bb, destaca l&#8217;art\u00edculu, que nun pasa per alto&#8217;l \u00abm\u00e1xicu\u00bb contraste d&#8217;entrar n&#8217;Asturies en travesando&#8217;l Negr\u00f3n.<\/p>\n<p>Xuna segunda raz\u00f3n pa encamentar Asturies ye qu&#8217;Uvi\u00e9u ye la Capital Espa\u00f1ola de la Gastronom\u00eda 2024, por que los sos manxares proponen un completu percorr\u00edu ensin escaecer les 12 estrelles Michelin que tienen 11 restoranes asturianos. Tener \u00ables meyores sableres de la pen\u00ednsula ib\u00e9rica\u00bb ye&#8217;l tercer motivu y el secretu meyor guard\u00e1u\u00bb que desvela l&#8217;art\u00edculu. \u00abDalgunes de les sableres m\u00e1s perfectes atopense a lo llargo de la mari\u00f1a d&#8217;Asturies\u00bb, diz l&#8217;autor, mentando la marav\u00eda que ye Barayo o la sablera del Silenciu, que \u00abfai honor al so nome\u00bb.<\/p>\n<p>Otres razones de pesu que destaca l&#8217;art\u00edculu pa visitar Asturies esti branu son la sidra, l&#8217;arte perrom\u00e1nicu, el \u00abnuevu luxu rural\u00bb \u2014mentando por casu los m\u00e1s de 1.000 euros que puede costar una nueche nun hotel rural de luxu\u2014 y los osos, destacando l&#8217;art\u00edculu que \u00abel turismu d&#8217;avistamiento d&#8217;osos ye un fen\u00f3menu creciente en Somiedu y Fontes del Narcea, dos de les 24 reserves naturales d&#8217;Asturies, onde los agospiamientos nos pueblos atienden a un nuevu tipu de visitante\u00bb.<\/p>\n<p style=\"text-align: center\"><a href=\"https:\/\/cflvdg.avoz.es\/sc\/Rr7OauC9Ny_Iy51Pp0yc8Jm-VjY=\/768x\/2021\/08\/06\/00121628262113515806535\/Foto\/cudi.jpg\"><img loading=\"lazy\" decoding=\"async\" class=\"aligncenter size-full\" src=\"https:\/\/cflvdg.avoz.es\/sc\/Rr7OauC9Ny_Iy51Pp0yc8Jm-VjY=\/768x\/2021\/08\/06\/00121628262113515806535\/Foto\/cudi.jpg\" width=\"768\" height=\"432\" \/><\/a><\/p>\n<p>Faru de Cuideiru Faru de Cuideiru Viva Cuideiru.<\/p>\n<p>Rodrigo Cueves, \u00abdel que se diz que ta faciendo pol folk asturianu lo que Rosalia fixo pol flamencu\u00bb, ye tami\u00e9n otres de les razones poles qu&#8217;Asturies merez xuna visita seg\u00fan l&#8217;art\u00edculu que Financial Times dedica al Princip\u00e1u, que cierra&#8217;l llist\u00e1u de 12 con Avil\u00e9s y el Niemeyer, les guisanderes\u2014\u00abfirmes guardianes de recetes locales centenaries\u00bb\u2014, les hasta 329 variedaes distintes de quesos asturianos ente los que se destaca&#8217;l Gamon\u00e9u y el Cabrales y, nuna mari\u00f1a llarada de faros\u00bb, el de Cuideiru, reabiertu como hotel y con impresionantes vistas.<\/p>\n","protected":false},"excerpt":{"rendered":"<p>Fonte: La Voz \/ La Voz\u00abTa de boca en boca\u00bb: les 12 razones poles qu&#8217;el \u00abFinancial Times\u00bb encamienta visitar Asturies esti branu Sablera de Quintana (Vald\u00e9s) El prestixosu diariu econ\u00f3micu dedica un art\u00edculu al Princip\u00e1u que nun pasa per alto la esmolici\u00f3n qu&#8217;esiste por convertise nun dest\u00edn tur\u00edsticu de mases: \u00abYe un momentu que munchos [&hellip;]<\/p>\n","protected":false},"author":117,"featured_media":0,"comment_status":"open","ping_status":"open","sticky":false,"template":"","format":"standard","meta":{"footnotes":""},"categories":[29,18],"tags":[],"class_list":["post-25147","post","type-post","status-publish","format-standard","hentry","category-articulos","category-turismu"],"_links":{"self":[{"href":"https:\/\/edublog.educastur.es\/ixuxu\/wp-json\/wp\/v2\/posts\/25147","targetHints":{"allow":["GET"]}}],"collection":[{"href":"https:\/\/edublog.educastur.es\/ixuxu\/wp-json\/wp\/v2\/posts"}],"about":[{"href":"https:\/\/edublog.educastur.es\/ixuxu\/wp-json\/wp\/v2\/types\/post"}],"author":[{"embeddable":true,"href":"https:\/\/edublog.educastur.es\/ixuxu\/wp-json\/wp\/v2\/users\/117"}],"replies":[{"embeddable":true,"href":"https:\/\/edublog.educastur.es\/ixuxu\/wp-json\/wp\/v2\/comments?post=25147"}],"version-history":[{"count":1,"href":"https:\/\/edublog.educastur.es\/ixuxu\/wp-json\/wp\/v2\/posts\/25147\/revisions"}],"predecessor-version":[{"id":25148,"href":"https:\/\/edublog.educastur.es\/ixuxu\/wp-json\/wp\/v2\/posts\/25147\/revisions\/25148"}],"wp:attachment":[{"href":"https:\/\/edublog.educastur.es\/ixuxu\/wp-json\/wp\/v2\/media?parent=25147"}],"wp:term":[{"taxonomy":"category","embeddable":true,"href":"https:\/\/edublog.educastur.es\/ixuxu\/wp-json\/wp\/v2\/categories?post=25147"},{"taxonomy":"post_tag","embeddable":true,"href":"https:\/\/edublog.educastur.es\/ixuxu\/wp-json\/wp\/v2\/tags?post=25147"}],"curies":[{"name":"wp","href":"https:\/\/api.w.org\/{rel}","templated":true}]}}