{"id":25149,"date":"2024-03-15T10:12:13","date_gmt":"2024-03-15T08:12:13","guid":{"rendered":"https:\/\/edublog.educastur.es\/ixuxu\/?p=25149"},"modified":"2024-03-15T10:19:41","modified_gmt":"2024-03-15T08:19:41","slug":"25149","status":"publish","type":"post","link":"https:\/\/edublog.educastur.es\/ixuxu\/2024\/03\/25149\/","title":{"rendered":"Unu de los mayores defensores de la biodiversid\u00e1 nel nuesu pa\u00eds"},"content":{"rendered":"<p style=\"text-align: left\">El d\u00eda de la so nacencia y tami\u00e9n el del so fallecimientu, recordamos a <strong>F\u00e9lix Rodr\u00edguez de la Fuente,<\/strong> unu de los mayores defensores de la biodiversid\u00e1 nel nuesu pa\u00eds. El so leg\u00e1u ta m\u00e1s vixente que nunca. <a href=\"https:\/\/www.facebook.com\/photo\/?fbid=807661258065689&amp;set=a.658805532951263\">Imaxe<\/a><\/p>\n<p style=\"text-align: center\">\n<!-- iframe plugin v.6.0 wordpress.org\/plugins\/iframe\/ -->\n<iframe loading=\"lazy\" src=\"https:\/\/www.facebook.com\/plugins\/post.php?href=https%3A%2F%2Fwww.facebook.com%2Ffundacionbiodiversidad%2Fposts%2Fpfbid0EtkHoqD4AtHb5TtoazHjBD3HNUsngrCNkZNKgEm3WNi3TCrVvJYcaoeAw6aUPjNPl&#038;show_text=false&#038;width=500\" width=\"500\" height=\"497\" style=\"border:none;overflow:hidden\" scrolling=\"no\" frameborder=\"0\" allowfullscreen=\"true\" allow=\"autoplay; clipboard-write; encrypted-media; picture-in-picture; web-share\" 0=\"\/iframe\" class=\"iframe-class\"><\/iframe>\n<\/p>\n<ul>\n<li><strong>F\u00e9lix Rodr\u00edguez de la Fuente: <\/strong><a href=\"https:\/\/es.wikipedia.org\/wiki\/F%C3%A9lix_Rodr%C3%ADguez_de_la_Fuente\">wiki<\/a> \/<a href=\"https:\/\/www.google.com\/search?q=f%C3%A9lix+rodr%C3%ADguez+de+la+fuente&amp;tbm=isch&amp;ved=2ahUKEwi6qJ2d6fWEAxUyhCcCHeAJCg8Q2-cCegQIABAA&amp;oq=f%C3%A9lix+rodr%C3%ADguez+de+la+fuente&amp;gs_lp=EgNpbWciHmbDqWxpeCByb2Ryw61ndWV6IGRlIGxhIGZ1ZW50ZTIEECMYJzIFEAAYgAQyBRAAGIAEMgUQABiABDIFEAAYgAQyBRAAGIAEMgUQABiABDIFEAAYgAQyBhAAGAUYHjIGEAAYBRgeSI4MUMkGWN0JcAB4AJABAJgBX6AB7QKqAQE0uAEDyAEA-AEBigILZ3dzLXdpei1pbWfCAgQQABgeiAYB&amp;sclient=img&amp;ei=DgP0ZbrpK7KInsEP4JOoeA&amp;bih=618&amp;biw=1280&amp;client=firefox-b-d&amp;prmd=ivnbz\"> semeyes<\/a> \/ <a href=\"https:\/\/www.youtube.com\/watch?app=desktop&amp;v=43KGl3z8S-k\">canci\u00f3n<\/a> \/<strong><br \/>\n<\/strong><\/li>\n<li>Programa \u00abL&#8217;home y la Tierra\u00bb: <a href=\"https:\/\/es.wikipedia.org\/wiki\/El_hombre_y_la_Tierra\">wiki<\/a> \/<\/li>\n<\/ul>\n<p><!--more--><\/p>\n<p style=\"text-align: center\"><a href=\"https:\/\/repensarelfutur.dival.es\/wp-content\/uploads\/2020\/11\/felix.jpg\"><img loading=\"lazy\" decoding=\"async\" class=\"aligncenter \" src=\"https:\/\/repensarelfutur.dival.es\/wp-content\/uploads\/2020\/11\/felix.jpg\" width=\"351\" height=\"330\" \/><\/a><\/p>\n<p style=\"text-align: center\">\n<!-- iframe plugin v.6.0 wordpress.org\/plugins\/iframe\/ -->\n<iframe loading=\"lazy\" width=\"100%\" height=\"360\" src=\"https:\/\/www.youtube.com\/embed\/43KGl3z8S-k\" title=\"Canci\u00f3n infantil- Amigo Felix - Rodriguez de la Fuente\" frameborder=\"0\" allow=\"accelerometer; autoplay; clipboard-write; encrypted-media; gyroscope; picture-in-picture; web-share\" 0=\"allowfullscreen\" 1=\"\/iframe\" scrolling=\"yes\" class=\"iframe-class\"><\/iframe>\n<\/p>\n<p style=\"text-align: center\"><a href=\"https:\/\/upload.wikimedia.org\/wikipedia\/commons\/f\/fa\/DSC01054-Poza_de_la_Sal-Feliz_Rodriguez_de_la_Fuente.jpg\"><img loading=\"lazy\" decoding=\"async\" class=\"aligncenter size-full\" src=\"https:\/\/upload.wikimedia.org\/wikipedia\/commons\/f\/fa\/DSC01054-Poza_de_la_Sal-Feliz_Rodriguez_de_la_Fuente.jpg\" width=\"3456\" height=\"1944\" \/><\/a><\/p>\n<p style=\"text-align: center\">\n<!-- iframe plugin v.6.0 wordpress.org\/plugins\/iframe\/ -->\n<iframe loading=\"lazy\" width=\"100%\" height=\"360\" src=\"https:\/\/www.youtube.com\/embed\/Ue34x3qPJaU\" title=\"F\u00e9lix Rodriguez de la Fuente - Miguel Misande (Video oficial )\" frameborder=\"0\" allow=\"accelerometer; autoplay; clipboard-write; encrypted-media; gyroscope; picture-in-picture; web-share\" 0=\"allowfullscreen\" 1=\"\/iframe\" scrolling=\"yes\" class=\"iframe-class\"><\/iframe>\n<\/p>\n","protected":false},"excerpt":{"rendered":"<p>El d\u00eda de la so nacencia y tami\u00e9n el del so fallecimientu, recordamos a F\u00e9lix Rodr\u00edguez de la Fuente, unu de los mayores defensores de la biodiversid\u00e1 nel nuesu pa\u00eds. El so leg\u00e1u ta m\u00e1s vixente que nunca. Imaxe F\u00e9lix Rodr\u00edguez de la Fuente: wiki \/ semeyes \/ canci\u00f3n \/ Programa \u00abL&#8217;home y la Tierra\u00bb: [&hellip;]<\/p>\n","protected":false},"author":117,"featured_media":0,"comment_status":"open","ping_status":"open","sticky":false,"template":"","format":"standard","meta":{"footnotes":""},"categories":[1],"tags":[],"class_list":["post-25149","post","type-post","status-publish","format-standard","hentry","category-sin-categoria"],"_links":{"self":[{"href":"https:\/\/edublog.educastur.es\/ixuxu\/wp-json\/wp\/v2\/posts\/25149","targetHints":{"allow":["GET"]}}],"collection":[{"href":"https:\/\/edublog.educastur.es\/ixuxu\/wp-json\/wp\/v2\/posts"}],"about":[{"href":"https:\/\/edublog.educastur.es\/ixuxu\/wp-json\/wp\/v2\/types\/post"}],"author":[{"embeddable":true,"href":"https:\/\/edublog.educastur.es\/ixuxu\/wp-json\/wp\/v2\/users\/117"}],"replies":[{"embeddable":true,"href":"https:\/\/edublog.educastur.es\/ixuxu\/wp-json\/wp\/v2\/comments?post=25149"}],"version-history":[{"count":8,"href":"https:\/\/edublog.educastur.es\/ixuxu\/wp-json\/wp\/v2\/posts\/25149\/revisions"}],"predecessor-version":[{"id":25157,"href":"https:\/\/edublog.educastur.es\/ixuxu\/wp-json\/wp\/v2\/posts\/25149\/revisions\/25157"}],"wp:attachment":[{"href":"https:\/\/edublog.educastur.es\/ixuxu\/wp-json\/wp\/v2\/media?parent=25149"}],"wp:term":[{"taxonomy":"category","embeddable":true,"href":"https:\/\/edublog.educastur.es\/ixuxu\/wp-json\/wp\/v2\/categories?post=25149"},{"taxonomy":"post_tag","embeddable":true,"href":"https:\/\/edublog.educastur.es\/ixuxu\/wp-json\/wp\/v2\/tags?post=25149"}],"curies":[{"name":"wp","href":"https:\/\/api.w.org\/{rel}","templated":true}]}}