{"id":25166,"date":"2024-03-15T10:34:09","date_gmt":"2024-03-15T08:34:09","guid":{"rendered":"https:\/\/edublog.educastur.es\/ixuxu\/?p=25166"},"modified":"2024-03-15T10:40:55","modified_gmt":"2024-03-15T08:40:55","slug":"homenxe-a-alfosno","status":"publish","type":"post","link":"https:\/\/edublog.educastur.es\/ixuxu\/2024\/03\/homenxe-a-alfosno\/","title":{"rendered":"Homenaxe a Alfonso Iglesias"},"content":{"rendered":"<ul>\n<li><a href=\"https:\/\/www.facebook.com\/photo\/?fbid=2484574168413206&amp;set=a.118526445018002\">Imaxe<\/a> \/\u00a0<span class=\"x193iq5w xeuugli x13faqbe x1vvkbs x1xmvt09 x1f6kntn xvq8zen xo1l8bm xi81zsa\"><span class=\"xt0psk2\"><a class=\"x1i10hfl xjbqb8w x1ejq31n xd10rxx x1sy0etr x17r0tee x972fbf xcfux6l x1qhh985 xm0m39n x9f619 x1ypdohk xt0psk2 xe8uvvx xdj266r x11i5rnm xat24cr x1mh8g0r xexx8yu x4uap5 x18d9i69 xkhd6sd x16tdsg8 x1hl2dhg xggy1nq x1a2a7pz xt0b8zv xzsf02u x1s688f\" role=\"link\" href=\"https:\/\/www.facebook.com\/profile.php?id=100005819407906&amp;__cft__[0]=AZW3dLS7wmoyLmexRUHSYru-GABpw153mVfNBPB2wSEEUbZEwp--iDBRTQpi0fSRVAz64ruscNz19ugtE-cW_efNIMzxSqey4L78fCOcFqGdRAdIk4nWIACU_ecMeIOVLFYnL9SA6sJ1xCcHfxnXy1S4h3dZc-HjCMZqHSThasKqOUmIid8ndQm6NUpueRFuaok&amp;__tn__=-UC*F\">Adolfo Garcia<\/a><\/span><\/span><\/li>\n<li>Alfonso Iglesias:<a href=\"https:\/\/es.wikipedia.org\/wiki\/Alfonso_Iglesias\"> wiki<\/a> \/<\/li>\n<\/ul>\n<p style=\"text-align: center\">\n<!-- iframe plugin v.6.0 wordpress.org\/plugins\/iframe\/ -->\n<iframe loading=\"lazy\" src=\"https:\/\/www.facebook.com\/plugins\/post.php?href=https%3A%2F%2Fwww.facebook.com%2Fpermalink.php%3Fstory_fbid%3Dpfbid0an1KfErDbKHviic4wqomgaUCaEtpAo1y5nZ8bkc8uUZJPMHR1F66uNG2ifV97UDDl%26id%3D100005819407906&#038;show_text=false&#038;width=500\" width=\"500\" height=\"497\" style=\"border:none;overflow:hidden\" scrolling=\"no\" frameborder=\"0\" allowfullscreen=\"true\" allow=\"autoplay; clipboard-write; encrypted-media; picture-in-picture; web-share\" 0=\"\/iframe\" class=\"iframe-class\"><\/iframe>\n<\/p>\n<blockquote><p>Alfonso Iglesias L\u00f3pez de V\u00edvigo (Navia, Asturies, 1910 &#8211; Uvi\u00e9u, 1988) foi un dibuxante, comedi\u00f3grafu y pintor asturianu, mayormente conoc\u00edu pola serie d&#8217;historieta <strong>Telva, Pin\u00f3n y el so sobr\u00edn Pin\u00edn.<\/strong>\u200b Roblaba como Alfonso.<\/p><\/blockquote>\n","protected":false},"excerpt":{"rendered":"<p>Imaxe \/\u00a0Adolfo Garcia Alfonso Iglesias: wiki \/ Alfonso Iglesias L\u00f3pez de V\u00edvigo (Navia, Asturies, 1910 &#8211; Uvi\u00e9u, 1988) foi un dibuxante, comedi\u00f3grafu y pintor asturianu, mayormente conoc\u00edu pola serie d&#8217;historieta Telva, Pin\u00f3n y el so sobr\u00edn Pin\u00edn.\u200b Roblaba como Alfonso.<\/p>\n","protected":false},"author":117,"featured_media":0,"comment_status":"open","ping_status":"open","sticky":false,"template":"","format":"standard","meta":{"footnotes":""},"categories":[215],"tags":[],"class_list":["post-25166","post","type-post","status-publish","format-standard","hentry","category-homenaxe"],"_links":{"self":[{"href":"https:\/\/edublog.educastur.es\/ixuxu\/wp-json\/wp\/v2\/posts\/25166","targetHints":{"allow":["GET"]}}],"collection":[{"href":"https:\/\/edublog.educastur.es\/ixuxu\/wp-json\/wp\/v2\/posts"}],"about":[{"href":"https:\/\/edublog.educastur.es\/ixuxu\/wp-json\/wp\/v2\/types\/post"}],"author":[{"embeddable":true,"href":"https:\/\/edublog.educastur.es\/ixuxu\/wp-json\/wp\/v2\/users\/117"}],"replies":[{"embeddable":true,"href":"https:\/\/edublog.educastur.es\/ixuxu\/wp-json\/wp\/v2\/comments?post=25166"}],"version-history":[{"count":5,"href":"https:\/\/edublog.educastur.es\/ixuxu\/wp-json\/wp\/v2\/posts\/25166\/revisions"}],"predecessor-version":[{"id":25171,"href":"https:\/\/edublog.educastur.es\/ixuxu\/wp-json\/wp\/v2\/posts\/25166\/revisions\/25171"}],"wp:attachment":[{"href":"https:\/\/edublog.educastur.es\/ixuxu\/wp-json\/wp\/v2\/media?parent=25166"}],"wp:term":[{"taxonomy":"category","embeddable":true,"href":"https:\/\/edublog.educastur.es\/ixuxu\/wp-json\/wp\/v2\/categories?post=25166"},{"taxonomy":"post_tag","embeddable":true,"href":"https:\/\/edublog.educastur.es\/ixuxu\/wp-json\/wp\/v2\/tags?post=25166"}],"curies":[{"name":"wp","href":"https:\/\/api.w.org\/{rel}","templated":true}]}}