{"id":25245,"date":"2024-03-17T09:27:50","date_gmt":"2024-03-17T07:27:50","guid":{"rendered":"https:\/\/edublog.educastur.es\/ixuxu\/?p=25245"},"modified":"2024-03-18T11:29:48","modified_gmt":"2024-03-18T09:29:48","slug":"dia-del-comic-y-del-tebeo","status":"publish","type":"post","link":"https:\/\/edublog.educastur.es\/ixuxu\/2024\/03\/dia-del-comic-y-del-tebeo\/","title":{"rendered":"D\u00eda del c\u00f3mic y del tebeo"},"content":{"rendered":"<ul>\n<li><a href=\"https:\/\/diadelcomic.es\/\">https:\/\/diadelcomic.es\/<\/a><\/li>\n<\/ul>\n<p style=\"text-align: center\"><a href=\"https:\/\/diadelcomic.es\/wp-content\/uploads\/2024\/02\/baner.jpg\"><img loading=\"lazy\" decoding=\"async\" class=\"aligncenter size-full\" src=\"https:\/\/diadelcomic.es\/wp-content\/uploads\/2024\/02\/baner.jpg\" width=\"2131\" height=\"1146\" \/><\/a><\/p>\n<p>El pas\u00e1u 11 de xunetu de 2022 el Conseyu de Ministros alcord\u00f3 la declaraci\u00f3n del 17 de marzu D\u00eda del C\u00f3mic y del Teb\u00e9u, midida para impulsar el sector, reconociendo&#8217;l papel de los sos profesionales na vida social y cultural.<\/p>\n<p><!--more--><\/p>\n<p>Cumpl\u00edase asina con una de les principales mid\u00edes reivindicaes pol sector del c\u00f3mic para llograr mayor visibilid\u00e1 y reconocencia, propuesta que taba incluyida na Proposici\u00f3n Non de Llei \u201csobro la reconocencia y dignificaci\u00f3n del sector del c\u00f3mic n&#8217;Espa\u00f1a\u201d qu&#8217;aprobaron por unanimid\u00e1 tolos grupos parlamentarios el 19 d&#8217;ochobre de 2021.<\/p>\n<p>D&#8217;esta manera&#8217;l pr\u00f3ximu 17 de marzu Espa\u00f1a va vivir la so gran fiesta del c\u00f3mic y del teb\u00e9u, xuna celebraci\u00f3n cola que&#8217;l Gobiernu d&#8217;Espa\u00f1a que pretende reconocer el valor del c\u00f3mic y del teb\u00e9u, el pesu de la so hestoria y la so importancia nel contestu actual, la so diversid\u00e1, creativid\u00e1 y calid\u00e1.<\/p>\n<p>Precisamente&#8217;l pesu del c\u00f3mic na nuesa hestoria ye&#8217;l motivu de la elecci\u00f3n del d\u00eda 17 de marzu,<strong> escoy\u00edu n&#8217;honor al entamu de publicaci\u00f3n de la m\u00edtica revista d&#8217;historietes TBO, que dio nome al propiu fen\u00f3menu de la llectura en vi\u00f1etes n&#8217;Espa\u00f1a y que se caltuvo nel nome d&#8217;esta celebraci\u00f3n como un chisgo a la creaci\u00f3n espa\u00f1ola.<\/strong><\/p>\n<p>El D\u00eda del C\u00f3mic y del Teb\u00e9u cunta cola collaboraci\u00f3n de Sectorial del C\u00f3mic, entid\u00e1 qu&#8217;arrexunta a una parte destacada del sector, y qu&#8217;anima a tolos axentes culturales a desenvolver una axenda d&#8217;actividaes que trate de llevar el c\u00f3mic a tolos rincones del pa\u00eds.<\/p>\n","protected":false},"excerpt":{"rendered":"<p>https:\/\/diadelcomic.es\/ El pas\u00e1u 11 de xunetu de 2022 el Conseyu de Ministros alcord\u00f3 la declaraci\u00f3n del 17 de marzu D\u00eda del C\u00f3mic y del Teb\u00e9u, midida para impulsar el sector, reconociendo&#8217;l papel de los sos profesionales na vida social y cultural.<\/p>\n","protected":false},"author":117,"featured_media":0,"comment_status":"open","ping_status":"open","sticky":false,"template":"","format":"standard","meta":{"footnotes":""},"categories":[6],"tags":[],"class_list":["post-25245","post","type-post","status-publish","format-standard","hentry","category-dia-de"],"_links":{"self":[{"href":"https:\/\/edublog.educastur.es\/ixuxu\/wp-json\/wp\/v2\/posts\/25245","targetHints":{"allow":["GET"]}}],"collection":[{"href":"https:\/\/edublog.educastur.es\/ixuxu\/wp-json\/wp\/v2\/posts"}],"about":[{"href":"https:\/\/edublog.educastur.es\/ixuxu\/wp-json\/wp\/v2\/types\/post"}],"author":[{"embeddable":true,"href":"https:\/\/edublog.educastur.es\/ixuxu\/wp-json\/wp\/v2\/users\/117"}],"replies":[{"embeddable":true,"href":"https:\/\/edublog.educastur.es\/ixuxu\/wp-json\/wp\/v2\/comments?post=25245"}],"version-history":[{"count":2,"href":"https:\/\/edublog.educastur.es\/ixuxu\/wp-json\/wp\/v2\/posts\/25245\/revisions"}],"predecessor-version":[{"id":25247,"href":"https:\/\/edublog.educastur.es\/ixuxu\/wp-json\/wp\/v2\/posts\/25245\/revisions\/25247"}],"wp:attachment":[{"href":"https:\/\/edublog.educastur.es\/ixuxu\/wp-json\/wp\/v2\/media?parent=25245"}],"wp:term":[{"taxonomy":"category","embeddable":true,"href":"https:\/\/edublog.educastur.es\/ixuxu\/wp-json\/wp\/v2\/categories?post=25245"},{"taxonomy":"post_tag","embeddable":true,"href":"https:\/\/edublog.educastur.es\/ixuxu\/wp-json\/wp\/v2\/tags?post=25245"}],"curies":[{"name":"wp","href":"https:\/\/api.w.org\/{rel}","templated":true}]}}