{"id":25258,"date":"2024-03-15T10:45:44","date_gmt":"2024-03-15T08:45:44","guid":{"rendered":"https:\/\/edublog.educastur.es\/ixuxu\/?p=25258"},"modified":"2024-03-20T15:37:32","modified_gmt":"2024-03-20T13:37:32","slug":"suenu-suanu","status":"publish","type":"post","link":"https:\/\/edublog.educastur.es\/ixuxu\/2024\/03\/suenu-suanu\/","title":{"rendered":"Poema: \u00abSue\u00f1u\/Sua\u00f1u\u00bb"},"content":{"rendered":"<p>&nbsp;<\/p>\n<ul>\n<li><span style=\"font-size: 14px\"><a href=\"https:\/\/x.com\/AdrianPumares\/status\/1373583021027295232?s=20\">Poema de Pablo Tex\u00f3n<\/a> \/<a href=\"https:\/\/www.poetryfoundation.org\/poetrymagazine\/poems\/160872\/suenu-suanu\"> Poetry Fundation<\/a><\/span><\/li>\n<li><span class=\"c-txt c-txt_attribution\"><span style=\"font-size: 14px\"><a href=\"https:\/\/www.poetryfoundation.org\/poetrymagazine\/poems\/160873\/suenu-suanu-64cc424ae33bc\">Ingl\u00e9s<\/a> \/ <a href=\"https:\/\/twitter.com\/pablotexon\/status\/1086596467425447936?lang=es\">Twitter<\/a> \/<a href=\"https:\/\/www.facebook.com\/watch\/?v=658980022084676\"><strong> AUDIO<\/strong><\/a> \/ By <\/span><a href=\"https:\/\/www.poetryfoundation.org\/poets\/pablo-texon\"><span style=\"font-size: 14px\">Pablo Tex\u00f3n<\/span><\/a><\/span><\/li>\n<\/ul>\n<h1 class=\"c-hdgSans c-hdgSans_2 c-mix-hdgSans_inline\"><span style=\"text-decoration: underline;font-size: 28px\"><strong><span style=\"color: #008080;text-decoration: underline\">Sue\u00f1u\/Sua\u00f1u<\/span><\/strong><\/span><\/h1>\n<div class=\"c-feature-bd\">\n<div class=\"o-poem isActive\" data-view=\"PoemView\">\n<div><span style=\"font-size: 20px\"><em><span style=\"color: #008080\">Na mio llingua<\/span><\/em><\/span><\/div>\n<div><span style=\"font-size: 20px\"><em><span style=\"color: #008080\">estremamos<\/span><\/em><\/span><\/div>\n<div><span style=\"font-size: 20px\"><em><span style=\"color: #008080\">el sue\u00f1u del sua\u00f1u.<\/span><\/em><\/span><\/div>\n<div><span style=\"font-size: 20px\"><em><span style=\"color: #008080\">El primeru \u00e1tanos al suelu,<\/span><\/em><\/span><\/div>\n<div><span style=\"font-size: 20px\"><em><span style=\"color: #008080\">ponnos piedres nos bolsos<\/span><\/em><\/span><\/div>\n<div><span style=\"font-size: 20px\"><em><span style=\"color: #008080\">pa que nun nos mueyen<\/span><\/em><\/span><\/div>\n<div><span style=\"font-size: 20px\"><em><span style=\"color: #008080\">les nubes cargaes.<\/span><\/em><\/span><\/div>\n<div><span style=\"font-size: 20px\"><em><span style=\"color: #008080\">El segundu ll\u00e9vanos a<\/span><\/em><\/span><\/div>\n<div><span style=\"font-size: 20px\"><em><span style=\"color: #008080\">trescombar<\/span><\/em><\/span><\/div>\n<div><span style=\"font-size: 20px\"><em><span style=\"color: #008080\">los cumales inalcanzables<\/span><\/em><\/span><\/div>\n<div><span style=\"font-size: 20px\"><em><span style=\"color: #008080\">con reblagos alegres.<\/span><\/em><\/span><\/div>\n<div><span style=\"font-size: 20px\"><em><span style=\"color: #008080\">Hai un momento,<\/span><\/em><\/span><\/div>\n<div><span style=\"font-size: 20px\"><em><span style=\"color: #008080\">cuando\u2019l d\u00eda, mansu, declina,<\/span><\/em><\/span><\/div>\n<div><span style=\"font-size: 20px\"><em><span style=\"color: #008080\">en que\u2019l sua\u00f1u garra<\/span><\/em><\/span><\/div>\n<div><span style=\"font-size: 20px\"><em><span style=\"color: #008080\">de la mano<\/span><\/em><\/span><\/div>\n<div><span style=\"font-size: 20px\"><em><span style=\"color: #008080\">al sue\u00f1u<\/span><\/em><\/span><\/div>\n<div><span style=\"font-size: 20px\"><em><span style=\"color: #008080\">y nesi eclipse d\u2019estra\u00f1a<\/span><\/em><\/span><\/div>\n<div><span style=\"font-size: 20px\"><em><span style=\"color: #008080\">guapura crepuscular<\/span><\/em><\/span><\/div>\n<div><span style=\"font-size: 20px\"><em><span style=\"color: #008080\">despunta un arrebatu de llucidez<\/span><\/em><\/span><\/div>\n<div><span style=\"font-size: 20px\"><em><span style=\"color: #008080\">y pasamos a dormir<\/span><\/em><\/span><\/div>\n<div><span style=\"font-size: 20px\"><em><span style=\"color: #008080\">y trancamos la puerta<\/span><\/em><\/span><\/div>\n<div><span style=\"font-size: 20px\"><em><span style=\"color: #008080\">y trancamos les puertes.<\/span><\/em><\/span><\/div>\n<\/div>\n<\/div>\n<p>&nbsp;<\/p>\n<p>?Poema que nos fala de la diferencia ente tener sua\u00f1u y tener sua\u00f1os. Porque n&#8217;asturianu estremamos sue\u00f1u de sua\u00f1u&#8230; el sua\u00f1u ll\u00e9vanos a algamar lo que propongamos\u2026 (O siquier a intentalo). Y si tienes sue\u00f1u, duerme. Pero nun escaezas, cuando espiertes, siguir lluchando por ese sua\u00f1u que tienes.<\/p>\n","protected":false},"excerpt":{"rendered":"<p>&nbsp; Poema de Pablo Tex\u00f3n \/ Poetry Fundation Ingl\u00e9s \/ Twitter \/ AUDIO \/ By Pablo Tex\u00f3n Sue\u00f1u\/Sua\u00f1u Na mio llingua estremamos el sue\u00f1u del sua\u00f1u. El primeru \u00e1tanos al suelu, ponnos piedres nos bolsos pa que nun nos mueyen les nubes cargaes. El segundu ll\u00e9vanos a trescombar los cumales inalcanzables con reblagos alegres. Hai [&hellip;]<\/p>\n","protected":false},"author":117,"featured_media":0,"comment_status":"open","ping_status":"open","sticky":false,"template":"","format":"standard","meta":{"footnotes":""},"categories":[39],"tags":[],"class_list":["post-25258","post","type-post","status-publish","format-standard","hentry","category-poesia"],"_links":{"self":[{"href":"https:\/\/edublog.educastur.es\/ixuxu\/wp-json\/wp\/v2\/posts\/25258","targetHints":{"allow":["GET"]}}],"collection":[{"href":"https:\/\/edublog.educastur.es\/ixuxu\/wp-json\/wp\/v2\/posts"}],"about":[{"href":"https:\/\/edublog.educastur.es\/ixuxu\/wp-json\/wp\/v2\/types\/post"}],"author":[{"embeddable":true,"href":"https:\/\/edublog.educastur.es\/ixuxu\/wp-json\/wp\/v2\/users\/117"}],"replies":[{"embeddable":true,"href":"https:\/\/edublog.educastur.es\/ixuxu\/wp-json\/wp\/v2\/comments?post=25258"}],"version-history":[{"count":8,"href":"https:\/\/edublog.educastur.es\/ixuxu\/wp-json\/wp\/v2\/posts\/25258\/revisions"}],"predecessor-version":[{"id":25266,"href":"https:\/\/edublog.educastur.es\/ixuxu\/wp-json\/wp\/v2\/posts\/25258\/revisions\/25266"}],"wp:attachment":[{"href":"https:\/\/edublog.educastur.es\/ixuxu\/wp-json\/wp\/v2\/media?parent=25258"}],"wp:term":[{"taxonomy":"category","embeddable":true,"href":"https:\/\/edublog.educastur.es\/ixuxu\/wp-json\/wp\/v2\/categories?post=25258"},{"taxonomy":"post_tag","embeddable":true,"href":"https:\/\/edublog.educastur.es\/ixuxu\/wp-json\/wp\/v2\/tags?post=25258"}],"curies":[{"name":"wp","href":"https:\/\/api.w.org\/{rel}","templated":true}]}}