{"id":25273,"date":"2024-03-19T13:09:43","date_gmt":"2024-03-19T11:09:43","guid":{"rendered":"https:\/\/edublog.educastur.es\/ixuxu\/?p=25273"},"modified":"2024-03-19T13:12:15","modified_gmt":"2024-03-19T11:12:15","slug":"25273","status":"publish","type":"post","link":"https:\/\/edublog.educastur.es\/ixuxu\/2024\/03\/25273\/","title":{"rendered":"D\u00eda Internacional de la Llingua Materna 2024"},"content":{"rendered":"<p>El lema nel 2024 ye <strong><span style=\"color: #008080\"><em>Educaci\u00f3n multilling\u00fce: un pegollu del aprendimientu interxeneracional.<\/em><\/span><\/strong> Con \u00e9l, sorraya c\u00f3mo les sociedaes multilling\u00fces y multiculturales existen al travi\u00e9s de les sos lling\u00fces, que son los veh\u00edculos que tresmiten y caltienen el conocimientu y la cultura de manera sostenible y fomenten la tolerancia y el respetu pa colos otros. D\u2019ende la importancia de caltener les diferencies de cultures y idiomes.<\/p>\n<ul>\n<li><a href=\"https:\/\/www.educastur.es\/-\/15-02-2024-dia-internacional-lengua-materna-2024?inheritRedirect=true&amp;redirect=https%3A%2F%2Fwww.educastur.es%2Fnoticias%3Fp_p_id%3Dcom_liferay_portal_search_web_portlet_SearchPortlet%26p_p_lifecycle%3D0%26p_p_state%3Dmaximized%26p_p_mode%3Dview%26_com_liferay_portal_search_web_portlet_SearchPortlet_redirect%3D%252Fbusqueda%26_com_liferay_portal_search_web_portlet_SearchPortlet_mvcPath%3D%252Fsearch.jsp%26_com_liferay_portal_search_web_portlet_SearchPortlet_keywords%3Dlengua%2Bmaterna%26_com_liferay_portal_search_web_portlet_SearchPortlet_formDate%3D1710846334175%26_com_liferay_portal_search_web_portlet_SearchPortlet_scope%3Dthis-site\"><strong>Educastur<\/strong> <\/a>\/ <a href=\"http:\/\/view.genial.ly\/65ca44e060134a0013588291\/interactive-content-dia-internacional-de-lada-llingua-materna-2024\" target=\"_blank\" rel=\"noopener\">Actividaes dixitales pal aula\u00a0<\/a>(Genially)<\/li>\n<\/ul>\n\n<!-- iframe plugin v.6.0 wordpress.org\/plugins\/iframe\/ -->\n<iframe loading=\"lazy\" frameborder=\"0\" width=\"800px\" height=\"1600px\" src=\"https:\/\/view.genial.ly\/65ca44e060134a0013588291\" 0=\"\/iframe\" scrolling=\"yes\" class=\"iframe-class\"><\/iframe>\n\n<ul>\n<li><a href=\"https:\/\/educastur-my.sharepoint.com\/:b:\/g\/personal\/llinguastur_educastur_org\/EQQrCq1SUn9NtIeIqRsBz9sBohqUUONCvtNXESJZonXeeg?e=lJ265K\" target=\"_blank\" rel=\"noopener\">Repositoriu: Estoyu recursos y est\u00edmulos dixitales (asturiano)<\/a><\/li>\n<li><a href=\"http:\/\/view.genial.ly\/65ca44e060134a0013588291\/interactive-content-dia-internacional-de-lada-llingua-materna-2024\" target=\"_blank\" rel=\"noopener\">Actividaes dixitales pal aula del D\u00eda Internacional de la Llingua Materna<\/a>\u00a0(Genially)<\/li>\n<li><a href=\"https:\/\/educastur-my.sharepoint.com\/:b:\/g\/personal\/llinguastur_educastur_org\/EfNu_AKZt5JCtDQuf1z6ymkB1GpWMtyq_NIopmii1GS4PQ?e=A7fauE\" target=\"_blank\" rel=\"noopener\">Curr\u00edculu de Llingua Asturiana y Lliteratura n\u2019asturianu. Primaria<\/a><\/li>\n<\/ul>\n<p>&nbsp;<\/p>\n<p>&nbsp;<\/p>\n","protected":false},"excerpt":{"rendered":"<p>El lema nel 2024 ye Educaci\u00f3n multilling\u00fce: un pegollu del aprendimientu interxeneracional. Con \u00e9l, sorraya c\u00f3mo les sociedaes multilling\u00fces y multiculturales existen al travi\u00e9s de les sos lling\u00fces, que son los veh\u00edculos que tresmiten y caltienen el conocimientu y la cultura de manera sostenible y fomenten la tolerancia y el respetu pa colos otros. D\u2019ende [&hellip;]<\/p>\n","protected":false},"author":117,"featured_media":0,"comment_status":"open","ping_status":"open","sticky":false,"template":"","format":"standard","meta":{"footnotes":""},"categories":[6],"tags":[],"class_list":["post-25273","post","type-post","status-publish","format-standard","hentry","category-dia-de"],"_links":{"self":[{"href":"https:\/\/edublog.educastur.es\/ixuxu\/wp-json\/wp\/v2\/posts\/25273","targetHints":{"allow":["GET"]}}],"collection":[{"href":"https:\/\/edublog.educastur.es\/ixuxu\/wp-json\/wp\/v2\/posts"}],"about":[{"href":"https:\/\/edublog.educastur.es\/ixuxu\/wp-json\/wp\/v2\/types\/post"}],"author":[{"embeddable":true,"href":"https:\/\/edublog.educastur.es\/ixuxu\/wp-json\/wp\/v2\/users\/117"}],"replies":[{"embeddable":true,"href":"https:\/\/edublog.educastur.es\/ixuxu\/wp-json\/wp\/v2\/comments?post=25273"}],"version-history":[{"count":3,"href":"https:\/\/edublog.educastur.es\/ixuxu\/wp-json\/wp\/v2\/posts\/25273\/revisions"}],"predecessor-version":[{"id":25277,"href":"https:\/\/edublog.educastur.es\/ixuxu\/wp-json\/wp\/v2\/posts\/25273\/revisions\/25277"}],"wp:attachment":[{"href":"https:\/\/edublog.educastur.es\/ixuxu\/wp-json\/wp\/v2\/media?parent=25273"}],"wp:term":[{"taxonomy":"category","embeddable":true,"href":"https:\/\/edublog.educastur.es\/ixuxu\/wp-json\/wp\/v2\/categories?post=25273"},{"taxonomy":"post_tag","embeddable":true,"href":"https:\/\/edublog.educastur.es\/ixuxu\/wp-json\/wp\/v2\/tags?post=25273"}],"curies":[{"name":"wp","href":"https:\/\/api.w.org\/{rel}","templated":true}]}}