{"id":25360,"date":"2024-03-23T11:00:14","date_gmt":"2024-03-23T09:00:14","guid":{"rendered":"https:\/\/edublog.educastur.es\/ixuxu\/?p=25360"},"modified":"2024-03-26T21:22:40","modified_gmt":"2024-03-26T19:22:40","slug":"25360","status":"publish","type":"post","link":"https:\/\/edublog.educastur.es\/ixuxu\/2024\/03\/25360\/","title":{"rendered":"El turismu internacional ????? n&#8217;Asturies un 12% en plena temporada baxa"},"content":{"rendered":"<div class=\"\" dir=\"auto\">\n<div class=\"\" dir=\"auto\">\n<div class=\"x1iorvi4 x1pi30zi x1l90r2v x1swvt13\" data-ad-comet-preview=\"message\" data-ad-preview=\"message\">\n<div class=\"x78zum5 xdt5ytf xz62fqu x16ldp7u\">\n<div class=\"xu06os2 x1ok221b\">\n<div class=\"xdj266r x11i5rnm xat24cr x1mh8g0r x1vvkbs x126k92a\">\n<div dir=\"auto\" style=\"text-align: center\"><a href=\"https:\/\/actualidad.asturias.es\/documents\/537115\/1762453\/2024_03_16-Info-datos-turis.jpg\/897155e7-13fe-5aa8-63b3-34286532ea17?t=1711373814122\"><img loading=\"lazy\" decoding=\"async\" class=\"aligncenter size-full\" src=\"https:\/\/actualidad.asturias.es\/documents\/537115\/1762453\/2024_03_16-Info-datos-turis.jpg\/897155e7-13fe-5aa8-63b3-34286532ea17?t=1711373814122\" width=\"1042\" height=\"753\" \/><\/a><\/div>\n<div dir=\"auto\"><\/div>\n<ul>\n<li dir=\"auto\">\u00a0<a class=\"x1i10hfl xjbqb8w x1ejq31n xd10rxx x1sy0etr x17r0tee x972fbf xcfux6l x1qhh985 xm0m39n x9f619 x1ypdohk xt0psk2 xe8uvvx xdj266r x11i5rnm xat24cr x1mh8g0r xexx8yu x4uap5 x18d9i69 xkhd6sd x16tdsg8 x1hl2dhg xggy1nq x1a2a7pz xt0b8zv x1fey0fg xo1l8bm\" role=\"link\" href=\"https:\/\/www.facebook.com\/hashtag\/asturias?__eep__=6&amp;__cft__[0]=AZV28NTjqmAW6n5RF3auNllaTT1vIOnEM_WehrMoY2CWCbyE8DDk-pKKpCC-b3y8RkjrW6uDvZopd2VHY37pgp3EHiGCR1F-kVna9VreUy1TCDli_Z5bbBjufwps2UQTLs4gvYpwOK-_M3EtElEtM8dAlM5wiG8jp18EohA9WtcTrEnpS2x5oERhlp8kBAEHDY02zszju6T4Ss5ipUyi_ZaD&amp;__tn__=*NK-y-R\">#Asturias<\/a> \/<a href=\"https:\/\/actualidad.asturias.es\/-\/el-turismo-internacional-crece-en-asturias-un-12%25-en-plena-temporada-baja?redirect=%2F\"> Actualid\u00e1<\/a><\/li>\n<\/ul>\n<\/div>\n<div class=\"x11i5rnm xat24cr x1mh8g0r x1vvkbs xtlvy1s x126k92a\">\n<div dir=\"auto\">El turismu internacional ????? n&#8217;Asturies un 12% en plena temporada baxa ??\ufe0fEl Princip\u00e1u recibi\u00f3 a 173.548 visitantes que xeneraron 331.283 pernoctaciones ente xineru y febreru, superando&#8217;l balance de los dos primeros meses de 2023.<\/div>\n<\/div>\n<div class=\"x11i5rnm xat24cr x1mh8g0r x1vvkbs xtlvy1s x126k92a\">\n<div dir=\"auto\"><\/div>\n<\/div>\n<\/div>\n<div dir=\"auto\">\n<p><!--more--><br \/>\nEl turismu internacional caltien l&#8217;encl\u00edn a l&#8217;alza n&#8217;Asturies en plena temporada baxa. El Princip\u00e1u gan\u00f3 barganal de 4.800 viaxeros nos dos primeros meses del a\u00f1u en comparanza col mesmu per\u00edodu de 2023. D&#8217;ellos, casi la met\u00e1 (46,35%) ven\u00eda de otros pa\u00edses. El n\u00famberu de viaxeros estranxeros atropa una crecedera del 12% en xineru y febreru, los meses menos tur\u00edsticos del a\u00f1u.<\/p>\n<p>Los establecimientos asturianos agospiaron nestos dos meses a 173.548 turistes, que xeneraron 331.284 pernoctaciones. Estos datos, publicaos g\u00fcei pol <strong>Institutu Nacional d&#8217;Estad\u00edstica (INE)<\/strong> suponen medr\u00edes del 3% y del 2%, respeutivamente, al respective de xineru y febreru de 2023.<\/p>\n<p>Nel balance destaca l&#8217;emburrie de los hoteles, nos que s&#8217;agospiaron el 90% de los visitantes y que recibieron un 5% m\u00e1s de veceros.<\/p>\n<p>L&#8217;INE nun apurre datos completos de campings y albergues nesta d\u00f3mina, deb\u00edu al peque\u00f1u tama\u00f1u de l&#8217;amuesa. Los apartamentos y los agospiamientos de turismu rural esperimentaron nesti periodu descensos del 10% y el 24%, respeutivamente, nel n\u00famberu de turistes, y del 8% y el 10% nel casu de les estancies.<\/p>\n<\/div>\n<\/div>\n<\/div>\n<\/div>\n<\/div>\n<p>&nbsp;<\/p>\n","protected":false},"excerpt":{"rendered":"<p>\u00a0#Asturias \/ Actualid\u00e1 El turismu internacional ????? n&#8217;Asturies un 12% en plena temporada baxa ??\ufe0fEl Princip\u00e1u recibi\u00f3 a 173.548 visitantes que xeneraron 331.283 pernoctaciones ente xineru y febreru, superando&#8217;l balance de los dos primeros meses de 2023.<\/p>\n","protected":false},"author":117,"featured_media":0,"comment_status":"open","ping_status":"open","sticky":false,"template":"","format":"standard","meta":{"footnotes":""},"categories":[232,18],"tags":[],"class_list":["post-25360","post","type-post","status-publish","format-standard","hentry","category-tresportes","category-turismu"],"_links":{"self":[{"href":"https:\/\/edublog.educastur.es\/ixuxu\/wp-json\/wp\/v2\/posts\/25360","targetHints":{"allow":["GET"]}}],"collection":[{"href":"https:\/\/edublog.educastur.es\/ixuxu\/wp-json\/wp\/v2\/posts"}],"about":[{"href":"https:\/\/edublog.educastur.es\/ixuxu\/wp-json\/wp\/v2\/types\/post"}],"author":[{"embeddable":true,"href":"https:\/\/edublog.educastur.es\/ixuxu\/wp-json\/wp\/v2\/users\/117"}],"replies":[{"embeddable":true,"href":"https:\/\/edublog.educastur.es\/ixuxu\/wp-json\/wp\/v2\/comments?post=25360"}],"version-history":[{"count":4,"href":"https:\/\/edublog.educastur.es\/ixuxu\/wp-json\/wp\/v2\/posts\/25360\/revisions"}],"predecessor-version":[{"id":25364,"href":"https:\/\/edublog.educastur.es\/ixuxu\/wp-json\/wp\/v2\/posts\/25360\/revisions\/25364"}],"wp:attachment":[{"href":"https:\/\/edublog.educastur.es\/ixuxu\/wp-json\/wp\/v2\/media?parent=25360"}],"wp:term":[{"taxonomy":"category","embeddable":true,"href":"https:\/\/edublog.educastur.es\/ixuxu\/wp-json\/wp\/v2\/categories?post=25360"},{"taxonomy":"post_tag","embeddable":true,"href":"https:\/\/edublog.educastur.es\/ixuxu\/wp-json\/wp\/v2\/tags?post=25360"}],"curies":[{"name":"wp","href":"https:\/\/api.w.org\/{rel}","templated":true}]}}