{"id":25395,"date":"2024-03-26T23:17:51","date_gmt":"2024-03-26T21:17:51","guid":{"rendered":"https:\/\/edublog.educastur.es\/ixuxu\/?p=25395"},"modified":"2024-03-26T23:26:53","modified_gmt":"2024-03-26T21:26:53","slug":"la-pandereta","status":"publish","type":"post","link":"https:\/\/edublog.educastur.es\/ixuxu\/2024\/03\/la-pandereta\/","title":{"rendered":"La pandereta"},"content":{"rendered":"<ul>\n<li><a href=\"https:\/\/www.facebook.com\/photo\/?fbid=10162080750107526&amp;set=a.10150277824262526\">Art\u00edculo LNE<\/a> \/ <a href=\"https:\/\/www.lne.es\/asturias\/2024\/03\/24\/panderetas-ilustradas-porruana-nieves-gonzalez-99891602.html\">LNE<\/a><\/li>\n<li><a href=\"https:\/\/www.facebook.com\/nieves.gonzalezperez\">Nieves GP<\/a> \/<\/li>\n<\/ul>\n<p style=\"text-align: center\"><a href=\"https:\/\/estaticos-cdn.prensaiberica.es\/clip\/60cea22e-8886-4b00-bc07-029f4794c32c_16-9-aspect-ratio_default_0.webp\"><img loading=\"lazy\" decoding=\"async\" class=\"aligncenter size-full\" src=\"https:\/\/estaticos-cdn.prensaiberica.es\/clip\/60cea22e-8886-4b00-bc07-029f4794c32c_16-9-aspect-ratio_default_0.webp\" width=\"880\" height=\"495\" \/><\/a><\/p>\n<p>Les panderetes ilustraes de la porruana Nieves Gonz\u00e1lez, artista revelaci\u00f3n cola so reinterpretaci\u00f3n de la tradici\u00f3n asturiana. La pintora y<br \/>\ndise\u00f1adora tien encargos hasta 2025. Esta llanisca almite que ta sosprendida pola demanda que tien la so obra.<\/p>\n","protected":false},"excerpt":{"rendered":"<p>Art\u00edculo LNE \/ LNE Nieves GP \/ Les panderetes ilustraes de la porruana Nieves Gonz\u00e1lez, artista revelaci\u00f3n cola so reinterpretaci\u00f3n de la tradici\u00f3n asturiana. La pintora y dise\u00f1adora tien encargos hasta 2025. Esta llanisca almite que ta sosprendida pola demanda que tien la so obra.<\/p>\n","protected":false},"author":117,"featured_media":0,"comment_status":"open","ping_status":"open","sticky":false,"template":"","format":"standard","meta":{"footnotes":""},"categories":[35],"tags":[],"class_list":["post-25395","post","type-post","status-publish","format-standard","hentry","category-musica"],"_links":{"self":[{"href":"https:\/\/edublog.educastur.es\/ixuxu\/wp-json\/wp\/v2\/posts\/25395","targetHints":{"allow":["GET"]}}],"collection":[{"href":"https:\/\/edublog.educastur.es\/ixuxu\/wp-json\/wp\/v2\/posts"}],"about":[{"href":"https:\/\/edublog.educastur.es\/ixuxu\/wp-json\/wp\/v2\/types\/post"}],"author":[{"embeddable":true,"href":"https:\/\/edublog.educastur.es\/ixuxu\/wp-json\/wp\/v2\/users\/117"}],"replies":[{"embeddable":true,"href":"https:\/\/edublog.educastur.es\/ixuxu\/wp-json\/wp\/v2\/comments?post=25395"}],"version-history":[{"count":3,"href":"https:\/\/edublog.educastur.es\/ixuxu\/wp-json\/wp\/v2\/posts\/25395\/revisions"}],"predecessor-version":[{"id":25404,"href":"https:\/\/edublog.educastur.es\/ixuxu\/wp-json\/wp\/v2\/posts\/25395\/revisions\/25404"}],"wp:attachment":[{"href":"https:\/\/edublog.educastur.es\/ixuxu\/wp-json\/wp\/v2\/media?parent=25395"}],"wp:term":[{"taxonomy":"category","embeddable":true,"href":"https:\/\/edublog.educastur.es\/ixuxu\/wp-json\/wp\/v2\/categories?post=25395"},{"taxonomy":"post_tag","embeddable":true,"href":"https:\/\/edublog.educastur.es\/ixuxu\/wp-json\/wp\/v2\/tags?post=25395"}],"curies":[{"name":"wp","href":"https:\/\/api.w.org\/{rel}","templated":true}]}}