{"id":25401,"date":"2024-03-23T09:00:19","date_gmt":"2024-03-23T07:00:19","guid":{"rendered":"https:\/\/edublog.educastur.es\/ixuxu\/?p=25401"},"modified":"2024-03-26T23:24:12","modified_gmt":"2024-03-26T21:24:12","slug":"estau-del-tiempu-nasturies-26","status":"publish","type":"post","link":"https:\/\/edublog.educastur.es\/ixuxu\/2024\/03\/estau-del-tiempu-nasturies-26\/","title":{"rendered":"Est\u00e1u del tiempu n&#8217;Asturies"},"content":{"rendered":"<div class=\"\" dir=\"auto\">\n<div class=\"\" dir=\"auto\">\n<div class=\"x1iorvi4 x1pi30zi x1l90r2v x1swvt13\" data-ad-comet-preview=\"message\" data-ad-preview=\"message\">\n<div class=\"x78zum5 xdt5ytf xz62fqu x16ldp7u\">\n<div class=\"xu06os2 x1ok221b\">\n<div class=\"xdj266r x11i5rnm xat24cr x1mh8g0r x1vvkbs x126k92a\"><\/div>\n<div class=\"x11i5rnm xat24cr x1mh8g0r x1vvkbs xtlvy1s x126k92a\">\n<div dir=\"auto\"><\/div>\n<\/div>\n<div class=\"x11i5rnm xat24cr x1mh8g0r x1vvkbs xtlvy1s x126k92a\">\n<div dir=\"auto\"><strong>Alborecemos<\/strong> col cielu emborrin\u00e1u, tando m\u00e1s escampl\u00e1u na cordelera y fastera surocidental asturiana con unes temperatures que tan alrodiu de los 10\u00baC, rexistr\u00e1ndose nel puirtu Payares 3\u00baC.<\/div>\n<div dir=\"auto\"><\/div>\n<\/div>\n<div class=\"x11i5rnm xat24cr x1mh8g0r x1vvkbs xtlvy1s x126k92a\">\n<div dir=\"auto\"><strong>G\u00fcei<\/strong> vamos tener nubosid\u00e1 baxa que nun mos va dexar malpenes precipitaciones, sicas\u00ed n&#8217;estes primeres hores nos cordales del interior asturianu pue cayer dalgo d&#8217;orp\u00edn, el restu del d\u00eda tar\u00e1 seco y nes zones altes ya puntos del surocidente tar\u00e1 poco nuboso o escampl\u00e1u, abri\u00e9ndose grandes claros o abancios nel restu al atapecer. Les temperatures camudar\u00e1n poco con dalgo de nord\u00e9s pela costa.<\/div>\n<div dir=\"auto\"><!--more--><\/div>\n<\/div>\n<div class=\"x11i5rnm xat24cr x1mh8g0r x1vvkbs xtlvy1s x126k92a\">\n<div dir=\"auto\">Ma\u00f1ana domingu <strong>baxar\u00e1n dalgo les temperatures m\u00ednimes con dalguna xelada nes zones m\u00e1s favoretibles por mor del cielu escampl\u00e1u.<\/strong> Durante&#8217;l d\u00eda tendremos dalgo de nubosid\u00e1 alta qu&#8217;empuercar\u00e1&#8217;l cielu con tendencia a desaparecer pela tarde. L&#8217;aire del nord\u00e9s pue ser dalgo molestu na costa y les temperatures m\u00e1simes a pesar del sol camudar\u00e1n poco, nun llegando en casi ning\u00fan ll\u00e1u a los 20\u00baC.<\/div>\n<div dir=\"auto\"><\/div>\n<\/div>\n<div class=\"x11i5rnm xat24cr x1mh8g0r x1vvkbs xtlvy1s x126k92a\">\n<div dir=\"auto\"><strong>El llunes<\/strong> la llegada d&#8217;una fondera borrasca pel atl\u00e1nticu norte va dir camudando esti tiempu estable y de tarde y\u00e1 s&#8217;esperen precipitaciones que sedr\u00e1n m\u00e1s abondoses na met\u00e1 ocidental d&#8217;Asturies, am\u00e1s les temperatures aniciar\u00e1n un bultable descensu faciendo que surda la nieve al finar el d\u00eda perriba de los 700m.<\/div>\n<div dir=\"auto\"><\/div>\n<\/div>\n<div class=\"x11i5rnm xat24cr x1mh8g0r x1vvkbs xtlvy1s x126k92a\">\n<div dir=\"auto\"><strong>Durante&#8217;l riscar del martes<\/strong> paez que malpenes tendremos precipitaciones pero ell\u00ed onde se den sedr\u00e1n en forma de nieve mui a baxo, tan solu perriba de los 300-400m. Ya pela ma\u00f1ana, n&#8217;alborada la llega d&#8217;un frente mos dexar\u00e1 precipitaciones m\u00e1s xeneralizaes, sobre too na fastera ocidental asturiana con una cota de nieve n&#8217;ascensu de los 400m de l&#8217;alborada a los 800-900m a partir del mediud\u00eda. Anque les precipitaciones nun sedr\u00e1n nin mui frecuentes, nin mui abondoses cola posibilid\u00e1 de dalguna truena dispersa que pue dexar dalgo de xarazu. Tami\u00e9n hai que tar sollertes col aire gallegu que va soplar con fuercia en puntos de la costa y zones altes, am\u00e1s mos dexar\u00e1 mui mala mar nel Cant\u00e1bricu.<\/div>\n<div dir=\"auto\"><\/div>\n<\/div>\n<div class=\"x11i5rnm xat24cr x1mh8g0r x1vvkbs xtlvy1s x126k92a\">\n<div dir=\"auto\"><strong>El mi\u00e9rcoles<\/strong> paez que se profundizar\u00e1 entov\u00eda m\u00e1s la borrasca pero pola so posici\u00f3n m\u00e1lpenes mos dexar\u00e1 precipitaciones pero si mui mala mar con vientu gallegu racheado que mos dexar\u00e1 una sensaci\u00f3n t\u00e9rmica mui baxa, sicas\u00ed na fastera m\u00e1s ocidental les precipitaciones puen ser dalgo m\u00e1s frecuentes y abondoses con una cota de nieve que seguir\u00e1 siendo baxa, tando alrodiu de los 500m..<\/div>\n<div dir=\"auto\"><\/div>\n<\/div>\n<div class=\"x11i5rnm xat24cr x1mh8g0r x1vvkbs xtlvy1s x126k92a\">\n<div dir=\"auto\"><strong>A partir del xueves<\/strong> paez que la borrasca mos entamar\u00e1 a empobinar vientu de componente suroeste polo que les precipitaciones van quedar retenies na vertiente sur de la cordelera, con nevaes n&#8217;\u00e9sta que puen ser abondoses perriba de los 1500m.<\/div>\n<div dir=\"auto\"><\/div>\n<\/div>\n<div class=\"x11i5rnm xat24cr x1mh8g0r x1vvkbs xtlvy1s x126k92a\">\n<div dir=\"auto\">Los siguientes d\u00edes la situaci\u00f3n sedr\u00e1 mui asemeyada, sicas\u00ed&#8217;l cruce de dalg\u00fan frente pue dexanos dalgo m\u00e1s d&#8217;agua pero polo xeneral na mayor parte d&#8217;Asturies tendremos nubes ya claros o abancios con temperatures fresques.<\/div>\n<\/div>\n<div dir=\"auto\"><\/div>\n<div class=\"x11i5rnm xat24cr x1mh8g0r x1vvkbs xtlvy1s x126k92a\">\n<div dir=\"auto\"><\/div>\n<\/div>\n<\/div>\n<\/div>\n<\/div>\n<\/div>\n<\/div>\n<p>&nbsp;<\/p>\n","protected":false},"excerpt":{"rendered":"<p>Alborecemos col cielu emborrin\u00e1u, tando m\u00e1s escampl\u00e1u na cordelera y fastera surocidental asturiana con unes temperatures que tan alrodiu de los 10\u00baC, rexistr\u00e1ndose nel puirtu Payares 3\u00baC. G\u00fcei vamos tener nubosid\u00e1 baxa que nun mos va dexar malpenes precipitaciones, sicas\u00ed n&#8217;estes primeres hores nos cordales del interior asturianu pue cayer dalgo d&#8217;orp\u00edn, el restu del [&hellip;]<\/p>\n","protected":false},"author":117,"featured_media":0,"comment_status":"open","ping_status":"open","sticky":false,"template":"","format":"standard","meta":{"footnotes":""},"categories":[5],"tags":[],"class_list":["post-25401","post","type-post","status-publish","format-standard","hentry","category-tiempu"],"_links":{"self":[{"href":"https:\/\/edublog.educastur.es\/ixuxu\/wp-json\/wp\/v2\/posts\/25401","targetHints":{"allow":["GET"]}}],"collection":[{"href":"https:\/\/edublog.educastur.es\/ixuxu\/wp-json\/wp\/v2\/posts"}],"about":[{"href":"https:\/\/edublog.educastur.es\/ixuxu\/wp-json\/wp\/v2\/types\/post"}],"author":[{"embeddable":true,"href":"https:\/\/edublog.educastur.es\/ixuxu\/wp-json\/wp\/v2\/users\/117"}],"replies":[{"embeddable":true,"href":"https:\/\/edublog.educastur.es\/ixuxu\/wp-json\/wp\/v2\/comments?post=25401"}],"version-history":[{"count":1,"href":"https:\/\/edublog.educastur.es\/ixuxu\/wp-json\/wp\/v2\/posts\/25401\/revisions"}],"predecessor-version":[{"id":25402,"href":"https:\/\/edublog.educastur.es\/ixuxu\/wp-json\/wp\/v2\/posts\/25401\/revisions\/25402"}],"wp:attachment":[{"href":"https:\/\/edublog.educastur.es\/ixuxu\/wp-json\/wp\/v2\/media?parent=25401"}],"wp:term":[{"taxonomy":"category","embeddable":true,"href":"https:\/\/edublog.educastur.es\/ixuxu\/wp-json\/wp\/v2\/categories?post=25401"},{"taxonomy":"post_tag","embeddable":true,"href":"https:\/\/edublog.educastur.es\/ixuxu\/wp-json\/wp\/v2\/tags?post=25401"}],"curies":[{"name":"wp","href":"https:\/\/api.w.org\/{rel}","templated":true}]}}