{"id":25406,"date":"2024-03-26T10:29:50","date_gmt":"2024-03-26T08:29:50","guid":{"rendered":"https:\/\/edublog.educastur.es\/ixuxu\/?p=25406"},"modified":"2024-03-26T23:30:33","modified_gmt":"2024-03-26T21:30:33","slug":"el-bollu-de-pascua-daviles-toa-una-tradicion-nestes-feches","status":"publish","type":"post","link":"https:\/\/edublog.educastur.es\/ixuxu\/2024\/03\/el-bollu-de-pascua-daviles-toa-una-tradicion-nestes-feches\/","title":{"rendered":"El Bollu de Pascua d&#8217;Avil\u00e9s, toa una tradici\u00f3n nestes feches."},"content":{"rendered":"<p><span class=\"x193iq5w xeuugli x13faqbe x1vvkbs x1xmvt09 x1lliihq x1s928wv xhkezso x1gmr53x x1cpjm7i x1fgarty x1943h6x xudqn12 x3x7a5m x1f6kntn xvq8zen xo1l8bm xzsf02u x1yc453h\" dir=\"auto\">Visto en #Conexi\u00f3n Asturies. El Bollu de Pascua d&#8217;Avil\u00e9s, toa una tradici\u00f3n nestes feches. <a class=\"x1i10hfl xjbqb8w x1ejq31n xd10rxx x1sy0etr x17r0tee x972fbf xcfux6l x1qhh985 xm0m39n x9f619 x1ypdohk xt0psk2 xe8uvvx xdj266r x11i5rnm xat24cr x1mh8g0r xexx8yu x4uap5 x18d9i69 xkhd6sd x16tdsg8 x1hl2dhg xggy1nq x1a2a7pz xt0b8zv x1fey0fg xo1l8bm\" role=\"link\" href=\"https:\/\/www.facebook.com\/hashtag\/conexi%C3%B3nasturias?__eep__=6&amp;__cft__[0]=AZUe0gPLXpl8MgXNOSxJUgK7aSGLGyYhBdprEH8N3dpsx1EDpOa2xT0bcPfg8CQW7EVyA-ZNQL78coQ8_oFsGZpI4qAcDE0mrCl_UDD648GadasF_LnEh6JEt1P7n_G1nuVGkx11QzY1IueD7hGfjrJGGFKjKq_QophlMpApKEM1I2LJqLf3o-cdgct5_szzm5SP2RfEvBfgfl333_xxVlAw&amp;__tn__=*NK-y-R\">#Conexi\u00f3nAsturias<\/a>, a partir de las 17:15 en <a class=\"x1i10hfl xjbqb8w x1ejq31n xd10rxx x1sy0etr x17r0tee x972fbf xcfux6l x1qhh985 xm0m39n x9f619 x1ypdohk xt0psk2 xe8uvvx xdj266r x11i5rnm xat24cr x1mh8g0r xexx8yu x4uap5 x18d9i69 xkhd6sd x16tdsg8 x1hl2dhg xggy1nq x1a2a7pz xt0b8zv x1fey0fg xo1l8bm\" role=\"link\" href=\"https:\/\/www.facebook.com\/hashtag\/tpa?__eep__=6&amp;__cft__[0]=AZUe0gPLXpl8MgXNOSxJUgK7aSGLGyYhBdprEH8N3dpsx1EDpOa2xT0bcPfg8CQW7EVyA-ZNQL78coQ8_oFsGZpI4qAcDE0mrCl_UDD648GadasF_LnEh6JEt1P7n_G1nuVGkx11QzY1IueD7hGfjrJGGFKjKq_QophlMpApKEM1I2LJqLf3o-cdgct5_szzm5SP2RfEvBfgfl333_xxVlAw&amp;__tn__=*NK-y-R\">#TPA<\/a><\/span><\/p>\n<p style=\"text-align: center\">\n<!-- iframe plugin v.6.0 wordpress.org\/plugins\/iframe\/ -->\n<iframe loading=\"lazy\" src=\"https:\/\/www.facebook.com\/plugins\/video.php?height=314&#038;href=https%3A%2F%2Fwww.facebook.com%2FRTPAoficial%2Fvideos%2F336382992267235%2F&#038;show_text=false&#038;width=560&#038;t=0\" width=\"560\" height=\"314\" style=\"border:none;overflow:hidden\" scrolling=\"no\" frameborder=\"0\" allowfullscreen=\"true\" allow=\"autoplay; clipboard-write; encrypted-media; picture-in-picture; web-share\" 0=\"\/iframe\" class=\"iframe-class\"><\/iframe>\n<\/p>\n","protected":false},"excerpt":{"rendered":"<p>Visto en #Conexi\u00f3n Asturies. El Bollu de Pascua d&#8217;Avil\u00e9s, toa una tradici\u00f3n nestes feches. #Conexi\u00f3nAsturias, a partir de las 17:15 en #TPA<\/p>\n","protected":false},"author":117,"featured_media":0,"comment_status":"open","ping_status":"open","sticky":false,"template":"","format":"standard","meta":{"footnotes":""},"categories":[153],"tags":[],"class_list":["post-25406","post","type-post","status-publish","format-standard","hentry","category-llambiotaes"],"_links":{"self":[{"href":"https:\/\/edublog.educastur.es\/ixuxu\/wp-json\/wp\/v2\/posts\/25406","targetHints":{"allow":["GET"]}}],"collection":[{"href":"https:\/\/edublog.educastur.es\/ixuxu\/wp-json\/wp\/v2\/posts"}],"about":[{"href":"https:\/\/edublog.educastur.es\/ixuxu\/wp-json\/wp\/v2\/types\/post"}],"author":[{"embeddable":true,"href":"https:\/\/edublog.educastur.es\/ixuxu\/wp-json\/wp\/v2\/users\/117"}],"replies":[{"embeddable":true,"href":"https:\/\/edublog.educastur.es\/ixuxu\/wp-json\/wp\/v2\/comments?post=25406"}],"version-history":[{"count":3,"href":"https:\/\/edublog.educastur.es\/ixuxu\/wp-json\/wp\/v2\/posts\/25406\/revisions"}],"predecessor-version":[{"id":25409,"href":"https:\/\/edublog.educastur.es\/ixuxu\/wp-json\/wp\/v2\/posts\/25406\/revisions\/25409"}],"wp:attachment":[{"href":"https:\/\/edublog.educastur.es\/ixuxu\/wp-json\/wp\/v2\/media?parent=25406"}],"wp:term":[{"taxonomy":"category","embeddable":true,"href":"https:\/\/edublog.educastur.es\/ixuxu\/wp-json\/wp\/v2\/categories?post=25406"},{"taxonomy":"post_tag","embeddable":true,"href":"https:\/\/edublog.educastur.es\/ixuxu\/wp-json\/wp\/v2\/tags?post=25406"}],"curies":[{"name":"wp","href":"https:\/\/api.w.org\/{rel}","templated":true}]}}