{"id":25416,"date":"2024-03-26T09:00:55","date_gmt":"2024-03-26T07:00:55","guid":{"rendered":"https:\/\/edublog.educastur.es\/ixuxu\/?p=25416"},"modified":"2024-03-26T23:38:15","modified_gmt":"2024-03-26T21:38:15","slug":"dia-mundial-del-clima-2","status":"publish","type":"post","link":"https:\/\/edublog.educastur.es\/ixuxu\/2024\/03\/dia-mundial-del-clima-2\/","title":{"rendered":"D\u00eda Mundial del Clima"},"content":{"rendered":"<p>El 26 de marzu celebramos el<strong> D\u00eda Mundial del Clima<\/strong>. Surde col prop\u00f3situ de concenciar a la poblaci\u00f3n sobro la importancia que tienen les acciones y actividaes del ser humanu na variaci\u00f3n clim\u00e1tica.<\/p>\n<p style=\"text-align: center\"><a href=\"https:\/\/vpitv.com\/pywhidub\/2021\/03\/signal-2021-03-26-065914.jpeg\"><img loading=\"lazy\" decoding=\"async\" class=\"aligncenter size-full\" src=\"https:\/\/vpitv.com\/pywhidub\/2021\/03\/signal-2021-03-26-065914.jpeg\" width=\"1928\" height=\"1097\" \/><\/a><\/p>\n<blockquote><p><strong><em> Los riesgos del camb\u00e9u clim\u00e1ticu ponen de manifiestu la necesid\u00e1 de realizar mid\u00edes efectives contra&#8217;l calentamientu global<\/em><\/strong><\/p><\/blockquote>\n","protected":false},"excerpt":{"rendered":"<p>El 26 de marzu celebramos el D\u00eda Mundial del Clima. Surde col prop\u00f3situ de concenciar a la poblaci\u00f3n sobro la importancia que tienen les acciones y actividaes del ser humanu na variaci\u00f3n clim\u00e1tica. Los riesgos del camb\u00e9u clim\u00e1ticu ponen de manifiestu la necesid\u00e1 de realizar mid\u00edes efectives contra&#8217;l calentamientu global<\/p>\n","protected":false},"author":117,"featured_media":0,"comment_status":"open","ping_status":"open","sticky":false,"template":"","format":"standard","meta":{"footnotes":""},"categories":[6],"tags":[],"class_list":["post-25416","post","type-post","status-publish","format-standard","hentry","category-dia-de"],"_links":{"self":[{"href":"https:\/\/edublog.educastur.es\/ixuxu\/wp-json\/wp\/v2\/posts\/25416","targetHints":{"allow":["GET"]}}],"collection":[{"href":"https:\/\/edublog.educastur.es\/ixuxu\/wp-json\/wp\/v2\/posts"}],"about":[{"href":"https:\/\/edublog.educastur.es\/ixuxu\/wp-json\/wp\/v2\/types\/post"}],"author":[{"embeddable":true,"href":"https:\/\/edublog.educastur.es\/ixuxu\/wp-json\/wp\/v2\/users\/117"}],"replies":[{"embeddable":true,"href":"https:\/\/edublog.educastur.es\/ixuxu\/wp-json\/wp\/v2\/comments?post=25416"}],"version-history":[{"count":2,"href":"https:\/\/edublog.educastur.es\/ixuxu\/wp-json\/wp\/v2\/posts\/25416\/revisions"}],"predecessor-version":[{"id":25418,"href":"https:\/\/edublog.educastur.es\/ixuxu\/wp-json\/wp\/v2\/posts\/25416\/revisions\/25418"}],"wp:attachment":[{"href":"https:\/\/edublog.educastur.es\/ixuxu\/wp-json\/wp\/v2\/media?parent=25416"}],"wp:term":[{"taxonomy":"category","embeddable":true,"href":"https:\/\/edublog.educastur.es\/ixuxu\/wp-json\/wp\/v2\/categories?post=25416"},{"taxonomy":"post_tag","embeddable":true,"href":"https:\/\/edublog.educastur.es\/ixuxu\/wp-json\/wp\/v2\/tags?post=25416"}],"curies":[{"name":"wp","href":"https:\/\/api.w.org\/{rel}","templated":true}]}}