{"id":25437,"date":"2024-03-27T09:47:47","date_gmt":"2024-03-27T07:47:47","guid":{"rendered":"https:\/\/edublog.educastur.es\/ixuxu\/?p=25437"},"modified":"2024-04-03T10:20:18","modified_gmt":"2024-04-03T08:20:18","slug":"shakira-paraliza-la-plaza-de-time-square","status":"publish","type":"post","link":"https:\/\/edublog.educastur.es\/ixuxu\/2024\/03\/shakira-paraliza-la-plaza-de-time-square\/","title":{"rendered":"Shakira paraliza la plaza de Time Square (N. Y.)"},"content":{"rendered":"<p style=\"text-align: center\">\n<!-- iframe plugin v.6.0 wordpress.org\/plugins\/iframe\/ -->\n<iframe loading=\"lazy\" width=\"100%\" height=\"405\" src=\"https:\/\/www.youtube.com\/embed\/l3bxt6r3zq8\" title=\"Shakira Live at TSX, Times Square\" frameborder=\"0\" allow=\"accelerometer; autoplay; clipboard-write; encrypted-media; gyroscope; picture-in-picture; web-share\" referrerpolicy=\"strict-origin-when-cross-origin\" 0=\"allowfullscreen\" 1=\"\/iframe\" scrolling=\"yes\" class=\"iframe-class\"><\/iframe>\n<\/p>\n<p>Mientres, un rel\u00f3, n&#8217;una xigantesca semeya de Shakira vistida con un cors\u00e9 negru y un bikini qu&#8217;asemeyaben diamantes que paec\u00eden cayer y atropase a los sos pies, diba marcando una cuenta regresiva del entamu de la so presentaci\u00f3n.<\/p>\n<p><!--more--><\/p>\n<p>Faltando 38 segundos, escuch\u00f3se a coru \u00abShakira, Shakira\u00bb y al momentu cero&#8217;l p\u00fablicu empez\u00f3 a glayar. De momentu, una imaxe d&#8217;una lloba na pantalla convertiose na cara de l&#8217;artista, que bax\u00f3 al escenariu n&#8217;una plataforma vistida de negru con pantal\u00f3n y un veraniegu su\u00e9ter, collar curtiu de cristales tresparentes y pelo suelto.<\/p>\n<p style=\"text-align: center\"><a href=\"https:\/\/estaticos-cdn.prensaiberica.es\/clip\/cf2144cf-b3cc-4354-b39d-8631d6e521e9_16-9-discover-aspect-ratio_default_0.webp\"><img loading=\"lazy\" decoding=\"async\" class=\"aligncenter size-full\" src=\"https:\/\/estaticos-cdn.prensaiberica.es\/clip\/cf2144cf-b3cc-4354-b39d-8631d6e521e9_16-9-discover-aspect-ratio_default_0.webp\" width=\"1200\" height=\"675\" \/><\/a><\/p>\n<p>El so \u00e9situ &#8216;Los cadriles nun mienten&#8217; foi&#8217;l primeru del curtiu conciertu d&#8217;unos 30 minutos nel que l&#8217;artista baill\u00f3, movi\u00f3 los sos cadriles, y salt\u00f3 nel escenariu como siempres, reconectando col so fiel p\u00fablicu que cant\u00f3 con ella dende l&#8217;entamu del espect\u00e1culu, magar un son\u00edu p\u00e9simu, y nel que tuvo acompa\u00f1ada por un grupu de baillarinos.<\/p>\n","protected":false},"excerpt":{"rendered":"<p>Mientres, un rel\u00f3, n&#8217;una xigantesca semeya de Shakira vistida con un cors\u00e9 negru y un bikini qu&#8217;asemeyaben diamantes que paec\u00eden cayer y atropase a los sos pies, diba marcando una cuenta regresiva del entamu de la so presentaci\u00f3n.<\/p>\n","protected":false},"author":117,"featured_media":0,"comment_status":"open","ping_status":"open","sticky":false,"template":"","format":"standard","meta":{"footnotes":""},"categories":[1],"tags":[],"class_list":["post-25437","post","type-post","status-publish","format-standard","hentry","category-sin-categoria"],"_links":{"self":[{"href":"https:\/\/edublog.educastur.es\/ixuxu\/wp-json\/wp\/v2\/posts\/25437","targetHints":{"allow":["GET"]}}],"collection":[{"href":"https:\/\/edublog.educastur.es\/ixuxu\/wp-json\/wp\/v2\/posts"}],"about":[{"href":"https:\/\/edublog.educastur.es\/ixuxu\/wp-json\/wp\/v2\/types\/post"}],"author":[{"embeddable":true,"href":"https:\/\/edublog.educastur.es\/ixuxu\/wp-json\/wp\/v2\/users\/117"}],"replies":[{"embeddable":true,"href":"https:\/\/edublog.educastur.es\/ixuxu\/wp-json\/wp\/v2\/comments?post=25437"}],"version-history":[{"count":4,"href":"https:\/\/edublog.educastur.es\/ixuxu\/wp-json\/wp\/v2\/posts\/25437\/revisions"}],"predecessor-version":[{"id":25441,"href":"https:\/\/edublog.educastur.es\/ixuxu\/wp-json\/wp\/v2\/posts\/25437\/revisions\/25441"}],"wp:attachment":[{"href":"https:\/\/edublog.educastur.es\/ixuxu\/wp-json\/wp\/v2\/media?parent=25437"}],"wp:term":[{"taxonomy":"category","embeddable":true,"href":"https:\/\/edublog.educastur.es\/ixuxu\/wp-json\/wp\/v2\/categories?post=25437"},{"taxonomy":"post_tag","embeddable":true,"href":"https:\/\/edublog.educastur.es\/ixuxu\/wp-json\/wp\/v2\/tags?post=25437"}],"curies":[{"name":"wp","href":"https:\/\/api.w.org\/{rel}","templated":true}]}}