{"id":25481,"date":"2024-04-04T13:08:52","date_gmt":"2024-04-04T11:08:52","guid":{"rendered":"https:\/\/edublog.educastur.es\/ixuxu\/?p=25481"},"modified":"2024-04-05T12:33:38","modified_gmt":"2024-04-05T10:33:38","slug":"el-colexu-los-campones-del-berron-ganal-concursu-de-guevos-pintos-de-parque-principau","status":"publish","type":"post","link":"https:\/\/edublog.educastur.es\/ixuxu\/2024\/04\/el-colexu-los-campones-del-berron-ganal-concursu-de-guevos-pintos-de-parque-principau\/","title":{"rendered":"El colexu Los Campones, d&#8217;El Berr\u00f3n, gana&#8217;l concursu de G\u00fcevos Pintos de Parque Princip\u00e1u"},"content":{"rendered":"<p style=\"text-align: center\"><a href=\"https:\/\/www.parqueprincipado.com\/wp-content\/uploads\/2024\/03\/ganadores.jpg\"><img loading=\"lazy\" decoding=\"async\" class=\"aligncenter size-full\" src=\"https:\/\/www.parqueprincipado.com\/wp-content\/uploads\/2024\/03\/ganadores.jpg\" width=\"1200\" height=\"800\" \/><\/a><\/p>\n<p>Dolce centros educativos de Siero y contorna participaron na d\u00e9cima edici\u00f3n del certame, bas\u00e1u nos 17 Oxetivos de Desenvolvimientu Sostenible de Naciones Xun\u00edes. <a href=\"https:\/\/www.lne.es\/siero\/2024\/04\/03\/colegio-campones-berron-gana-concurso-100580162.html\">Videu<\/a><\/p>\n<ul>\n<li>Fonte:<a href=\"https:\/\/www.lne.es\/siero\/2024\/04\/03\/colegio-campones-berron-gana-concurso-100580162.html\"> LNE<\/a> \/<a href=\"https:\/\/www.parqueprincipado.com\/guevos-pintos-2024\/\"> ParquePrin<\/a> \/<\/li>\n<\/ul>\n<p>Los colexos ganadores de la d\u00e9cima edici\u00f3n del concursu de G\u00fcevos Pintos de Parque Princip\u00e1u fueron los sierenses de Los Campones (El Berr\u00f3n) y Xentiquina (Lieres) y l&#8217;uvie\u00edn de La Corredoria. Esti postreru foi escoy\u00edu por votaci\u00f3n popular, cola participaci\u00f3n de casi seis mil persones.<\/p>\n<p><!--more--><\/p>\n<p>El primera clasific\u00e1u foi Los Campones, cola so propuesta<strong> \u201c\u00a1Nun te la cargues!\u201d<\/strong>, que pon en valor la importancia de llevar a cabu pr\u00e1ctiques de desenvolvimientu sostenible que contribuyan a protexer y caltener la biodiversid\u00e1 de los ecosistemes, ente que&#8217;l segundu recay\u00f3 en <strong>\u201cHai un colexu no fondero del mar\u201d<\/strong>, del Xentiquina, que pon el focu na contaminaci\u00f3n marina y el so impactu nes especies. Dambos lleven cheques para material escolar.<\/p>\n<p>El tercer premi\u00e1u foi&#8217;l colexu La Corredoria, con<strong> \u201cTierra, te quiero un G\u00fcevu\u201d<\/strong>, nel qu&#8217;apuesta pol usu eficiente de los recursos para impulsar un consumu y producci\u00f3n responsable. Tami\u00e9n se llev\u00f3 cheque para material escolar. El restu de los participantes tami\u00e9n fueron agasayaos con una tarxeta regalo. En total parti\u00e9ronse 2.700 euros en premios.<\/p>\n<p>Para la decoraci\u00f3n de los g\u00fcevos, a cada colexu asign\u00f3se-y unu de los 17 Oxetivos de Desenvolvimientu Sostenible (ODS) de Naciones Xun\u00edes qu&#8217;inspiren <a href=\"https:\/\/www.parqueprincipado.com\/origen\/\">Orixe, el proyectu de Sostenibilid\u00e1 de Parque Princip\u00e1u nel que se centra la tem\u00e1tica de la edici\u00f3n.<\/a><\/p>\n<p>El concursu forma parte de la programaci\u00f3n a\u00f1al del centru dende va una d\u00e9cada para sofitar el caltenimientu d&#8217;esta festivid\u00e1 declarada Fiesta d&#8217;Inter\u00e9s Tur\u00edsticu Nacional ente alumnos y families, y cola que collabora a\u00f1almente donando 3.000 euros a la Socied\u00e1 de Festexos Pola de Siero pa caltener viva esta tradici\u00f3n.<\/p>\n<p style=\"text-align: center\">\n<!-- iframe plugin v.6.0 wordpress.org\/plugins\/iframe\/ -->\n<iframe loading=\"lazy\" src=\"https:\/\/www.facebook.com\/plugins\/post.php?href=https%3A%2F%2Fwww.facebook.com%2Fphoto.php%3Ffbid%3D7084592431652837%26set%3Da.236567846455364%26type%3D3&#038;show_text=true&#038;width=500\" width=\"500\" height=\"639\" style=\"border:none;overflow:hidden\" scrolling=\"no\" frameborder=\"0\" allowfullscreen=\"true\" allow=\"autoplay; clipboard-write; encrypted-media; picture-in-picture; web-share\" 0=\"\/iframe\" class=\"iframe-class\"><\/iframe>\n<\/p>\n<p>&nbsp;<\/p>\n","protected":false},"excerpt":{"rendered":"<p>Dolce centros educativos de Siero y contorna participaron na d\u00e9cima edici\u00f3n del certame, bas\u00e1u nos 17 Oxetivos de Desenvolvimientu Sostenible de Naciones Xun\u00edes. Videu Fonte: LNE \/ ParquePrin \/ Los colexos ganadores de la d\u00e9cima edici\u00f3n del concursu de G\u00fcevos Pintos de Parque Princip\u00e1u fueron los sierenses de Los Campones (El Berr\u00f3n) y Xentiquina (Lieres) [&hellip;]<\/p>\n","protected":false},"author":117,"featured_media":0,"comment_status":"open","ping_status":"open","sticky":false,"template":"","format":"standard","meta":{"footnotes":""},"categories":[1],"tags":[],"class_list":["post-25481","post","type-post","status-publish","format-standard","hentry","category-sin-categoria"],"_links":{"self":[{"href":"https:\/\/edublog.educastur.es\/ixuxu\/wp-json\/wp\/v2\/posts\/25481","targetHints":{"allow":["GET"]}}],"collection":[{"href":"https:\/\/edublog.educastur.es\/ixuxu\/wp-json\/wp\/v2\/posts"}],"about":[{"href":"https:\/\/edublog.educastur.es\/ixuxu\/wp-json\/wp\/v2\/types\/post"}],"author":[{"embeddable":true,"href":"https:\/\/edublog.educastur.es\/ixuxu\/wp-json\/wp\/v2\/users\/117"}],"replies":[{"embeddable":true,"href":"https:\/\/edublog.educastur.es\/ixuxu\/wp-json\/wp\/v2\/comments?post=25481"}],"version-history":[{"count":6,"href":"https:\/\/edublog.educastur.es\/ixuxu\/wp-json\/wp\/v2\/posts\/25481\/revisions"}],"predecessor-version":[{"id":25573,"href":"https:\/\/edublog.educastur.es\/ixuxu\/wp-json\/wp\/v2\/posts\/25481\/revisions\/25573"}],"wp:attachment":[{"href":"https:\/\/edublog.educastur.es\/ixuxu\/wp-json\/wp\/v2\/media?parent=25481"}],"wp:term":[{"taxonomy":"category","embeddable":true,"href":"https:\/\/edublog.educastur.es\/ixuxu\/wp-json\/wp\/v2\/categories?post=25481"},{"taxonomy":"post_tag","embeddable":true,"href":"https:\/\/edublog.educastur.es\/ixuxu\/wp-json\/wp\/v2\/tags?post=25481"}],"curies":[{"name":"wp","href":"https:\/\/api.w.org\/{rel}","templated":true}]}}