{"id":25520,"date":"2024-04-04T09:36:08","date_gmt":"2024-04-04T07:36:08","guid":{"rendered":"https:\/\/edublog.educastur.es\/ixuxu\/?p=25520"},"modified":"2024-04-05T09:51:00","modified_gmt":"2024-04-05T07:51:00","slug":"rodrigo-cueves-estreno-nasturies-la-pandereta-mas-grande-despana","status":"publish","type":"post","link":"https:\/\/edublog.educastur.es\/ixuxu\/2024\/04\/rodrigo-cueves-estreno-nasturies-la-pandereta-mas-grande-despana\/","title":{"rendered":"Rodrigo Cueves estren\u00f3, n&#8217;Asturies, la pandereta m\u00e1s grande d&#8217;Espa\u00f1a"},"content":{"rendered":"<p style=\"text-align: center\"><a href=\"https:\/\/estaticos-cdn.prensaiberica.es\/clip\/90f3abd6-1ca6-4c72-b059-d806abac5e61_source-aspect-ratio_default_0.jpg\"><img loading=\"lazy\" decoding=\"async\" class=\"aligncenter \" src=\"https:\/\/estaticos-cdn.prensaiberica.es\/clip\/90f3abd6-1ca6-4c72-b059-d806abac5e61_source-aspect-ratio_default_0.jpg\" width=\"431\" height=\"285\" \/><\/a><\/p>\n<p>\u00a0El pres\u00e9u de dos metros de di\u00e1metru foi construy\u00edu polos artesanos V\u00edctor Garc\u00eda y Rosa Cunqueira, nel pequenu pueblu de Trab\u00e1u (Dega\u00f1a). Rodrigo Cueves fai sonar la pandereta, suxeta sobre xuna peana.<\/p>\n<p>12 de xunu de 2022<\/p>\n<p><!--more--><\/p>\n<p>El polifac\u00e9ticu artista asturianu Rodrigo Cueves estren\u00f3 la pandereta m\u00e1s grande d&#8217;Espa\u00f1a, un pres\u00e9u musical de dos metros de di\u00e1metru, nel pueblu de Trab\u00e1u, nel conceyu de Dega\u00f1a, nuna nueva edici\u00f3n de &#8216;M\u00fasica y tradici\u00f3n&#8217; nel Xoril del Cunqueiru.<\/p>\n<p>Xuna de les grandes atracciones de la xornada, na que participaron m\u00e1s de 400 persones, foi la inauguraci\u00f3n de <strong>&#8216;A Panderet\u00faa di Trab\u00e1u&#8217;<\/strong>, la pandereta m\u00e1s grande d&#8217;Espa\u00f1a, tal que se\u00f1alaron los sos autores, los artesanos V\u00edctor Garc\u00eda y Rosa Cunqueira, referentes nel trabayu cunqueiro y del folclor tradicional.<\/p>\n<p><span style=\"color: #008080\"><strong>La pandereta tien m\u00e1s de dos metros d&#8217;altor.<\/strong> Los artesanos que lu construyeron afirmaron que \u00abta fecha de noc\u00e9u (madera de nogal)y ye m\u00e1s bien una escultura porque queda fixa sobre xuna peana al campu. Les ruxideiras, de metal, tienen unos 40 cent\u00edmetros de di\u00e1metru y, en cuanto al parche, poles sos dimensiones yera imposible poner la piel d&#8217;un animal y opt\u00f3se por utilizar una lona con una impresi\u00f3n qu&#8217;asonsa\u00f1a la piel y que nel centru lleva&#8217;l nuesu logotipu\u00bb. La idea surdi\u00f3 pa convertila nun elementu social y un s\u00edmbolu cultural con munches connotaciones\u00bb.<\/span><\/p>\n<p>Los artesanos V\u00edctor Garc\u00eda y Rosa *Cunqueira fixeron entrega al artista asturianu Rodrigo Cueves del so premiu <strong>&#8216;A Ruxideira d\u2019Ouru&#8217;, galard\u00f3n qu&#8217;otorguen a homes y muyeres implicaos na defensa del folclore y les tradiciones n&#8217;Asturies<\/strong>. Pa Cueves, que foi&#8217;l primeru en faer sonar, el pas\u00e1u s\u00e1badu, la enorme pandereta acompa\u00f1ando al baille, esti galard\u00f3n ye bien especial. \u00abPa mi, qu&#8217;esta xente alcuerdese de mi ye un honor. Trab\u00e1u ye un llugar bien importante pa la tradici\u00f3n y pa la m\u00fasica tradicional, onde siempres sientes quer\u00edu\u00bb.<\/p>\n<p>Celebr\u00f3se tami\u00e9n un &#8216;concechu&#8217; de participaci\u00f3n abierta sobro la pandereta, pres\u00e9u y s\u00edmbolu cultural&#8217;, onde xuna de les grandes protagonistes foi Mariluz del Corral\u00edn, madre de Rosa Cunqueira, y quien, ente otres coses, afirm\u00f3 que \u00abla pandereta ye la mio vida, ye daqu\u00e9 especial. Yo puedo tar murniu, pero coxu la pandereta y pongo a cantar. Ye bien sanu\u00bb. Tami\u00e9n intervinieron, ente otros, Xos\u00e9 Ant\u00f3n Amb\u00e1s y Rams\u00e9s Ilesies.<\/p>\n","protected":false},"excerpt":{"rendered":"<p>\u00a0El pres\u00e9u de dos metros de di\u00e1metru foi construy\u00edu polos artesanos V\u00edctor Garc\u00eda y Rosa Cunqueira, nel pequenu pueblu de Trab\u00e1u (Dega\u00f1a). Rodrigo Cueves fai sonar la pandereta, suxeta sobre xuna peana. 12 de xunu de 2022<\/p>\n","protected":false},"author":117,"featured_media":0,"comment_status":"open","ping_status":"open","sticky":false,"template":"","format":"standard","meta":{"footnotes":""},"categories":[35],"tags":[],"class_list":["post-25520","post","type-post","status-publish","format-standard","hentry","category-musica"],"_links":{"self":[{"href":"https:\/\/edublog.educastur.es\/ixuxu\/wp-json\/wp\/v2\/posts\/25520","targetHints":{"allow":["GET"]}}],"collection":[{"href":"https:\/\/edublog.educastur.es\/ixuxu\/wp-json\/wp\/v2\/posts"}],"about":[{"href":"https:\/\/edublog.educastur.es\/ixuxu\/wp-json\/wp\/v2\/types\/post"}],"author":[{"embeddable":true,"href":"https:\/\/edublog.educastur.es\/ixuxu\/wp-json\/wp\/v2\/users\/117"}],"replies":[{"embeddable":true,"href":"https:\/\/edublog.educastur.es\/ixuxu\/wp-json\/wp\/v2\/comments?post=25520"}],"version-history":[{"count":4,"href":"https:\/\/edublog.educastur.es\/ixuxu\/wp-json\/wp\/v2\/posts\/25520\/revisions"}],"predecessor-version":[{"id":25531,"href":"https:\/\/edublog.educastur.es\/ixuxu\/wp-json\/wp\/v2\/posts\/25520\/revisions\/25531"}],"wp:attachment":[{"href":"https:\/\/edublog.educastur.es\/ixuxu\/wp-json\/wp\/v2\/media?parent=25520"}],"wp:term":[{"taxonomy":"category","embeddable":true,"href":"https:\/\/edublog.educastur.es\/ixuxu\/wp-json\/wp\/v2\/categories?post=25520"},{"taxonomy":"post_tag","embeddable":true,"href":"https:\/\/edublog.educastur.es\/ixuxu\/wp-json\/wp\/v2\/tags?post=25520"}],"curies":[{"name":"wp","href":"https:\/\/api.w.org\/{rel}","templated":true}]}}