{"id":25579,"date":"2024-04-08T09:13:19","date_gmt":"2024-04-08T07:13:19","guid":{"rendered":"https:\/\/edublog.educastur.es\/ixuxu\/?p=25579"},"modified":"2024-04-09T22:14:32","modified_gmt":"2024-04-09T20:14:32","slug":"25579","status":"publish","type":"post","link":"https:\/\/edublog.educastur.es\/ixuxu\/2024\/04\/25579\/","title":{"rendered":"G\u00fcei vamos ser testigos d&#8217;un ecl\u00eds solar total"},"content":{"rendered":"<p style=\"text-align: center\">\n<!-- iframe plugin v.6.0 wordpress.org\/plugins\/iframe\/ -->\n<iframe loading=\"lazy\" src=\"https:\/\/www.facebook.com\/plugins\/post.php?href=https%3A%2F%2Fwww.facebook.com%2Fpermalink.php%3Fstory_fbid%3Dpfbid02QdbWSN3YrSiSbnF9uxuJ327xS2iq2beHdRRWhjT3fZduw2QsdAy9VmqgqiaVpkJ3l%26id%3D61551744726365&#038;show_text=true&#038;width=500\" width=\"500\" height=\"589\" style=\"border:none;overflow:hidden\" scrolling=\"no\" frameborder=\"0\" allowfullscreen=\"true\" allow=\"autoplay; clipboard-write; encrypted-media; picture-in-picture; web-share\" 0=\"\/iframe\" class=\"iframe-class\"><\/iframe>\n<\/p>\n<p style=\"text-align: center\"><a href=\"https:\/\/encrypted-tbn0.gstatic.com\/images?q=tbn:ANd9GcRbwatjGxg_EqA72E-JuqHBR4FTI9C6DeLIJdDEzE1yFA&amp;s\"><img loading=\"lazy\" decoding=\"async\" class=\"aligncenter size-full\" src=\"https:\/\/encrypted-tbn0.gstatic.com\/images?q=tbn:ANd9GcRbwatjGxg_EqA72E-JuqHBR4FTI9C6DeLIJdDEzE1yFA&amp;s\" width=\"317\" height=\"159\" \/><\/a><\/p>\n<p>G\u00fcei, 8 d&#8217;abril, vamos ser testigos d&#8217;un ecl\u00eds solar total. Esti fen\u00f3menu asocede cuando la Lluna asitiase ente&#8217;l Sol y la Tierra proxectando la so solombra sobro&#8217;l nuesu planeta, de tala manera que, dacuando, produzse la escurid\u00e1 total. En delles cultures esisten munchos mitos y supersticiones sobro los eclises solares.<\/p>\n<ul>\n<li><a href=\"https:\/\/www.facebook.com\/photo\/?fbid=122140982666112395&amp;set=pcb.978191347209433\">Heart Says<\/a> \/ <a href=\"https:\/\/www.facebook.com\/photo\/?fbid=122150147870058157&amp;set=a.122098463936058157\">Ecl\u00eds dende&#8217;l espaciu<\/a> \/<\/li>\n<\/ul>\n<p><!--more--><\/p>\n<p>G\u00fcei ye un d\u00eda especial para los amantes de l&#8217;astronom\u00eda. G\u00fcei ye&#8217;l d\u00eda del ecl\u00eds solar total que podr\u00e1 vese\u00a0 forma parcial dende les Isles Canaries y Galicia. Particularmente, nel estremu noroeste d&#8217;A Coru\u00f1a y en Santa Cruz de Tenerife, esp\u00e9rase una visibilid\u00e1 cercana o superior al 5%.<\/p>\n<p>Gracies a internet, los m\u00e1s interesaos podr\u00e1n siguilo \u00abin streaming\u00bb dende delles p\u00e1xines webs como&#8217;l portal de meteorolox\u00eda canadiense The Weather Network o dende la web de la NASA onde, aparte, van haber comentarios de los m\u00e1s espertos na tema.<\/p>\n<p><strong>Agora bien, para entender qu\u00e9 ye un ecl\u00eds, primero d\u00e9bense cumplir dos requisitos que los faen bien especiales. El primeru, ye que la Tierra y la Lluna tienen que tar perfectamente alliniaes, daqu\u00e9 que solo asocede cuando hai Lluna nueva o Lluna llena. El segundu requisitu ye que dambos astros tienen de tar alliniaos col Sol, daqu\u00e9 m\u00e1s complic\u00e1u.<\/strong><\/p>\n\n<!-- iframe plugin v.6.0 wordpress.org\/plugins\/iframe\/ -->\n<iframe loading=\"lazy\" src=\"https:\/\/www.facebook.com\/plugins\/post.php?href=https%3A%2F%2Fwww.facebook.com%2Fpermalink.php%3Fstory_fbid%3Dpfbid0wnazMh9bFUMgeSd8H5tU6PxMX2k8GUVtrK8kH7d2DUMR8DmwkrYLabMR7jdRo1ZSl%26id%3D100063248557779&#038;show_text=true&#038;width=500\" width=\"500\" height=\"628\" style=\"border:none;overflow:hidden\" scrolling=\"no\" frameborder=\"0\" allowfullscreen=\"true\" allow=\"autoplay; clipboard-write; encrypted-media; picture-in-picture; web-share\" 0=\"\/iframe\" class=\"iframe-class\"><\/iframe>\n\n<p>&nbsp;<\/p>\n<p>Cuando&#8217;l nuesu sat\u00e9lite queda en mediu del Sol y la Tierra vemos un ecl\u00eds solar, que son los que crean m\u00e1s mires y ye el que va asoceder g\u00fcei mesmu. Per otru llau, cuando la Lluna queda detr\u00e1s de la Tierra al respective de la nuesa estrella, ye un ecl\u00eds llunar, perdiendo&#8217;l so rellumu por cuenta de la nuesa solombra proxectada, que ye&#8217;l qu&#8217;asocedi\u00f3&#8217;l pas\u00e1u 25 de marzu.\u00a0 <a href=\"https:\/\/www.facebook.com\/astronomiaycosmologia\/videos\/916873329761698\">VIDEU<\/a><\/p>\n\n<!-- iframe plugin v.6.0 wordpress.org\/plugins\/iframe\/ -->\n<iframe loading=\"lazy\" src=\"https:\/\/www.facebook.com\/plugins\/video.php?height=476&#038;href=https%3A%2F%2Fwww.facebook.com%2Fastronomiaycosmologia%2Fvideos%2F916873329761698%2F&#038;show_text=false&#038;width=264&#038;t=0\" width=\"264\" height=\"476\" style=\"border:none;overflow:hidden\" scrolling=\"no\" frameborder=\"0\" allowfullscreen=\"true\" allow=\"autoplay; clipboard-write; encrypted-media; picture-in-picture; web-share\" 0=\"\/iframe\" class=\"iframe-class\"><\/iframe>\n\n","protected":false},"excerpt":{"rendered":"<p>G\u00fcei, 8 d&#8217;abril, vamos ser testigos d&#8217;un ecl\u00eds solar total. Esti fen\u00f3menu asocede cuando la Lluna asitiase ente&#8217;l Sol y la Tierra proxectando la so solombra sobro&#8217;l nuesu planeta, de tala manera que, dacuando, produzse la escurid\u00e1 total. En delles cultures esisten munchos mitos y supersticiones sobro los eclises solares. Heart Says \/ Ecl\u00eds dende&#8217;l [&hellip;]<\/p>\n","protected":false},"author":117,"featured_media":0,"comment_status":"open","ping_status":"open","sticky":false,"template":"","format":"standard","meta":{"footnotes":""},"categories":[5],"tags":[],"class_list":["post-25579","post","type-post","status-publish","format-standard","hentry","category-tiempu"],"_links":{"self":[{"href":"https:\/\/edublog.educastur.es\/ixuxu\/wp-json\/wp\/v2\/posts\/25579","targetHints":{"allow":["GET"]}}],"collection":[{"href":"https:\/\/edublog.educastur.es\/ixuxu\/wp-json\/wp\/v2\/posts"}],"about":[{"href":"https:\/\/edublog.educastur.es\/ixuxu\/wp-json\/wp\/v2\/types\/post"}],"author":[{"embeddable":true,"href":"https:\/\/edublog.educastur.es\/ixuxu\/wp-json\/wp\/v2\/users\/117"}],"replies":[{"embeddable":true,"href":"https:\/\/edublog.educastur.es\/ixuxu\/wp-json\/wp\/v2\/comments?post=25579"}],"version-history":[{"count":11,"href":"https:\/\/edublog.educastur.es\/ixuxu\/wp-json\/wp\/v2\/posts\/25579\/revisions"}],"predecessor-version":[{"id":25716,"href":"https:\/\/edublog.educastur.es\/ixuxu\/wp-json\/wp\/v2\/posts\/25579\/revisions\/25716"}],"wp:attachment":[{"href":"https:\/\/edublog.educastur.es\/ixuxu\/wp-json\/wp\/v2\/media?parent=25579"}],"wp:term":[{"taxonomy":"category","embeddable":true,"href":"https:\/\/edublog.educastur.es\/ixuxu\/wp-json\/wp\/v2\/categories?post=25579"},{"taxonomy":"post_tag","embeddable":true,"href":"https:\/\/edublog.educastur.es\/ixuxu\/wp-json\/wp\/v2\/tags?post=25579"}],"curies":[{"name":"wp","href":"https:\/\/api.w.org\/{rel}","templated":true}]}}