{"id":25604,"date":"2024-04-08T09:40:36","date_gmt":"2024-04-08T07:40:36","guid":{"rendered":"https:\/\/edublog.educastur.es\/ixuxu\/?p=25604"},"modified":"2024-04-08T09:54:56","modified_gmt":"2024-04-08T07:54:56","slug":"25604","status":"publish","type":"post","link":"https:\/\/edublog.educastur.es\/ixuxu\/2024\/04\/25604\/","title":{"rendered":"Cartelu para&#8217;l #D\u00edaDelLibro &#8217;24"},"content":{"rendered":"<p>Y\u00e1 tenemos cartelu para&#8217;l #D\u00edaDelLibro &#8217;24 realiz\u00e1u pola ilustradora zaragozana Helena Pallar\u00e9s. Na so obra <span style=\"color: #008080\"><strong>quixo representar la pasi\u00f3n pola llectura, seg\u00fan la capacid\u00e1 que tienen los llibros para faer qu&#8217;abandonemos nes sos hestories y que estes acaben formando parte de lo que somos.<\/strong><\/span><\/p>\n<p style=\"text-align: center\"><a href=\"https:\/\/www.cegal.es\/wp-content\/uploads\/2024\/04\/CARTEL_DIA_LIBRO_CASTELLANO-scaled.jpg\"><img loading=\"lazy\" decoding=\"async\" class=\"aligncenter \" src=\"https:\/\/www.cegal.es\/wp-content\/uploads\/2024\/04\/CARTEL_DIA_LIBRO_CASTELLANO-scaled.jpg\" width=\"395\" height=\"559\" \/><\/a><\/p>\n<ul>\n<li><a href=\"https:\/\/www.cegal.es\/se-presenta-el-cartel-para-el-dia-del-libro-2024\/?fbclid=IwAR2xbQldgM6dECHLakw2lTwG0cGYOKQ8aIEZdhpU2OYpwg7Hoip_UuW9W1M_aem_AWpmxrxMU4aW81tBCXdL2zZR485OpbADupM81NCIqOLT12TbSQTJZJXqIj8xmnO5vxaPjgVggGFFIKD8_AElPXtg\">Ministeriu de Cultura Direcci\u00f3n Xeneral del Llibru, del C\u00f3mic y de la Llectura<\/a><\/li>\n<li><a href=\"https:\/\/www.cegal.es\/wp-content\/uploads\/2024\/04\/CARTEL_DIA_LIBRO_CASTELLANO-scaled.jpg\">Cartelu castell\u00e1n<\/a> \/<\/li>\n<\/ul>\n<p><!--more--><\/p>\n<p>El 23 d&#8217;abril conmemora&#8217;l <strong>D\u00eda Mundial del Llibru y del Derechu d&#8217;Autor<\/strong>. Proclamada pola Conferencia Xeneral de la UNESCO en 1995, esta fecha simb\u00f3lica de la lliteratura universal coincide cola de la desapaici\u00f3n de\u00a0 los escritores William Shakespeare, Miguel de Cervantes ya Garcilaso de la Vega. Esti d\u00eda rinde homenaxe a los llibros y a los autores y fomenta l&#8217;accesu a la llectura para&#8217;l mayor n\u00famberu posible de persones.<\/p>\n<p>Am\u00e1s, nesti d\u00eda la UNESCO y les organizaciones internacionales que representen a los tr\u00e9s principales sectores de la industria del llibro \u2212editores, llibreros y biblioteques\u2212 escueyen una ciud\u00e1 como Capital Mundial del Llibru para caltener l&#8217;impulsu de les celebraciones d&#8217;esti d\u00eda hasta&#8217;l 23 d&#8217;abril del a\u00f1u siguiente.<strong> Esti 2024 la ciud\u00e1 escoyida foi Estrasburgo.<\/strong><\/p>\n<p>Como cada a\u00f1u, CEGAL sumise a la celebraci\u00f3n d&#8217;esti d\u00eda encargando a una ilustradora el dise\u00f1u del so cartelu conmemorativo. Angua\u00f1o la so autora ye Helena Pallar\u00e9s, ilustradora, dise\u00f1adora y artista visual nacida en Zaragoza y afincada en Par\u00eds, que nos cunt\u00f3 qu\u00e9 quixo espresar cola so propuesta:<\/p>\n<p><span style=\"color: #008080\"><em>La muyer qu&#8217;apaez nel cartelu ta lleendo mientres envolubra y abraza el llibru, casi como si tratase d&#8217;una amiga. Coles mesmes, el llibru color\u00e1u asitiase nel centru de la figura, como una suerte de coraz\u00f3n, que completa y forma parte de la llectora. La mio intenci\u00f3n con esta ilustraci\u00f3n yera representar la pasi\u00f3n pola llectura, seg\u00fan la capacid\u00e1 que tienen los llibros para faer qu&#8217;abandonemos nes sos hestories y que estes acaben formando parte de lo que somos.<\/em><\/span><\/p>\n<ul>\n<li><a href=\"https:\/\/helenapallares.com\">\u00a0https:\/\/helenapallares.com<\/a> \/ <a href=\"https:\/\/www.instagram.com\/helena_pallares\">https:\/\/www.instagram.com\/helena_pallares<\/a><\/li>\n<\/ul>\n<p style=\"text-align: center\"><a href=\"https:\/\/www.cegal.es\/wp-content\/uploads\/2024\/04\/Helena_foto-1024x843.jpg\"><img loading=\"lazy\" decoding=\"async\" class=\"aligncenter size-full\" src=\"https:\/\/www.cegal.es\/wp-content\/uploads\/2024\/04\/Helena_foto-1024x843.jpg\" width=\"1024\" height=\"843\" \/><\/a><\/p>\n<p>&nbsp;<\/p>\n","protected":false},"excerpt":{"rendered":"<p>Y\u00e1 tenemos cartelu para&#8217;l #D\u00edaDelLibro &#8217;24 realiz\u00e1u pola ilustradora zaragozana Helena Pallar\u00e9s. Na so obra quixo representar la pasi\u00f3n pola llectura, seg\u00fan la capacid\u00e1 que tienen los llibros para faer qu&#8217;abandonemos nes sos hestories y que estes acaben formando parte de lo que somos. Ministeriu de Cultura Direcci\u00f3n Xeneral del Llibru, del C\u00f3mic y de [&hellip;]<\/p>\n","protected":false},"author":117,"featured_media":0,"comment_status":"open","ping_status":"open","sticky":false,"template":"","format":"standard","meta":{"footnotes":""},"categories":[214,6],"tags":[],"class_list":["post-25604","post","type-post","status-publish","format-standard","hentry","category-cartelos","category-dia-de"],"_links":{"self":[{"href":"https:\/\/edublog.educastur.es\/ixuxu\/wp-json\/wp\/v2\/posts\/25604","targetHints":{"allow":["GET"]}}],"collection":[{"href":"https:\/\/edublog.educastur.es\/ixuxu\/wp-json\/wp\/v2\/posts"}],"about":[{"href":"https:\/\/edublog.educastur.es\/ixuxu\/wp-json\/wp\/v2\/types\/post"}],"author":[{"embeddable":true,"href":"https:\/\/edublog.educastur.es\/ixuxu\/wp-json\/wp\/v2\/users\/117"}],"replies":[{"embeddable":true,"href":"https:\/\/edublog.educastur.es\/ixuxu\/wp-json\/wp\/v2\/comments?post=25604"}],"version-history":[{"count":6,"href":"https:\/\/edublog.educastur.es\/ixuxu\/wp-json\/wp\/v2\/posts\/25604\/revisions"}],"predecessor-version":[{"id":25616,"href":"https:\/\/edublog.educastur.es\/ixuxu\/wp-json\/wp\/v2\/posts\/25604\/revisions\/25616"}],"wp:attachment":[{"href":"https:\/\/edublog.educastur.es\/ixuxu\/wp-json\/wp\/v2\/media?parent=25604"}],"wp:term":[{"taxonomy":"category","embeddable":true,"href":"https:\/\/edublog.educastur.es\/ixuxu\/wp-json\/wp\/v2\/categories?post=25604"},{"taxonomy":"post_tag","embeddable":true,"href":"https:\/\/edublog.educastur.es\/ixuxu\/wp-json\/wp\/v2\/tags?post=25604"}],"curies":[{"name":"wp","href":"https:\/\/api.w.org\/{rel}","templated":true}]}}