{"id":25633,"date":"2024-04-05T18:14:50","date_gmt":"2024-04-05T16:14:50","guid":{"rendered":"https:\/\/edublog.educastur.es\/ixuxu\/?p=25633"},"modified":"2024-04-08T10:19:43","modified_gmt":"2024-04-08T08:19:43","slug":"tasio-proyectu-delectronica-y-asturianada","status":"publish","type":"post","link":"https:\/\/edublog.educastur.es\/ixuxu\/2024\/04\/tasio-proyectu-delectronica-y-asturianada\/","title":{"rendered":"Tasio: proyectu d\u2019electr\u00f3nica y asturianada"},"content":{"rendered":"<ul>\n<li class=\"entry-title qode-post-title\">\n<h3><a href=\"https:\/\/musicasturiana.com\/naz-tasio-proyectu-delectronica-y-asturianada-del-que-ya-se-pueden-sentir-dos-cantares\/?fbclid=IwAR3Lhv40Byf95FUtFlJFv51HuidgRaZRMwKh4b_tfffVMAfKWaZif0Hbh3g_aem_AWpnXJTzPbl_MT3HLGH4ltxIqwXg9E7HeVutMBOUpZtJtFU0gUiKsRH8Mtx9TEt3lLrHdYInnXAbtFRuCOhID7n6\"><span style=\"font-size: 14px\">Naz Tasio, proyectu d\u2019electr\u00f3nica y asturianada del que y\u00e1 se pueden sentir dos cantares. Fonte: M\u00fasucasturiana.com<\/span><\/a><\/h3>\n<\/li>\n<li>Tasio:<a href=\"https:\/\/open.spotify.com\/intl-es\/artist\/0sP3kU1bLTxyilJiHD0Lqq\"> Spotify<\/a> \/<\/li>\n<\/ul>\n<section class=\"dbKIqeJaR5jYCnOeeDJt gB6AcMixPEmdr96SUSBM\">\n<pre class=\"U_nX_1rJoqQSWPJRE6zb\" data-testid=\"iframe-code\">\n<!-- iframe plugin v.6.0 wordpress.org\/plugins\/iframe\/ -->\n<iframe style=\"border-radius:12px\" src=\"https:\/\/open.spotify.com\/embed\/track\/1DUXT1N3hejwJZHmFAJG3g?utm_source=generator\" width=\"100%\" height=\"352\" frameborder=\"0\" allowfullscreen allow=\"autoplay; clipboard-write; encrypted-media; fullscreen; \r\npicture-in-picture\" loading=\"lazy\" 0=\"\/iframe\" scrolling=\"yes\" class=\"iframe-class\"><\/iframe>\n<\/pre>\n<\/section>\n<p>G\u00fcei s\u2019estrenen en toles plataformes musicales los dos primeros cantares de <strong>Tasio<\/strong>, un proyectu nuevu de<strong> Dudu Garc\u00eda<\/strong>. \u201c<a href=\"https:\/\/open.spotify.com\/intl-es\/track\/1DUXT1N3hejwJZHmFAJG3g?si=f242310462fa4640\" target=\"_blank\" rel=\"noreferrer noopener\">Tener praos<\/a>\u201d y \u201c<a href=\"https:\/\/open.spotify.com\/intl-es\/track\/1TLsHpc0zSf5yrlJ3uMx2C?si=12ecabb1fd564cb7\">Texedora<\/a>\u201d son les pieces coles qu\u2019esti m\u00fasicu curt\u00edu en formaciones como <strong>Merl\u00edn, Cuchu o El Velcro<\/strong>, decide \u00abda-y un calter m\u00e1s personal\u00bb a la so m\u00fasica y \u00abdesendolcar la <strong>faceta de cantante<\/strong>\u00bb. D\u2019esta manera axunta dos son\u00edos colos que lleva \u00abrabilando cuasi dos d\u00e9cades\u00bb: la <strong>m\u00fasica tradicional y la electr\u00f3nica<\/strong>.<\/p>\n<p><!--more--><\/p>\n\n<!-- iframe plugin v.6.0 wordpress.org\/plugins\/iframe\/ -->\n<iframe style=\"border-radius:12px\" src=\"https:\/\/open.spotify.com\/embed\/track\/1TLsHpc0zSf5yrlJ3uMx2C?utm_source=generator\" width=\"100%\" height=\"352\" frameborder=\"0\" allowfullscreen allow=\"autoplay; clipboard-write; encrypted-media; fullscreen; picture-in-picture\" loading=\"lazy\" 0=\"\/iframe\" scrolling=\"yes\" class=\"iframe-class\"><\/iframe>\n\n<p>\u00abLa electr\u00f3nica fai d\u2019arrope y aporta llinies de baxu y bombu que faen <strong>medrar <\/strong>un poco m\u00e1s el son\u00edu de la ton\u00e1\u00bb, desplica Garc\u00eda. Asina ye como <strong>\u201cTener praos\u201d<\/strong> ye \u00abuna composici\u00f3n que vien de la necesid\u00e1 de <strong>facer temes propios<\/strong> pa sentir la<strong> tonada como daqu\u00e9 m\u00e1s actual<\/strong>\u00bb, mentes que <strong>\u201cTexedora\u201d<\/strong> ye una reinterpretaci\u00f3n de l\u2019asturianada \u201cTexedora de bayu\u201d: \u00abDeprend\u00ed\u2019l cantar fai y\u00e1 bastantes a\u00f1os del cantante <strong>Horacio Huerta<\/strong>, que grab\u00f3 esti tema col grupu <strong>Lliberd\u00f3n <\/strong>y tien especial importancia pa m\u00edn porque foi parte de la mio <strong>infancia<\/strong>\u00bb.<\/p>\n<p>Les dos canciones son el puntu de partida de Tasio, un proyectu que, como desplica Dudu Garc\u00eda, ta \u00ab<strong>orient\u00e1u a facer directos<\/strong>\u00bb y nel que van tar tami\u00e9n presentes \u00abdalgunes <strong>pieces pal baille<\/strong> nel mesmu sen de meter electr\u00f3nica pall\u00e1\u00bb. Angua\u00f1o\u2019l m\u00fasicu ta trabayando en \u00ab<strong>m\u00e1s temes nuevos<\/strong> con composiciones propies\u00bb y anque nun quiera reclamase \u00abcomo un renovador de la canci\u00f3n asturiana\u00bb, la so propuesta s\u00ed que vien a <strong>arriquecer esti x\u00e9neru<\/strong> xunto a otros proyectos qu\u2019\u00e9l mesmo destaca como los de<strong> Fruela 757 <\/strong>o <strong>Llev\u00f3lu\u2019l Sumiciu<\/strong>. \u00abVeo\u2019l futuru de l\u2019asturianada como dalgo <strong>m\u00e1s color\u00edu y menos acot\u00e1u<\/strong>\u00bb, sentencia l\u2019alter egu de Tasio <strong>poniendo <\/strong>optimismu sobre\u2019l cam\u00edn que tien per delantre esti son de raiga\u00f1u.<\/p>\n<p style=\"text-align: center\"><a href=\"https:\/\/musicasturiana.com\/wp-content\/uploads\/2024\/04\/tasio-electronica-asturianada.jpg\">https:\/\/musicasturiana.com\/wp-content\/uploads\/2024\/04\/tasio-electronica-asturianada.jpg<\/a><\/p>\n<p>&nbsp;<\/p>\n","protected":false},"excerpt":{"rendered":"<p>Naz Tasio, proyectu d\u2019electr\u00f3nica y asturianada del que y\u00e1 se pueden sentir dos cantares. Fonte: M\u00fasucasturiana.com Tasio: Spotify \/ G\u00fcei s\u2019estrenen en toles plataformes musicales los dos primeros cantares de Tasio, un proyectu nuevu de Dudu Garc\u00eda. \u201cTener praos\u201d y \u201cTexedora\u201d son les pieces coles qu\u2019esti m\u00fasicu curt\u00edu en formaciones como Merl\u00edn, Cuchu o El [&hellip;]<\/p>\n","protected":false},"author":117,"featured_media":0,"comment_status":"open","ping_status":"open","sticky":false,"template":"","format":"standard","meta":{"footnotes":""},"categories":[29,125],"tags":[],"class_list":["post-25633","post","type-post","status-publish","format-standard","hentry","category-articulos","category-musicasturiana-com"],"_links":{"self":[{"href":"https:\/\/edublog.educastur.es\/ixuxu\/wp-json\/wp\/v2\/posts\/25633","targetHints":{"allow":["GET"]}}],"collection":[{"href":"https:\/\/edublog.educastur.es\/ixuxu\/wp-json\/wp\/v2\/posts"}],"about":[{"href":"https:\/\/edublog.educastur.es\/ixuxu\/wp-json\/wp\/v2\/types\/post"}],"author":[{"embeddable":true,"href":"https:\/\/edublog.educastur.es\/ixuxu\/wp-json\/wp\/v2\/users\/117"}],"replies":[{"embeddable":true,"href":"https:\/\/edublog.educastur.es\/ixuxu\/wp-json\/wp\/v2\/comments?post=25633"}],"version-history":[{"count":5,"href":"https:\/\/edublog.educastur.es\/ixuxu\/wp-json\/wp\/v2\/posts\/25633\/revisions"}],"predecessor-version":[{"id":25639,"href":"https:\/\/edublog.educastur.es\/ixuxu\/wp-json\/wp\/v2\/posts\/25633\/revisions\/25639"}],"wp:attachment":[{"href":"https:\/\/edublog.educastur.es\/ixuxu\/wp-json\/wp\/v2\/media?parent=25633"}],"wp:term":[{"taxonomy":"category","embeddable":true,"href":"https:\/\/edublog.educastur.es\/ixuxu\/wp-json\/wp\/v2\/categories?post=25633"},{"taxonomy":"post_tag","embeddable":true,"href":"https:\/\/edublog.educastur.es\/ixuxu\/wp-json\/wp\/v2\/tags?post=25633"}],"curies":[{"name":"wp","href":"https:\/\/api.w.org\/{rel}","templated":true}]}}