{"id":25645,"date":"2024-04-08T10:32:16","date_gmt":"2024-04-08T08:32:16","guid":{"rendered":"https:\/\/edublog.educastur.es\/ixuxu\/?p=25645"},"modified":"2024-04-08T10:33:00","modified_gmt":"2024-04-08T08:33:00","slug":"el-certame-de-la-faba-asturiana-igp","status":"publish","type":"post","link":"https:\/\/edublog.educastur.es\/ixuxu\/2024\/04\/el-certame-de-la-faba-asturiana-igp\/","title":{"rendered":"El Certame de la Faba Asturiana IGP"},"content":{"rendered":"<p style=\"text-align: center\"><a href=\"https:\/\/estaticos-cdn.prensaiberica.es\/clip\/821f9320-c134-42fe-a078-3dce22d3593a_16-9-discover-aspect-ratio_default_0.jpg\"><img loading=\"lazy\" decoding=\"async\" class=\"aligncenter size-full\" src=\"https:\/\/estaticos-cdn.prensaiberica.es\/clip\/821f9320-c134-42fe-a078-3dce22d3593a_16-9-discover-aspect-ratio_default_0.jpg\" width=\"1200\" height=\"675\" \/><\/a><\/p>\n<p>El Certame de la <span style=\"color: #008080\"><strong>Faba Asturiana IGP<\/strong> <\/span>y\u00e1 tien ganador. Son les fabes de La Barreda, que se cultiven n&#8217;Arg\u00fcelles (Siero), y Celia Vallina, el so titular, recoy\u00f3 ayeri en Grau, onde se celebra la cita, el premiu de manos del conseyeru de Mediu Rural, Marcelino Marcos. \u00abYe un pagu bien grande al esfuerzu que faemos tolos d\u00edes\u00bb, se\u00f1al\u00f3 ayeri Vallina, que destac\u00f3&#8217;l fechu de tar dientro de la IGP Faba Asturiana ye \u00abuna garant\u00eda de la calid\u00e1 qu&#8217;ufiertamos a la xente\u00bb.<\/p>\n<ul>\n<li>Fonte: <a href=\"https:\/\/www.lne.es\/siero\/2024\/04\/08\/mejor-faba-asturiana-igp-produce-100760685.html\">LNE<\/a> \/<\/li>\n<li><a href=\"https:\/\/www.mapa.gob.es\/es\/alimentacion\/temas\/calidad-diferenciada\/dop-igp\/legumbres\/IGP_fabastur.aspx\">IGP FABA ASTURIANA<\/a><\/li>\n<\/ul>\n<p><!--more--><\/p>\n<p style=\"text-align: center\"><a href=\"https:\/\/pbs.twimg.com\/profile_images\/903595110994251777\/pcyLWa04_400x400.jpg\"><img loading=\"lazy\" decoding=\"async\" class=\"aligncenter size-full\" src=\"https:\/\/pbs.twimg.com\/profile_images\/903595110994251777\/pcyLWa04_400x400.jpg\" width=\"400\" height=\"400\" \/><\/a><\/p>\n<p>&nbsp;<\/p>\n<p>Celia Vallina ta en dellos mercaos davezu con Diego D\u00e1vila y comercialicen los sos fabes tanto envasaes\u00a0 como a granel. N&#8217;Arg\u00fcelles (Siero) semen sobre diez hect\u00e1rees de terr\u00e9n. La collecha depu\u00e9s depende de munchos factores y angua\u00f1o, pol tiempu, nun foi bona, como destaquen tanto dende la IGP como los\u00a0 productores. Pero, aprosimao, de #cada hect\u00e1rea pueden salir ente 1.600 y 1.700 quilos de fabes seg\u00fan un c\u00e1lculu \u00absobro la marcha\u00bb.<\/p>\n","protected":false},"excerpt":{"rendered":"<p>El Certame de la Faba Asturiana IGP y\u00e1 tien ganador. Son les fabes de La Barreda, que se cultiven n&#8217;Arg\u00fcelles (Siero), y Celia Vallina, el so titular, recoy\u00f3 ayeri en Grau, onde se celebra la cita, el premiu de manos del conseyeru de Mediu Rural, Marcelino Marcos. \u00abYe un pagu bien grande al esfuerzu que [&hellip;]<\/p>\n","protected":false},"author":117,"featured_media":0,"comment_status":"open","ping_status":"open","sticky":false,"template":"","format":"standard","meta":{"footnotes":""},"categories":[138,74,335],"tags":[],"class_list":["post-25645","post","type-post","status-publish","format-standard","hentry","category-alimentos","category-certame","category-dop-igp"],"_links":{"self":[{"href":"https:\/\/edublog.educastur.es\/ixuxu\/wp-json\/wp\/v2\/posts\/25645","targetHints":{"allow":["GET"]}}],"collection":[{"href":"https:\/\/edublog.educastur.es\/ixuxu\/wp-json\/wp\/v2\/posts"}],"about":[{"href":"https:\/\/edublog.educastur.es\/ixuxu\/wp-json\/wp\/v2\/types\/post"}],"author":[{"embeddable":true,"href":"https:\/\/edublog.educastur.es\/ixuxu\/wp-json\/wp\/v2\/users\/117"}],"replies":[{"embeddable":true,"href":"https:\/\/edublog.educastur.es\/ixuxu\/wp-json\/wp\/v2\/comments?post=25645"}],"version-history":[{"count":2,"href":"https:\/\/edublog.educastur.es\/ixuxu\/wp-json\/wp\/v2\/posts\/25645\/revisions"}],"predecessor-version":[{"id":25647,"href":"https:\/\/edublog.educastur.es\/ixuxu\/wp-json\/wp\/v2\/posts\/25645\/revisions\/25647"}],"wp:attachment":[{"href":"https:\/\/edublog.educastur.es\/ixuxu\/wp-json\/wp\/v2\/media?parent=25645"}],"wp:term":[{"taxonomy":"category","embeddable":true,"href":"https:\/\/edublog.educastur.es\/ixuxu\/wp-json\/wp\/v2\/categories?post=25645"},{"taxonomy":"post_tag","embeddable":true,"href":"https:\/\/edublog.educastur.es\/ixuxu\/wp-json\/wp\/v2\/tags?post=25645"}],"curies":[{"name":"wp","href":"https:\/\/api.w.org\/{rel}","templated":true}]}}