{"id":25660,"date":"2024-04-06T10:00:22","date_gmt":"2024-04-06T08:00:22","guid":{"rendered":"https:\/\/edublog.educastur.es\/ixuxu\/?p=25660"},"modified":"2024-04-08T11:36:45","modified_gmt":"2024-04-08T09:36:45","slug":"dia-mundial-de-lactivida-fisica-2","status":"publish","type":"post","link":"https:\/\/edublog.educastur.es\/ixuxu\/2024\/04\/dia-mundial-de-lactivida-fisica-2\/","title":{"rendered":"D\u00eda Mundial de l&#8217;Activid\u00e1 F\u00edsica"},"content":{"rendered":"<p style=\"text-align: center\"><a href=\"https:\/\/static.wixstatic.com\/media\/9bd96f_87a4c22d0db04608b6f0dc95e2915e60~mv2.png\/v1\/fill\/w_740,h_387,al_c,q_85,usm_0.66_1.00_0.01,enc_auto\/9bd96f_87a4c22d0db04608b6f0dc95e2915e60~mv2.png\"><img loading=\"lazy\" decoding=\"async\" class=\"aligncenter size-full\" src=\"https:\/\/static.wixstatic.com\/media\/9bd96f_87a4c22d0db04608b6f0dc95e2915e60~mv2.png\/v1\/fill\/w_740,h_387,al_c,q_85,usm_0.66_1.00_0.01,enc_auto\/9bd96f_87a4c22d0db04608b6f0dc95e2915e60~mv2.png\" width=\"740\" height=\"387\" \/><\/a><\/p>\n<p>El 6 d&#8217;abril cel\u00e9brase en tol mundu&#8217;l D\u00eda Mundial de l&#8217;Activid\u00e1 F\u00edsica, <strong>una efem\u00e9ride que busca promover la importancia de llevar un estilu de vida activu y saludable.<\/strong> Nesta xornada, fom\u00e9ntase la pr\u00e1ctica regular d&#8217;exerciciu f\u00edsicu como mediu pa prevenir enfermedaes y ameyorar la calid\u00e1 de vida.<\/p>\n<p><!--more--><\/p>\n\n<!-- iframe plugin v.6.0 wordpress.org\/plugins\/iframe\/ -->\n<iframe loading=\"lazy\" width=\"100%\" height=\"395\" src=\"https:\/\/www.youtube.com\/embed\/QSFJwkafeSM\" title=\"6 de abril | D\u00eda Mundial Actividad F\u00edsica\" frameborder=\"0\" allow=\"accelerometer; autoplay; clipboard-write; encrypted-media; gyroscope; picture-in-picture; web-share\" referrerpolicy=\"strict-origin-when-cross-origin\" 0=\"allowfullscreen\" 1=\"\/iframe\" scrolling=\"yes\" class=\"iframe-class\"><\/iframe>\n\n<p>&nbsp;<\/p>\n","protected":false},"excerpt":{"rendered":"<p>El 6 d&#8217;abril cel\u00e9brase en tol mundu&#8217;l D\u00eda Mundial de l&#8217;Activid\u00e1 F\u00edsica, una efem\u00e9ride que busca promover la importancia de llevar un estilu de vida activu y saludable. Nesta xornada, fom\u00e9ntase la pr\u00e1ctica regular d&#8217;exerciciu f\u00edsicu como mediu pa prevenir enfermedaes y ameyorar la calid\u00e1 de vida.<\/p>\n","protected":false},"author":117,"featured_media":0,"comment_status":"open","ping_status":"open","sticky":false,"template":"","format":"standard","meta":{"footnotes":""},"categories":[6],"tags":[],"class_list":["post-25660","post","type-post","status-publish","format-standard","hentry","category-dia-de"],"_links":{"self":[{"href":"https:\/\/edublog.educastur.es\/ixuxu\/wp-json\/wp\/v2\/posts\/25660","targetHints":{"allow":["GET"]}}],"collection":[{"href":"https:\/\/edublog.educastur.es\/ixuxu\/wp-json\/wp\/v2\/posts"}],"about":[{"href":"https:\/\/edublog.educastur.es\/ixuxu\/wp-json\/wp\/v2\/types\/post"}],"author":[{"embeddable":true,"href":"https:\/\/edublog.educastur.es\/ixuxu\/wp-json\/wp\/v2\/users\/117"}],"replies":[{"embeddable":true,"href":"https:\/\/edublog.educastur.es\/ixuxu\/wp-json\/wp\/v2\/comments?post=25660"}],"version-history":[{"count":4,"href":"https:\/\/edublog.educastur.es\/ixuxu\/wp-json\/wp\/v2\/posts\/25660\/revisions"}],"predecessor-version":[{"id":25664,"href":"https:\/\/edublog.educastur.es\/ixuxu\/wp-json\/wp\/v2\/posts\/25660\/revisions\/25664"}],"wp:attachment":[{"href":"https:\/\/edublog.educastur.es\/ixuxu\/wp-json\/wp\/v2\/media?parent=25660"}],"wp:term":[{"taxonomy":"category","embeddable":true,"href":"https:\/\/edublog.educastur.es\/ixuxu\/wp-json\/wp\/v2\/categories?post=25660"},{"taxonomy":"post_tag","embeddable":true,"href":"https:\/\/edublog.educastur.es\/ixuxu\/wp-json\/wp\/v2\/tags?post=25660"}],"curies":[{"name":"wp","href":"https:\/\/api.w.org\/{rel}","templated":true}]}}