{"id":25761,"date":"2024-04-10T14:25:24","date_gmt":"2024-04-10T12:25:24","guid":{"rendered":"https:\/\/edublog.educastur.es\/ixuxu\/?p=25761"},"modified":"2024-04-10T14:29:24","modified_gmt":"2024-04-10T12:29:24","slug":"25761","status":"publish","type":"post","link":"https:\/\/edublog.educastur.es\/ixuxu\/2024\/04\/25761\/","title":{"rendered":"N&#8217;unos d\u00edes, empezar\u00e1 la marav\u00eda del floriamientu de los pumares"},"content":{"rendered":"<div class=\"\" dir=\"auto\">\n<div class=\"\" dir=\"auto\">\n<div class=\"x1iorvi4 x1pi30zi x1l90r2v x1swvt13\" data-ad-comet-preview=\"message\" data-ad-preview=\"message\">\n<div class=\"x78zum5 xdt5ytf xz62fqu x16ldp7u\">\n<div class=\"xu06os2 x1ok221b\">\n<div class=\"xdj266r x11i5rnm xat24cr x1mh8g0r x1vvkbs x126k92a\">\n<div dir=\"auto\" style=\"text-align: center\">\n<!-- iframe plugin v.6.0 wordpress.org\/plugins\/iframe\/ -->\n<iframe loading=\"lazy\" src=\"https:\/\/www.facebook.com\/plugins\/post.php?href=https%3A%2F%2Fwww.facebook.com%2FMaxiasturies%2Fposts%2Fpfbid02qmLE7aFGjHskctVAdLp54aNwQqb6qDjNBBL8MpG5zYfWCn5dUuN13of79QjcLBdJl&#038;show_text=false&#038;width=500\" width=\"500\" height=\"375\" style=\"border:none;overflow:hidden\" scrolling=\"no\" frameborder=\"0\" allowfullscreen=\"true\" allow=\"autoplay; clipboard-write; encrypted-media; picture-in-picture; web-share\" 0=\"\/iframe\" class=\"iframe-class\"><\/iframe>\n<\/div>\n<div dir=\"auto\"><\/div>\n<div dir=\"auto\">Dientro d&#8217;unos d\u00edes, empezara la marav\u00eda Asturiana del floriamientu de los pumares, fant\u00e1stica ocasi\u00f3n pa visitar la Contorna de la sidra.<\/div>\n<ul>\n<li dir=\"auto\"><a href=\"https:\/\/www.facebook.com\/photo\/?fbid=845319570956139&amp;set=a.458245742996859\">Semeya:<\/a> Maxi <a class=\"x1i10hfl xjbqb8w x1ejq31n xd10rxx x1sy0etr x17r0tee x972fbf xcfux6l x1qhh985 xm0m39n x9f619 x1ypdohk xt0psk2 xe8uvvx xdj266r x11i5rnm xat24cr x1mh8g0r xexx8yu x4uap5 x18d9i69 xkhd6sd x16tdsg8 x1hl2dhg xggy1nq x1a2a7pz xt0b8zv x1fey0fg xo1l8bm\" role=\"link\" href=\"https:\/\/www.facebook.com\/Maxiasturies?__cft__[0]=AZWwlYzQAMoWfowlmpCECkUmHVNyZHp9Lh8WCPkerNDRc-8s2zrmckd7x1MEekjUm-AC_YjETdoyJ2MSwKnVXQIZ4w__0WeribljcTAxp62fzl2wGTNs_rdqN3aQWAmYq9o_CAdDRlRO6nfPbUN5UdkhFRJhYgHZCucFi05VoqPgXQIIaI8YfUTMRf6U2hyoG_eYVTuf8ZTE7cjwo6B7cPcO&amp;__tn__=-]K-y-R\"><span class=\"xt0psk2\">Asturies que guapina yes.<\/span><\/a><\/li>\n<li dir=\"auto\">Contorna de la sidra: <a href=\"https:\/\/www.lacomarcadelasidra.com\/wp-content\/uploads\/2017\/07\/mapas.png\">mapa<\/a> \/ <a href=\"https:\/\/www.lacomarcadelasidra.com\/\"><strong>web<\/strong> <\/a>\/ <a href=\"https:\/\/www.youtube.com\/watch?v=mUZ5nnaqhvs\">videu<\/a> \/ <a href=\"https:\/\/lanaveta.com\/la-comarca-de-la-sidra\/\">La Naveta<\/a> \/<\/li>\n<\/ul>\n<p>La Contorna de la Sidra ye un territoriu al que dan vida seis conceyos del centru-empobine asturianu. <strong>Bimenes, Cabranes, Colunga, Nava, Sariegu y Villaviciosa<\/strong> componen esti espaciu natural con un denominador com\u00fan: la producci\u00f3n sidrera.<\/p>\n<p><!--more--><\/p>\n<p style=\"text-align: center\"><a href=\"https:\/\/lanaveta.com\/wp-content\/uploads\/mapa-comarca-sidra.png\">https:\/\/lanaveta.com\/wp-content\/uploads\/mapa-comarca-sidra.png<\/a><\/p>\n<p>Paisaxe, naturaleza, gastronom\u00eda, cultura, arte y ociu son les pieces d&#8217;esta Contorna que s&#8217;estrema por producir la b\u00e9bora m\u00e1s popular d&#8217;Asturies. Toes elles suman una interminable llista de curiosos tur\u00edsticos que la converten cada a\u00f1u nel dest\u00edn de miles de visitantes.<\/p>\n<p><a href=\"https:\/\/www.lacomarcadelasidra.com\/wp-content\/uploads\/2017\/07\/mapas.png\"><img loading=\"lazy\" decoding=\"async\" class=\"aligncenter size-full\" src=\"https:\/\/www.lacomarcadelasidra.com\/wp-content\/uploads\/2017\/07\/mapas.png\" width=\"538\" height=\"437\" \/><\/a><\/p>\n<p>En pocos kil\u00f3metros cuadraos, que s&#8217;estienden ente&#8217;l mar y el monte, \u00e1brise \u00e9nte n\u00f3s un cat\u00e1logu de propuestes que tenta los cinco sent\u00edos del visitante, xuna ufierta multicolor que se pinta con tolos tonos del paisaxe.<\/p>\n\n<!-- iframe plugin v.6.0 wordpress.org\/plugins\/iframe\/ -->\n<iframe loading=\"lazy\" width=\"100%\" height=\"360\" src=\"https:\/\/www.youtube.com\/embed\/mUZ5nnaqhvs\" title=\"COMARCA DE LA SIDRA (ASTURIAS)\u2026DONDE ENCONTRAR\u00c1S EL ELIXIR DE LA VIDA\" frameborder=\"0\" allow=\"accelerometer; autoplay; clipboard-write; encrypted-media; gyroscope; picture-in-picture; web-share\" referrerpolicy=\"strict-origin-when-cross-origin\" 0=\"allowfullscreen\" 1=\"\/iframe\" scrolling=\"yes\" class=\"iframe-class\"><\/iframe>\n\n<\/div>\n<\/div>\n<\/div>\n<\/div>\n<\/div>\n<\/div>\n<p style=\"text-align: center\"><a href=\"https:\/\/www.adricomarcadelasidra.es\/sites\/default\/files\/styles\/reader_noticias\/public\/2023-07\/Mapa%20Grupos.jpg?h=03e48bd4&amp;itok=3WTc917d\"><img loading=\"lazy\" decoding=\"async\" class=\"aligncenter size-full\" src=\"https:\/\/www.adricomarcadelasidra.es\/sites\/default\/files\/styles\/reader_noticias\/public\/2023-07\/Mapa%20Grupos.jpg?h=03e48bd4&amp;itok=3WTc917d\" width=\"720\" height=\"480\" \/><\/a><\/p>\n","protected":false},"excerpt":{"rendered":"<p>Dientro d&#8217;unos d\u00edes, empezara la marav\u00eda Asturiana del floriamientu de los pumares, fant\u00e1stica ocasi\u00f3n pa visitar la Contorna de la sidra. Semeya: Maxi Asturies que guapina yes. Contorna de la sidra: mapa \/ web \/ videu \/ La Naveta \/ La Contorna de la Sidra ye un territoriu al que dan vida seis conceyos del [&hellip;]<\/p>\n","protected":false},"author":117,"featured_media":0,"comment_status":"open","ping_status":"open","sticky":false,"template":"","format":"standard","meta":{"footnotes":""},"categories":[138,156],"tags":[],"class_list":["post-25761","post","type-post","status-publish","format-standard","hentry","category-alimentos","category-sidre"],"_links":{"self":[{"href":"https:\/\/edublog.educastur.es\/ixuxu\/wp-json\/wp\/v2\/posts\/25761","targetHints":{"allow":["GET"]}}],"collection":[{"href":"https:\/\/edublog.educastur.es\/ixuxu\/wp-json\/wp\/v2\/posts"}],"about":[{"href":"https:\/\/edublog.educastur.es\/ixuxu\/wp-json\/wp\/v2\/types\/post"}],"author":[{"embeddable":true,"href":"https:\/\/edublog.educastur.es\/ixuxu\/wp-json\/wp\/v2\/users\/117"}],"replies":[{"embeddable":true,"href":"https:\/\/edublog.educastur.es\/ixuxu\/wp-json\/wp\/v2\/comments?post=25761"}],"version-history":[{"count":5,"href":"https:\/\/edublog.educastur.es\/ixuxu\/wp-json\/wp\/v2\/posts\/25761\/revisions"}],"predecessor-version":[{"id":25766,"href":"https:\/\/edublog.educastur.es\/ixuxu\/wp-json\/wp\/v2\/posts\/25761\/revisions\/25766"}],"wp:attachment":[{"href":"https:\/\/edublog.educastur.es\/ixuxu\/wp-json\/wp\/v2\/media?parent=25761"}],"wp:term":[{"taxonomy":"category","embeddable":true,"href":"https:\/\/edublog.educastur.es\/ixuxu\/wp-json\/wp\/v2\/categories?post=25761"},{"taxonomy":"post_tag","embeddable":true,"href":"https:\/\/edublog.educastur.es\/ixuxu\/wp-json\/wp\/v2\/tags?post=25761"}],"curies":[{"name":"wp","href":"https:\/\/api.w.org\/{rel}","templated":true}]}}