{"id":25841,"date":"2024-04-17T10:08:54","date_gmt":"2024-04-17T08:08:54","guid":{"rendered":"https:\/\/edublog.educastur.es\/ixuxu\/?p=25841"},"modified":"2024-04-17T14:13:45","modified_gmt":"2024-04-17T12:13:45","slug":"va-averandose","status":"publish","type":"post","link":"https:\/\/edublog.educastur.es\/ixuxu\/2024\/04\/va-averandose\/","title":{"rendered":"Va aver\u00e1ndose&#8230;"},"content":{"rendered":"<p style=\"text-align: center\"><a href=\"http:\/\/www.biblioasturias.com\/wp-content\/uploads\/2024\/04\/diadellibro24.jpg\"><img loading=\"lazy\" decoding=\"async\" class=\"aligncenter \" src=\"http:\/\/www.biblioasturias.com\/wp-content\/uploads\/2024\/04\/diadellibro24.jpg\" width=\"305\" height=\"427\" \/><\/a><\/p>\n<p>Con motivu del D\u00cdA DEL LLIBRU 2024 les biblioteques p\u00fabliques asturianes prepararon un vari\u00e1u programa d&#8217;actividaes que se van desenvolver a lo llargo de los pr\u00f3ximos d\u00edes. De sigu\u00edo recu\u00e9yense toes actividaes programes ente&#8217;l 15 al 30 d&#8217;abril per orde alfab\u00e9ticu de los conceyos y de les biblioteques onde tienen llugar. El cartelu asturianu del D\u00eda del Llibru ye obra de Juan Jare\u00f1o. Va tar en toes nueses biblioteques.<\/p>\n<p><a href=\"http:\/\/www.biblioasturias.com\/dia-del-libro-2024\/?fbclid=IwZXh0bgNhZW0CMTAAAR3ztCQOSAYckAsz4y41JxERtiFUOFU-nD9Oq39KtUgt-GgEeBI70wL8de4_aem_AS11XxRWw1irao_E1DGQ4KrhCZK9sjxqKSau167KH9C9RAE_Y-R6Y-8xWa8pXXjsnkcvGmkx6eCUVt8vRhe0YTdv\">Fonte<\/a> \/ c<a href=\"http:\/\/www.biblioasturias.com\/wp-content\/uploads\/2024\/04\/diadellibro24.jpg\">artelu<\/a><\/p>\n","protected":false},"excerpt":{"rendered":"<p>Con motivu del D\u00cdA DEL LLIBRU 2024 les biblioteques p\u00fabliques asturianes prepararon un vari\u00e1u programa d&#8217;actividaes que se van desenvolver a lo llargo de los pr\u00f3ximos d\u00edes. De sigu\u00edo recu\u00e9yense toes actividaes programes ente&#8217;l 15 al 30 d&#8217;abril per orde alfab\u00e9ticu de los conceyos y de les biblioteques onde tienen llugar. El cartelu asturianu del [&hellip;]<\/p>\n","protected":false},"author":117,"featured_media":0,"comment_status":"open","ping_status":"open","sticky":false,"template":"","format":"standard","meta":{"footnotes":""},"categories":[6],"tags":[],"class_list":["post-25841","post","type-post","status-publish","format-standard","hentry","category-dia-de"],"_links":{"self":[{"href":"https:\/\/edublog.educastur.es\/ixuxu\/wp-json\/wp\/v2\/posts\/25841","targetHints":{"allow":["GET"]}}],"collection":[{"href":"https:\/\/edublog.educastur.es\/ixuxu\/wp-json\/wp\/v2\/posts"}],"about":[{"href":"https:\/\/edublog.educastur.es\/ixuxu\/wp-json\/wp\/v2\/types\/post"}],"author":[{"embeddable":true,"href":"https:\/\/edublog.educastur.es\/ixuxu\/wp-json\/wp\/v2\/users\/117"}],"replies":[{"embeddable":true,"href":"https:\/\/edublog.educastur.es\/ixuxu\/wp-json\/wp\/v2\/comments?post=25841"}],"version-history":[{"count":2,"href":"https:\/\/edublog.educastur.es\/ixuxu\/wp-json\/wp\/v2\/posts\/25841\/revisions"}],"predecessor-version":[{"id":25855,"href":"https:\/\/edublog.educastur.es\/ixuxu\/wp-json\/wp\/v2\/posts\/25841\/revisions\/25855"}],"wp:attachment":[{"href":"https:\/\/edublog.educastur.es\/ixuxu\/wp-json\/wp\/v2\/media?parent=25841"}],"wp:term":[{"taxonomy":"category","embeddable":true,"href":"https:\/\/edublog.educastur.es\/ixuxu\/wp-json\/wp\/v2\/categories?post=25841"},{"taxonomy":"post_tag","embeddable":true,"href":"https:\/\/edublog.educastur.es\/ixuxu\/wp-json\/wp\/v2\/tags?post=25841"}],"curies":[{"name":"wp","href":"https:\/\/api.w.org\/{rel}","templated":true}]}}