{"id":25847,"date":"2024-04-17T14:03:27","date_gmt":"2024-04-17T12:03:27","guid":{"rendered":"https:\/\/edublog.educastur.es\/ixuxu\/?p=25847"},"modified":"2024-04-17T14:05:00","modified_gmt":"2024-04-17T12:05:00","slug":"canciones-pa-la-xentiquina-de-nacho-fonseca","status":"publish","type":"post","link":"https:\/\/edublog.educastur.es\/ixuxu\/2024\/04\/canciones-pa-la-xentiquina-de-nacho-fonseca\/","title":{"rendered":"\u00abCanciones pa la xentiquina\u00bb de Nacho Fonseca"},"content":{"rendered":"<div class=\"x78zum5 x12nagc x1n2onr6 x1s6qhgt\"><\/div>\n<div class=\"xu06os2 x1ok221b\">\n<ul>\n<li class=\"x1heor9g x1qlqyl8 x1pd3egz x1a2a7pz x1gslohp x1yc453h\"><span class=\"xt0psk2\"><a class=\"x1i10hfl xjbqb8w x1ejq31n xd10rxx x1sy0etr x17r0tee x972fbf xcfux6l x1qhh985 xm0m39n x9f619 x1ypdohk xt0psk2 xe8uvvx xdj266r x11i5rnm xat24cr x1mh8g0r xexx8yu x4uap5 x18d9i69 xkhd6sd x16tdsg8 x1hl2dhg xggy1nq x1a2a7pz xt0b8zv xzsf02u x1s688f\" role=\"link\" href=\"https:\/\/www.facebook.com\/lafabriquina?__cft__[0]=AZX317H0HCeBwds9Jbo0xQi8giTTuN4ZBGOXfl7HtoKYymCbza6qjOMxX0eqGVSzsqKMPL_hM1a-RtOp6Z86pkNEk7fu7HSXpuEhy7XpAKocrAWkWzMT6vWJdVGnvRauuD_c-mji07w-cSRIIrCLgJtX-fTTbbjj56IUjgqZonH-koiH0U_FrANF6QYW6q2zmroXUo0k6aqQ03umWnKTOnXk1wzUa6PsaZfWUlpywOauSA&amp;__tn__=-UC%2CP-y-R\"><strong>La Fabriquina<\/strong><\/a><\/span><\/li>\n<li><a href=\"https:\/\/asturies.com\/noticies\/nacho-fonseca-fai-una-escoyeta-de-canciones-pa-la-xentiquina-pal-titulu-nuevu-de-la?fbclid=IwZXh0bgNhZW0CMTEAAR2c4PSeTN1mAalD-TXp_b-5KPS-v8MeLRdbAl7hXBzadYP2nf3V3R_lpzE_aem_ATvgscwBwgzuQr9Wug0z7scR00nonhCIuqQWcXq7ANrC620I3vp8UakECwLdy1op2YlyBYoKOyPipW1yr7fYIA9Y\">Fonte: Asturies.com<\/a> \/<\/li>\n<\/ul>\n<p style=\"text-align: center\">\n<!-- iframe plugin v.6.0 wordpress.org\/plugins\/iframe\/ -->\n<iframe loading=\"lazy\" src=\"https:\/\/www.facebook.com\/plugins\/post.php?href=https%3A%2F%2Fwww.facebook.com%2Flafabriquina%2Fposts%2Fpfbid0222eBbtbw6q1dsKQprGg77f2qGL6tJHS1E4bEpndjTadoADpFPwfGmEnqnPZYbNE9l&#038;show_text=false&#038;width=500\" width=\"500\" height=\"498\" style=\"border:none;overflow:hidden\" scrolling=\"no\" frameborder=\"0\" allowfullscreen=\"true\" allow=\"autoplay; clipboard-write; encrypted-media; picture-in-picture; web-share\" 0=\"\/iframe\" class=\"iframe-class\"><\/iframe>\n<\/p>\n<p>\u2018Canciones pa la Xentiquina. Una selecci\u00f3n sentimental de Nacho Fonseca\u2019 ye\u2019l t\u00edtulu nuevu de la coleici\u00f3n de m\u00fasica infantil n\u2019asturianu de <a href=\"https:\/\/lafabriquina.myshopify.com\/\">La Fabriquina<\/a> qu\u2019abri\u00f3 \u2018Kikirikik\u00ed\u2019 d\u2019Alicia \u00c1lvarez. Ye un llibru-CD con 10 temes que s\u2019acompa\u00f1en de les lletres y tienres ilustraciones de Bitxo.<\/p>\n<p><!--more--><\/p>\n<\/div>\n<div class=\"xu06os2 x1ok221b\">Esta cosina taaaaaaan guapa tar\u00e1 nes llibreries a finales d&#8217;esti mes d\u2019Abril y en La Fabriquina nun podemos tar m\u00e1s contentos. Llevamos meses trabayando nesti nuevu llibru-discu que recueye una selecci\u00f3n sentimental fecha pol propiu <a class=\"x1i10hfl xjbqb8w x1ejq31n xd10rxx x1sy0etr x17r0tee x972fbf xcfux6l x1qhh985 xm0m39n x9f619 x1ypdohk xt0psk2 xe8uvvx xdj266r x11i5rnm xat24cr x1mh8g0r xexx8yu x4uap5 x18d9i69 xkhd6sd x16tdsg8 x1hl2dhg xggy1nq x1a2a7pz xt0b8zv x1fey0fg xo1l8bm\" role=\"link\" href=\"https:\/\/www.facebook.com\/nacho.fonseca.58?__cft__[0]=AZX317H0HCeBwds9Jbo0xQi8giTTuN4ZBGOXfl7HtoKYymCbza6qjOMxX0eqGVSzsqKMPL_hM1a-RtOp6Z86pkNEk7fu7HSXpuEhy7XpAKocrAWkWzMT6vWJdVGnvRauuD_c-mji07w-cSRIIrCLgJtX-fTTbbjj56IUjgqZonH-koiH0U_FrANF6QYW6q2zmroXUo0k6aqQ03umWnKTOnXk1wzUa6PsaZfWUlpywOauSA&amp;__tn__=-]K-y-R\"><span class=\"xt0psk2\">Nacho Fonseca<\/span><\/a> ente les m\u00e1s de doscientes canciones que compuso a lo llargo de la so carrera musical. Un lleg\u00e1u que foi la banda sonora de delles xeneteraciones de ne\u00f1es y ne\u00f1os n\u2019Asturies y que con esta obra, esperamos que siga tresmiti\u00e9ndose de xeneraci\u00f3n en xeneraci\u00f3n. <span class=\"x3nfvp2 x1j61x8r x1fcty0u xdj266r xhhsvwb xat24cr xgzva0m xxymvpz xlup9mm x1kky2od\"><img loading=\"lazy\" decoding=\"async\" class=\"xz74otr\" src=\"https:\/\/static.xx.fbcdn.net\/images\/emoji.php\/v9\/tc5\/1.5\/16\/1f499.png\" alt=\"?\" width=\"16\" height=\"16\" \/><\/span><span class=\"x3nfvp2 x1j61x8r x1fcty0u xdj266r xhhsvwb xat24cr xgzva0m xxymvpz xlup9mm x1kky2od\"><img loading=\"lazy\" decoding=\"async\" class=\"xz74otr\" src=\"https:\/\/static.xx.fbcdn.net\/images\/emoji.php\/v9\/t6e\/1.5\/16\/1f49b.png\" alt=\"?\" width=\"16\" height=\"16\" \/><\/span><\/div>\n<div><\/div>\n<div class=\"\" dir=\"auto\">\n<div class=\"x1iorvi4 x1pi30zi x1l90r2v x1swvt13\" data-ad-comet-preview=\"message\" data-ad-preview=\"message\">\n<div class=\"x78zum5 xdt5ytf xz62fqu x16ldp7u\">\n<div class=\"xu06os2 x1ok221b\">\n<div class=\"xdj266r x11i5rnm xat24cr x1mh8g0r x1vvkbs x126k92a\">\n<div dir=\"auto\">El llibru compl\u00e9tase coles ilustraciones de la asturiana <a class=\"x1i10hfl xjbqb8w x1ejq31n xd10rxx x1sy0etr x17r0tee x972fbf xcfux6l x1qhh985 xm0m39n x9f619 x1ypdohk xt0psk2 xe8uvvx xdj266r x11i5rnm xat24cr x1mh8g0r xexx8yu x4uap5 x18d9i69 xkhd6sd x16tdsg8 x1hl2dhg xggy1nq x1a2a7pz xt0b8zv x1fey0fg xo1l8bm\" role=\"link\" href=\"https:\/\/www.facebook.com\/laurabitxo?__cft__[0]=AZX317H0HCeBwds9Jbo0xQi8giTTuN4ZBGOXfl7HtoKYymCbza6qjOMxX0eqGVSzsqKMPL_hM1a-RtOp6Z86pkNEk7fu7HSXpuEhy7XpAKocrAWkWzMT6vWJdVGnvRauuD_c-mji07w-cSRIIrCLgJtX-fTTbbjj56IUjgqZonH-koiH0U_FrANF6QYW6q2zmroXUo0k6aqQ03umWnKTOnXk1wzUa6PsaZfWUlpywOauSA&amp;__tn__=-]K-y-R\"><span class=\"xt0psk2\">BITXO<\/span><\/a> (Laura Lara), que-y pon imaxe, color y tenrura dende&#8217;l so propiu universu po\u00e9ticu a les lletres de les canciones que, am\u00e1s, vienen recoy\u00edes nun Cd nel interior cola m\u00fasica orixinal, la que interpretaron a lo llargo de tres d\u00e9cades los coros de Seliquin y Xentiquina. <span class=\"x3nfvp2 x1j61x8r x1fcty0u xdj266r xhhsvwb xat24cr xgzva0m xxymvpz xlup9mm x1kky2od\"><img loading=\"lazy\" decoding=\"async\" class=\"xz74otr\" src=\"https:\/\/static.xx.fbcdn.net\/images\/emoji.php\/v9\/t78\/1.5\/16\/1f3b6.png\" alt=\"?\" width=\"16\" height=\"16\" \/><\/span><span class=\"x3nfvp2 x1j61x8r x1fcty0u xdj266r xhhsvwb xat24cr xgzva0m xxymvpz xlup9mm x1kky2od\"><img loading=\"lazy\" decoding=\"async\" class=\"xz74otr\" src=\"https:\/\/static.xx.fbcdn.net\/images\/emoji.php\/v9\/t78\/1.5\/16\/1f3b6.png\" alt=\"?\" width=\"16\" height=\"16\" \/><\/span><span class=\"x3nfvp2 x1j61x8r x1fcty0u xdj266r xhhsvwb xat24cr xgzva0m xxymvpz xlup9mm x1kky2od\"><img loading=\"lazy\" decoding=\"async\" class=\"xz74otr\" src=\"https:\/\/static.xx.fbcdn.net\/images\/emoji.php\/v9\/t78\/1.5\/16\/1f3b6.png\" alt=\"?\" width=\"16\" height=\"16\" \/><\/span><\/div>\n<div dir=\"auto\"><\/div>\n<div dir=\"auto\">Gracies Nacho, pola confianza, la disposici\u00f3n y la ilusi\u00f3n, y gracies, sobremanera, por aportar tanto a la m\u00fasica y a la normalizaci\u00f3n y tresmision del asturianu. Tamos en delda contigo. <span class=\"x3nfvp2 x1j61x8r x1fcty0u xdj266r xhhsvwb xat24cr xgzva0m xxymvpz xlup9mm x1kky2od\"><img loading=\"lazy\" decoding=\"async\" class=\"xz74otr\" src=\"https:\/\/static.xx.fbcdn.net\/images\/emoji.php\/v9\/t56\/1.5\/16\/1f64c.png\" alt=\"?\" width=\"16\" height=\"16\" \/><\/span><span class=\"x3nfvp2 x1j61x8r x1fcty0u xdj266r xhhsvwb xat24cr xgzva0m xxymvpz xlup9mm x1kky2od\"><img loading=\"lazy\" decoding=\"async\" class=\"xz74otr\" src=\"https:\/\/static.xx.fbcdn.net\/images\/emoji.php\/v9\/t56\/1.5\/16\/1f64c.png\" alt=\"?\" width=\"16\" height=\"16\" \/><\/span><span class=\"x3nfvp2 x1j61x8r x1fcty0u xdj266r xhhsvwb xat24cr xgzva0m xxymvpz xlup9mm x1kky2od\"><img loading=\"lazy\" decoding=\"async\" class=\"xz74otr\" src=\"https:\/\/static.xx.fbcdn.net\/images\/emoji.php\/v9\/tf3\/1.5\/16\/2764.png\" alt=\"\u2764\ufe0f\" width=\"16\" height=\"16\" \/><\/span><\/div>\n<div dir=\"auto\">El 25 de mayu presentar\u00e9moslu en Xixon como merez, cantando! <span class=\"x3nfvp2 x1j61x8r x1fcty0u xdj266r xhhsvwb xat24cr xgzva0m xxymvpz xlup9mm x1kky2od\"><img loading=\"lazy\" decoding=\"async\" class=\"xz74otr\" src=\"https:\/\/static.xx.fbcdn.net\/images\/emoji.php\/v9\/t78\/1.5\/16\/1f3b6.png\" alt=\"?\" width=\"16\" height=\"16\" \/><\/span><\/div>\n<div dir=\"auto\">\n<div class=\"field field-name-body field-type-text-with-summary field-label-hidden\">\n<div class=\"field-items\">\n<div class=\"field-item even\">\n<p>Nacho Fonseca, <strong>creador de los famosos coros d\u2019escolinos Seliqu\u00edn y Xentiquina y autor de la banda sonora de la infancia de delles xeneraciones n\u2019Asturies<\/strong>, escoy\u00f3 esta decena de temes a partir de los sos recuerdos y emociones, \u201ctantos como, de xuru, espertaron nes ne\u00f1es y nos ne\u00f1os que crecieron imaxinando l\u2019asientu toc\u00edn de la moto de Pach\u00edn, esi ca\u00f1ic\u00f3n que raspiaba\u2019l cielu o aquel vieyu sult\u00e1n qu\u2019iguaba los conflictos xugando al parch\u00eds\u201d, apunten dende la editorial. \u201cCanciones escrites y interpretaes n\u2019asturianu, enllenes de lluz y humor, y grabaes a lo llargo de tres d\u00e9cades en siete esitosos discos, lo qu\u2019ayud\u00f3 de manera fundamental a normalizar l\u2019usu del asturianu y a promover la so tresmisi\u00f3n\u201d, rescamplen.<\/p>\n<p>Completa esti proyeutu editorial el trabayu de Bitxo, ilustradora \u201cque s\u2019encarga d\u2019aportar, dende\u2019l so propiu universu po\u00e9ticu, color, tenrura y imaxe a les lletres de les canciones que se pueden escuchar nel CD incluy\u00edu nel interior pa que, asina, el lleg\u00e1u musical de Fonseca siga pasando de xeneraci\u00f3n en xeneraci\u00f3n\u201d. El discu-llibru, que quier ser un homenaxe al lleg\u00e1u musical del maestru sierense, <strong>va presentase\u2019l s\u00e1badu 25 de mayu al meud\u00eda nel patiu del Centru de Cultura Antiguu Institutu<\/strong>.<\/p>\n<\/div>\n<\/div>\n<\/div>\n<\/div>\n<\/div>\n<\/div>\n<\/div>\n<\/div>\n<\/div>\n","protected":false},"excerpt":{"rendered":"<p>La Fabriquina Fonte: Asturies.com \/ \u2018Canciones pa la Xentiquina. Una selecci\u00f3n sentimental de Nacho Fonseca\u2019 ye\u2019l t\u00edtulu nuevu de la coleici\u00f3n de m\u00fasica infantil n\u2019asturianu de La Fabriquina qu\u2019abri\u00f3 \u2018Kikirikik\u00ed\u2019 d\u2019Alicia \u00c1lvarez. Ye un llibru-CD con 10 temes que s\u2019acompa\u00f1en de les lletres y tienres ilustraciones de Bitxo.<\/p>\n","protected":false},"author":117,"featured_media":0,"comment_status":"open","ping_status":"open","sticky":false,"template":"","format":"standard","meta":{"footnotes":""},"categories":[10,35,13],"tags":[],"class_list":["post-25847","post","type-post","status-publish","format-standard","hentry","category-llibros-reciella","category-musica","category-novedaes"],"_links":{"self":[{"href":"https:\/\/edublog.educastur.es\/ixuxu\/wp-json\/wp\/v2\/posts\/25847","targetHints":{"allow":["GET"]}}],"collection":[{"href":"https:\/\/edublog.educastur.es\/ixuxu\/wp-json\/wp\/v2\/posts"}],"about":[{"href":"https:\/\/edublog.educastur.es\/ixuxu\/wp-json\/wp\/v2\/types\/post"}],"author":[{"embeddable":true,"href":"https:\/\/edublog.educastur.es\/ixuxu\/wp-json\/wp\/v2\/users\/117"}],"replies":[{"embeddable":true,"href":"https:\/\/edublog.educastur.es\/ixuxu\/wp-json\/wp\/v2\/comments?post=25847"}],"version-history":[{"count":3,"href":"https:\/\/edublog.educastur.es\/ixuxu\/wp-json\/wp\/v2\/posts\/25847\/revisions"}],"predecessor-version":[{"id":25850,"href":"https:\/\/edublog.educastur.es\/ixuxu\/wp-json\/wp\/v2\/posts\/25847\/revisions\/25850"}],"wp:attachment":[{"href":"https:\/\/edublog.educastur.es\/ixuxu\/wp-json\/wp\/v2\/media?parent=25847"}],"wp:term":[{"taxonomy":"category","embeddable":true,"href":"https:\/\/edublog.educastur.es\/ixuxu\/wp-json\/wp\/v2\/categories?post=25847"},{"taxonomy":"post_tag","embeddable":true,"href":"https:\/\/edublog.educastur.es\/ixuxu\/wp-json\/wp\/v2\/tags?post=25847"}],"curies":[{"name":"wp","href":"https:\/\/api.w.org\/{rel}","templated":true}]}}