{"id":2587,"date":"2021-01-03T10:00:09","date_gmt":"2021-01-03T08:00:09","guid":{"rendered":"https:\/\/edublog.educastur.es\/ixuxu\/?p=2587"},"modified":"2021-01-16T00:11:38","modified_gmt":"2021-01-15T22:11:38","slug":"calendariu-la-kadarma","status":"publish","type":"post","link":"https:\/\/edublog.educastur.es\/ixuxu\/2021\/01\/calendariu-la-kadarma\/","title":{"rendered":"Calendariu \u00abLa Kadarma\u00bb"},"content":{"rendered":"<p style=\"text-align: center\"><a href=\"https:\/\/www.lakadarma.com\/\"><img loading=\"lazy\" decoding=\"async\" class=\" aligncenter\" src=\"https:\/\/image.jimcdn.com\/app\/cms\/image\/transf\/dimension=593x161:format=jpg\/path\/s1758677c421e04b4\/logo\/version\/1545303607\/image.jpg\" width=\"493\" height=\"134\" \/><\/a><a href=\"https:\/\/www.lakadarma.com\/\">https:\/\/www.lakadarma.com\/<\/a><\/p>\n<p style=\"text-align: center\"><a href=\"https:\/\/image.jimcdn.com\/app\/cms\/image\/transf\/dimension=640x10000:format=jpg\/path\/s1758677c421e04b4\/image\/i10725281dc85afd6\/version\/1609698894\/image.jpg\"><img loading=\"lazy\" decoding=\"async\" class=\"alignnone\" src=\"https:\/\/image.jimcdn.com\/app\/cms\/image\/transf\/dimension=640x10000:format=jpg\/path\/s1758677c421e04b4\/image\/i10725281dc85afd6\/version\/1609698894\/image.jpg\" alt=\"\" width=\"375\" height=\"533\" \/><\/a><\/p>\n<p>&nbsp;<\/p>\n<div class=\"kvgmc6g5 cxmmr5t8 oygrvhab hcukyx3x c1et5uql ii04i59q\">\n<div dir=\"auto\"><span style=\"font-size: 20px\"><em>La primer edici\u00f3n d&#8217;<a class=\"oajrlxb2 g5ia77u1 qu0x051f esr5mh6w e9989ue4 r7d6kgcz rq0escxv nhd2j8a9 nc684nl6 p7hjln8o kvgmc6g5 cxmmr5t8 oygrvhab hcukyx3x jb3vyjys rz4wbd8a qt6c0cv9 a8nywdso i1ao9s8h esuyzwwr f1sip0of lzcic4wl q66pz984 gpro0wi8 b1v8xokw\" role=\"link\" href=\"https:\/\/www.facebook.com\/hashtag\/elkalendariu2021?__eep__=6&amp;__cft__[0]=AZUts53EdJCfC8VFkah4KROPwSSWXndavRdGSE5-juxY6kgbde2iDupLRZH71GKPzRo-NAfELtDgjBZgHBsgR7iWyuNgqTtTFaxLxa5VUdUeZHATxU-0d0i58T3F3iQk15bLdoegROdh2uYaQCzBEg92&amp;__tn__=*NK-R\">#ElKalendariu2021<\/a> ta escosa\u00edsima. Como nun queremos que qued\u00e9is ensin \u00e9l, y\u00e1 tenemos 40 exemplares en llista d&#8217;espera pa una segunda edici\u00f3n. <a href=\"https:\/\/www.musicasturiana.com\/b\/banda-de-gaites-lakadarma-kalendariu-2021-cd-2020-2019\/\"><strong>M\u00e9rcalu en Musicasturiana.com<\/strong><\/a><\/em> <\/span><\/div>\n<div dir=\"auto\">\n<p><!--more--><\/p>\n<\/div>\n<\/div>\n<p style=\"text-align: center\">\n<!-- iframe plugin v.6.0 wordpress.org\/plugins\/iframe\/ -->\n<iframe loading=\"lazy\" src=\"https:\/\/www.facebook.com\/plugins\/post.php?href=https%3A%2F%2Fwww.facebook.com%2FLaKadarma%2Fposts%2F3663811953733785&#038;width=500&#038;show_text=true&#038;height=594&#038;appId\" width=\"500\" height=\"594\" 0=\"\/iframe\" scrolling=\"yes\" class=\"iframe-class\" frameborder=\"0\"><\/iframe>\n<\/p>\n<div class=\"\" dir=\"auto\">\n<div id=\"jsc_c_l2\" class=\"ecm0bbzt hv4rvrfc ihqw7lf3 dati1w0a\" data-ad-comet-preview=\"message\" data-ad-preview=\"message\">\n<div class=\"j83agx80 cbu4d94t ew0dbk1b irj2b8pg\">\n<div class=\"qzhwtbm6 knvmm38d\">\n<div class=\"kvgmc6g5 cxmmr5t8 oygrvhab hcukyx3x c1et5uql ii04i59q\">\n<div><em><span class=\"style-scope yt-formatted-string\" dir=\"auto\" style=\"font-size: 20px\"><span style=\"color: #008080\">Banda Gaites LaKadarma fala del calendariu d&#8217;esti viniente a\u00f1u 2021 que tien el nome de \u00abLa Mazcarada\u00bb, dedic\u00e1u al arte pict\u00f3ricu asturianu. El compa\u00f1eru Esteban fala con Alderiques2.0 de <a class=\"oajrlxb2 g5ia77u1 qu0x051f esr5mh6w e9989ue4 r7d6kgcz rq0escxv nhd2j8a9 nc684nl6 p7hjln8o kvgmc6g5 cxmmr5t8 oygrvhab hcukyx3x jb3vyjys rz4wbd8a qt6c0cv9 a8nywdso i1ao9s8h esuyzwwr f1sip0of lzcic4wl q66pz984 gpro0wi8 b1v8xokw\" role=\"link\" href=\"https:\/\/www.facebook.com\/hashtag\/elkalendariu2021?__eep__=6&amp;__cft__[0]=AZXeUvCZ7CzHdKDqqHNXgS2BiWCldq_Q6Tr00sOxNRxUMsskA0Abf3VrRIIggErtXzkuOH1MB-8QC4RWzfKrXjXpMje3iQ0hvRsRyyMs1jJjpCtcl7gIGlh1SIy7lrMA6wSkfRC4BE7UBjrt7CeVFaRG&amp;__tn__=*NK-R\">#elkalendariu2021<\/a>#lamazkarada.\u00a0<\/span> <\/span><\/em><\/div>\n<\/div>\n<div class=\"o9v6fnle cxmmr5t8 oygrvhab hcukyx3x c1et5uql ii04i59q\">\n<div dir=\"auto\"><\/div>\n<div dir=\"auto\" style=\"text-align: center\">\n<!-- iframe plugin v.6.0 wordpress.org\/plugins\/iframe\/ -->\n<iframe loading=\"lazy\" width=\"588\" height=\"331\" src=\"https:\/\/www.youtube.com\/embed\/__Ino-X6tZw\" scrolling=\"yes\" class=\"iframe-class\" frameborder=\"0\"><\/iframe>\n<\/div>\n<\/div>\n<\/div>\n<\/div>\n<\/div>\n<\/div>\n<p><span style=\"color: #008080\"><strong><em><span style=\"font-size: 20px\">En resume, que ten\u00e9is y\u00e1 ElKalendariu 2021 a disposici\u00f3n, productu del trabayu y el procuru d\u2019estos meses. Esperamos que vos preste enforma, y que vos pinte bien l\u2019a\u00f1u (espaciu d\u2019humor Babel).<\/span><\/em><\/strong><\/span><\/p>\n<div id=\"wrapper\" class=\"cc-content-parent\">\n<div id=\"sidebar\">\n<div class=\"gutter\">\n<div data-container=\"sidebar\">\n<div id=\"cc-matrix-1283033411\">\n<div id=\"cc-m-5746183811\" class=\"j-module n j-text \">\n<div id=\"cc-matrix-58608809\">\n<div class=\"n j-text\">\n<ul>\n<li><em><span style=\"color: #008080;font-size: 20px\">Isa Cam\u00edn Velasco (presidenta) lakadarma@gmail.com<\/span><\/em><\/li>\n<li><em><span style=\"color: #008080;font-size: 20px\">Contrataci\u00f3n: Rodrigo Joglar.610 088 898 \/Andrea Joglar: 690 090 865<\/span><\/em><\/li>\n<li><em><span style=\"color: #008080;font-size: 20px\">Mail: lakadarma@gmail.com<\/span><\/em><\/li>\n<\/ul>\n<\/div>\n<\/div>\n<\/div>\n<\/div>\n<\/div>\n<\/div>\n<\/div>\n<\/div>\n<p>&nbsp;<\/p>\n","protected":false},"excerpt":{"rendered":"<p>https:\/\/www.lakadarma.com\/ &nbsp; La primer edici\u00f3n d&#8217;#ElKalendariu2021 ta escosa\u00edsima. Como nun queremos que qued\u00e9is ensin \u00e9l, y\u00e1 tenemos 40 exemplares en llista d&#8217;espera pa una segunda edici\u00f3n. M\u00e9rcalu en Musicasturiana.com<\/p>\n","protected":false},"author":117,"featured_media":0,"comment_status":"closed","ping_status":"open","sticky":false,"template":"","format":"standard","meta":{"footnotes":""},"categories":[73],"tags":[],"class_list":["post-2587","post","type-post","status-publish","format-standard","hentry","category-calendariu"],"_links":{"self":[{"href":"https:\/\/edublog.educastur.es\/ixuxu\/wp-json\/wp\/v2\/posts\/2587","targetHints":{"allow":["GET"]}}],"collection":[{"href":"https:\/\/edublog.educastur.es\/ixuxu\/wp-json\/wp\/v2\/posts"}],"about":[{"href":"https:\/\/edublog.educastur.es\/ixuxu\/wp-json\/wp\/v2\/types\/post"}],"author":[{"embeddable":true,"href":"https:\/\/edublog.educastur.es\/ixuxu\/wp-json\/wp\/v2\/users\/117"}],"replies":[{"embeddable":true,"href":"https:\/\/edublog.educastur.es\/ixuxu\/wp-json\/wp\/v2\/comments?post=2587"}],"version-history":[{"count":14,"href":"https:\/\/edublog.educastur.es\/ixuxu\/wp-json\/wp\/v2\/posts\/2587\/revisions"}],"predecessor-version":[{"id":2590,"href":"https:\/\/edublog.educastur.es\/ixuxu\/wp-json\/wp\/v2\/posts\/2587\/revisions\/2590"}],"wp:attachment":[{"href":"https:\/\/edublog.educastur.es\/ixuxu\/wp-json\/wp\/v2\/media?parent=2587"}],"wp:term":[{"taxonomy":"category","embeddable":true,"href":"https:\/\/edublog.educastur.es\/ixuxu\/wp-json\/wp\/v2\/categories?post=2587"},{"taxonomy":"post_tag","embeddable":true,"href":"https:\/\/edublog.educastur.es\/ixuxu\/wp-json\/wp\/v2\/tags?post=2587"}],"curies":[{"name":"wp","href":"https:\/\/api.w.org\/{rel}","templated":true}]}}