{"id":25874,"date":"2024-04-18T12:19:13","date_gmt":"2024-04-18T10:19:13","guid":{"rendered":"https:\/\/edublog.educastur.es\/ixuxu\/?p=25874"},"modified":"2024-04-18T12:21:27","modified_gmt":"2024-04-18T10:21:27","slug":"25874","status":"publish","type":"post","link":"https:\/\/edublog.educastur.es\/ixuxu\/2024\/04\/25874\/","title":{"rendered":"Medaya de plata nel III Mundial de quesos"},"content":{"rendered":"<p style=\"text-align: center\">\n<!-- iframe plugin v.6.0 wordpress.org\/plugins\/iframe\/ -->\n<iframe loading=\"lazy\" src=\"https:\/\/www.facebook.com\/plugins\/video.php?height=476&#038;href=https%3A%2F%2Fwww.facebook.com%2FRTPAoficial%2Fvideos%2F347274917838392%2F&#038;show_text=false&#038;width=476&#038;t=0\" width=\"476\" height=\"476\" style=\"border:none;overflow:hidden\" scrolling=\"no\" frameborder=\"0\" allowfullscreen=\"true\" allow=\"autoplay; clipboard-write; encrypted-media; picture-in-picture; web-share\" 0=\"\/iframe\" class=\"iframe-class\"><\/iframe>\n<\/p>\n<p>?? La queser\u00eda &#8216;La Huertona&#8217; d&#8217;On\u00eds gana la <strong>medaya de plata nel III Mundial de quesos<\/strong> celebr\u00e1u en Brasil col so quesu madurec\u00edo de vaca \u2018Nublina\u2019.<\/p>\n<ul>\n<li><a href=\"https:\/\/www.facebook.com\/RTPAoficial\/videos\/347274917838392\"> Videu<\/a> \/ Quesu La Huertona \/<\/li>\n<li><a href=\"https:\/\/gamoneulahuertona.com\">https:\/\/gamoneulahuertona.com<\/a>\/<\/li>\n<\/ul>\n<p style=\"text-align: center\"><a href=\"https:\/\/gamoneulahuertona.com\/wp-content\/uploads\/2022\/09\/SELLO.png\"><img loading=\"lazy\" decoding=\"async\" class=\"aligncenter \" src=\"https:\/\/gamoneulahuertona.com\/wp-content\/uploads\/2022\/09\/SELLO.png\" width=\"207\" height=\"207\" \/><\/a><\/p>\n<p>Col m\u00e1ximu respetu al mundu artesanu y a la nuesa estraordinaria redolada, naz nel coraz\u00f3n de Benia d&#8217;On\u00eds, la Queser\u00eda La Huertona. De les meyores camperes, les meyores races y el bon faer, tresmit\u00edu de xeneraci\u00f3n en xeneraci\u00f3n, sumaos a la tecnolox\u00eda ya innovaci\u00f3n de la nuesa queser\u00eda, ellab\u00f3rense los nuesos quesos asturianos de monte: el sabor inconfundible de los Picos d&#8217;Europa.<\/p>\n<p>&nbsp;<\/p>\n","protected":false},"excerpt":{"rendered":"<p>?? La queser\u00eda &#8216;La Huertona&#8217; d&#8217;On\u00eds gana la medaya de plata nel III Mundial de quesos celebr\u00e1u en Brasil col so quesu madurec\u00edo de vaca \u2018Nublina\u2019. Videu \/ Quesu La Huertona \/ https:\/\/gamoneulahuertona.com\/ Col m\u00e1ximu respetu al mundu artesanu y a la nuesa estraordinaria redolada, naz nel coraz\u00f3n de Benia d&#8217;On\u00eds, la Queser\u00eda La Huertona. [&hellip;]<\/p>\n","protected":false},"author":117,"featured_media":0,"comment_status":"open","ping_status":"open","sticky":false,"template":"","format":"standard","meta":{"footnotes":""},"categories":[58,151],"tags":[],"class_list":["post-25874","post","type-post","status-publish","format-standard","hentry","category-premios","category-quesos"],"_links":{"self":[{"href":"https:\/\/edublog.educastur.es\/ixuxu\/wp-json\/wp\/v2\/posts\/25874","targetHints":{"allow":["GET"]}}],"collection":[{"href":"https:\/\/edublog.educastur.es\/ixuxu\/wp-json\/wp\/v2\/posts"}],"about":[{"href":"https:\/\/edublog.educastur.es\/ixuxu\/wp-json\/wp\/v2\/types\/post"}],"author":[{"embeddable":true,"href":"https:\/\/edublog.educastur.es\/ixuxu\/wp-json\/wp\/v2\/users\/117"}],"replies":[{"embeddable":true,"href":"https:\/\/edublog.educastur.es\/ixuxu\/wp-json\/wp\/v2\/comments?post=25874"}],"version-history":[{"count":3,"href":"https:\/\/edublog.educastur.es\/ixuxu\/wp-json\/wp\/v2\/posts\/25874\/revisions"}],"predecessor-version":[{"id":25877,"href":"https:\/\/edublog.educastur.es\/ixuxu\/wp-json\/wp\/v2\/posts\/25874\/revisions\/25877"}],"wp:attachment":[{"href":"https:\/\/edublog.educastur.es\/ixuxu\/wp-json\/wp\/v2\/media?parent=25874"}],"wp:term":[{"taxonomy":"category","embeddable":true,"href":"https:\/\/edublog.educastur.es\/ixuxu\/wp-json\/wp\/v2\/categories?post=25874"},{"taxonomy":"post_tag","embeddable":true,"href":"https:\/\/edublog.educastur.es\/ixuxu\/wp-json\/wp\/v2\/tags?post=25874"}],"curies":[{"name":"wp","href":"https:\/\/api.w.org\/{rel}","templated":true}]}}