{"id":26111,"date":"2024-04-29T10:16:06","date_gmt":"2024-04-29T08:16:06","guid":{"rendered":"https:\/\/edublog.educastur.es\/ixuxu\/?p=26111"},"modified":"2024-04-29T11:57:44","modified_gmt":"2024-04-29T09:57:44","slug":"poesia","status":"publish","type":"post","link":"https:\/\/edublog.educastur.es\/ixuxu\/2024\/04\/poesia\/","title":{"rendered":"Dalgo de poes\u00eda&#8230;"},"content":{"rendered":"<ul>\n<li><a href=\"https:\/\/culturainquieta.com\/estimulante\/se-tu-mi-limite-un-poema-de-jose-angel-valente\/\">Fonte: Cultura inquieta<\/a> \/<a href=\"https:\/\/es.wikipedia.org\/wiki\/Jos%C3%A9_%C3%81ngel_Valente\"> Jos\u00e9 \u00c1ngel Valente: wiki<\/a> \/<\/li>\n<\/ul>\n<p><span style=\"color: #800080\"><em><strong>\u00abS\u00e9 tu la mio llende\u00bb (S\u00e9 t\u00fa mi l\u00edmite)<\/strong><\/em><\/span><\/p>\n<p><strong><span style=\"color: #008080\"><em>El to cuerpu puede<\/em><\/span><\/strong><br \/>\n<strong><span style=\"color: #008080\"><em> enllenar la mio vida, <\/em><\/span><\/strong><br \/>\n<strong><span style=\"color: #008080\"><em>como puede la to risa volar<\/em><\/span><\/strong><br \/>\n<strong><span style=\"color: #008080\"><em>el muriu opacu de la murnia.<\/em><\/span><\/strong><\/p>\n<p><strong><span style=\"color: #008080\"><em><!--more--><\/em><\/span><\/strong><\/p>\n<p><strong><span style=\"color: #008080\"><em>Una sola palabra to quebra <\/em><\/span><\/strong><br \/>\n<strong><span style=\"color: #008080\"><em>la ciega soled\u00e1 en mil cachos.<\/em><\/span><\/strong><\/p>\n<p><strong><span style=\"color: #008080\"><em>Si&#8217;l to averes la to boca perenal<\/em><\/span><\/strong><br \/>\n<strong><span style=\"color: #008080\"><em>hasta la m\u00eda, bebo <\/em><\/span><\/strong><br \/>\n<strong><span style=\"color: #008080\"><em>darr\u00e9u&#8217;l raiga\u00f1u<br \/>\nde la mio propia esistencia.<\/em><\/span><\/strong><\/p>\n<p><strong><span style=\"color: #008080\"><em>Pero tu ignores cu\u00e1ntu <\/em><\/span><\/strong><br \/>\n<strong><span style=\"color: #008080\"><em>la cercan\u00eda del to cuerpu<\/em><\/span><\/strong><br \/>\n<strong><span style=\"color: #008080\"><em> faime vivir o cu\u00e1nto <\/em><\/span><\/strong><br \/>\n<strong><span style=\"color: #008080\"><em>la so distancia all\u00f3\u00f1ame de mi mesmuu<\/em><\/span><\/strong><br \/>\n<strong><span style=\"color: #008080\"><em> amen\u00f3rgame a la solombra..<\/em><\/span><\/strong><\/p>\n<p><strong><span style=\"color: #008080\"><em>Tu tas, llixera y encendida, <\/em><\/span><\/strong><br \/>\n<strong><span style=\"color: #008080\"><em>como una antorcha encesa<\/em><\/span><\/strong><br \/>\n<strong><span style=\"color: #008080\"><em> na met\u00e1 del\u00a0mundu.<\/em><\/span><\/strong><\/p>\n<p><strong><span style=\"color: #008080\"><em>Non te allo\u00f1es enxam\u00e1s:<\/em><\/span><\/strong><br \/>\n<strong><span style=\"color: #008080\"><em>Los fondos movimientos<\/em><\/span><\/strong><br \/>\n<strong><span style=\"color: #008080\"><em>de la to naturaleza son<\/em><\/span><\/strong><br \/>\n<strong><span style=\"color: #008080\"><em>la mio sola llei.<\/em><\/span><\/strong><\/p>\n<p><strong><span style=\"color: #008080\"><em>Ret\u00e9nme.<\/em><\/span><\/strong><br \/>\n<strong><span style=\"color: #008080\"><em>S\u00e9 tu la mio llende.<\/em><\/span><\/strong><br \/>\n<strong><span style=\"color: #008080\"><em>Y yo la imaxe <\/em><\/span><\/strong><br \/>\n<strong><span style=\"color: #008080\"><em>de mi feliz, que tu me disti.<\/em><\/span><\/strong><\/p>\n<p><a href=\"https:\/\/th.bing.com\/th\/id\/OIP.GRJTATn4DCmTOBqwfMhsPgHaEK?rs=1&amp;pid=ImgDetMain\"><img loading=\"lazy\" decoding=\"async\" class=\"alignnone size-full\" src=\"https:\/\/th.bing.com\/th\/id\/OIP.GRJTATn4DCmTOBqwfMhsPgHaEK?rs=1&amp;pid=ImgDetMain\" width=\"474\" height=\"266\" \/><\/a><\/p>\n<p><strong>S\u00e9 t\u00fa mi l\u00edmite<\/strong><\/p>\n<p>Jos\u00e9 \u00c1ngel Valente<\/p>\n<p>Tu cuerpo puede<br \/>\nllenar mi vida,<br \/>\ncomo puede tu risa<br \/>\nvolar el muro opaco de la tristeza.<\/p>\n<p>Una sola palabra tuya quiebra<br \/>\nla ciega soledad en mil pedazos.<\/p>\n<p>Si tu acercas tu boca inagotable<br \/>\nhasta la m\u00eda, bebo<br \/>\nsin cesar la ra\u00edz de mi propia existencia.<\/p>\n<p>Pero t\u00fa ignoras cu\u00e1nto<br \/>\nla cercan\u00eda de tu cuerpo<br \/>\nme hace vivir o cu\u00e1nto<br \/>\nsu distancia me aleja de m\u00ed mismo<br \/>\nme reduce a la sombra.<\/p>\n<p>T\u00fa est\u00e1s, ligera y encendida,<br \/>\ncomo una antorcha ardiente<br \/>\nen la mitad del mundo.<\/p>\n<p>No te alejes jam\u00e1s:<br \/>\nLos hondos movimientos<br \/>\nde tu naturaleza son<br \/>\nmi sola ley.<br \/>\nRetenme.<br \/>\nS\u00e9 t\u00fa mi l\u00edmite.<br \/>\nY yo la imagen<br \/>\nde m\u00ed feliz, que t\u00fa me has dado.<\/p>\n","protected":false},"excerpt":{"rendered":"<p>Fonte: Cultura inquieta \/ Jos\u00e9 \u00c1ngel Valente: wiki \/ \u00abS\u00e9 tu la mio llende\u00bb (S\u00e9 t\u00fa mi l\u00edmite) El to cuerpu puede enllenar la mio vida, como puede la to risa volar el muriu opacu de la murnia.<\/p>\n","protected":false},"author":117,"featured_media":0,"comment_status":"open","ping_status":"open","sticky":false,"template":"","format":"standard","meta":{"footnotes":""},"categories":[39],"tags":[],"class_list":["post-26111","post","type-post","status-publish","format-standard","hentry","category-poesia"],"_links":{"self":[{"href":"https:\/\/edublog.educastur.es\/ixuxu\/wp-json\/wp\/v2\/posts\/26111","targetHints":{"allow":["GET"]}}],"collection":[{"href":"https:\/\/edublog.educastur.es\/ixuxu\/wp-json\/wp\/v2\/posts"}],"about":[{"href":"https:\/\/edublog.educastur.es\/ixuxu\/wp-json\/wp\/v2\/types\/post"}],"author":[{"embeddable":true,"href":"https:\/\/edublog.educastur.es\/ixuxu\/wp-json\/wp\/v2\/users\/117"}],"replies":[{"embeddable":true,"href":"https:\/\/edublog.educastur.es\/ixuxu\/wp-json\/wp\/v2\/comments?post=26111"}],"version-history":[{"count":3,"href":"https:\/\/edublog.educastur.es\/ixuxu\/wp-json\/wp\/v2\/posts\/26111\/revisions"}],"predecessor-version":[{"id":26152,"href":"https:\/\/edublog.educastur.es\/ixuxu\/wp-json\/wp\/v2\/posts\/26111\/revisions\/26152"}],"wp:attachment":[{"href":"https:\/\/edublog.educastur.es\/ixuxu\/wp-json\/wp\/v2\/media?parent=26111"}],"wp:term":[{"taxonomy":"category","embeddable":true,"href":"https:\/\/edublog.educastur.es\/ixuxu\/wp-json\/wp\/v2\/categories?post=26111"},{"taxonomy":"post_tag","embeddable":true,"href":"https:\/\/edublog.educastur.es\/ixuxu\/wp-json\/wp\/v2\/tags?post=26111"}],"curies":[{"name":"wp","href":"https:\/\/api.w.org\/{rel}","templated":true}]}}