{"id":26329,"date":"2024-05-09T08:38:30","date_gmt":"2024-05-09T06:38:30","guid":{"rendered":"https:\/\/edublog.educastur.es\/ixuxu\/?p=26329"},"modified":"2024-05-09T14:00:06","modified_gmt":"2024-05-09T12:00:06","slug":"dia-deuropa-5","status":"publish","type":"post","link":"https:\/\/edublog.educastur.es\/ixuxu\/2024\/05\/dia-deuropa-5\/","title":{"rendered":"D\u00eda d&#8217;Europa"},"content":{"rendered":"<div class=\"xdj266r x11i5rnm xat24cr x1mh8g0r x1vvkbs x126k92a\">\n<div dir=\"auto\">\u00a0<a class=\"x1i10hfl xjbqb8w x1ejq31n xd10rxx x1sy0etr x17r0tee x972fbf xcfux6l x1qhh985 xm0m39n x9f619 x1ypdohk xt0psk2 xe8uvvx xdj266r x11i5rnm xat24cr x1mh8g0r xexx8yu x4uap5 x18d9i69 xkhd6sd x16tdsg8 xggy1nq x1a2a7pz xt0b8zv x1hl2dhg x1fey0fg xo1l8bm\" role=\"link\" href=\"https:\/\/www.facebook.com\/hashtag\/d%C3%ADadeeuropa?__eep__=6&amp;__cft__[0]=AZWZv693GXO5Ci1GmylKtVvOE5yAiVXyPefsundCOtjPdazwpM4WB49uWN-Q3s-yrtxrlLQoDk2QxazPaV8W0wATCAmUvrsDVPtcel_mPUeSRF26MsIhUa_Krp22u4sQLMkdK13w__XD5x94BRv2jED884dNfzBEheApxcZau2sH_olLuAEyrHeM0qlJnqCifSInm0kQwJnpLox644fWljz0Jclm-NX1E3miR_ziYlg-1g&amp;__tn__=*NK-y-R\">#D\u00edaDeEuropa<\/a>!\u00a0 G\u00fcei cellebramos la nuesa diversid\u00e1, unid\u00e1 y visi\u00f3n com\u00fan hacia un futuru pr\u00f3speru . <a href=\"https:\/\/www.facebook.com\/photo\/?fbid=843630041135477&amp;set=a.658805532951263\"><strong>Imaxe<\/strong><\/a><\/div>\n<div dir=\"auto\">\n<ul>\n<li class=\"html-h2 xe8uvvx x11i5rnm xat24cr x1mh8g0r xexx8yu x4uap5 x18d9i69 xkhd6sd x1vvkbs x1heor9g x1qlqyl8 x1pd3egz x1a2a7pz x1gslohp\"><span class=\"x193iq5w xeuugli x13faqbe x1vvkbs x1xmvt09 x1f6kntn xvq8zen xo1l8bm xi81zsa\"><span class=\"xt0psk2\"><a class=\"x1i10hfl xjbqb8w x1ejq31n xd10rxx x1sy0etr x17r0tee x972fbf xcfux6l x1qhh985 xm0m39n x9f619 x1ypdohk xt0psk2 xe8uvvx xdj266r x11i5rnm xat24cr x1mh8g0r xexx8yu x4uap5 x18d9i69 xkhd6sd x16tdsg8 xggy1nq x1a2a7pz xt0b8zv x1hl2dhg xzsf02u x1s688f\" role=\"link\" href=\"https:\/\/www.facebook.com\/comisioneuropea?__cft__[0]=AZXJJ6BuM4sXVUH9URKA5RjHv1ChFlytCstq8vgMjvXgUfHw3EwmRBd8N2ZYN79afrGDOZBqyalQYbWuhkzBToirH-K6_hSBZnyn8AIgRjPKeYWXSH90-U0oJ7nx739YRJERoig-oTXpmHldQXVUapTUw6HnEBPyDr1EyiGsVwTv60jtuh16FApiphOpIggpnlEt2ogTtZ-Ni-FCam7npSb6U_Gn3zCBHGzflgBszRuhXQ&amp;__tn__=-UC*F\">Comisi\u00f3n Europea en Espa\u00f1a<\/a><\/span><\/span><\/li>\n<li><a href=\"https:\/\/european-union.europa.eu\/principles-countries-history\/symbols\/europe-day_es\">Europe Day<\/a> \/ <a href=\"https:\/\/europeday.europa.eu\/index_es\">Actividaes<\/a> \/\u00ab<a href=\"https:\/\/european-union.europa.eu\/principles-countries-history\/history-eu\/1945-59\/schuman-declaration-may-1950_es\">Declaraci\u00f3n Schuman<\/a>\u00bb<\/li>\n<\/ul>\n<p style=\"text-align: center\">\n<!-- iframe plugin v.6.0 wordpress.org\/plugins\/iframe\/ -->\n<iframe loading=\"lazy\" src=\"https:\/\/www.facebook.com\/plugins\/post.php?href=https%3A%2F%2Fwww.facebook.com%2Ffundacionbiodiversidad%2Fposts%2Fpfbid0225VbAymzatk9iraTg1DSGXFbH6xNxv2SMG6ZgNzCf4QddY49HZouvvwVzrnVsNMml&#038;show_text=false&#038;width=500&#038;is_preview=true\" width=\"500\" height=\"498\" style=\"border:none;overflow:hidden\" scrolling=\"no\" frameborder=\"0\" allowfullscreen=\"true\" allow=\"autoplay; clipboard-write; encrypted-media; picture-in-picture; web-share\" 0=\"\/iframe&gt;\" class=\"iframe-class\"><\/iframe>\n<\/p>\n<p>El D\u00eda d&#8217;Europa, cada 9 de mayu, celebramos la paz y l&#8217;unid\u00e1 n&#8217;Europa. Esta fecha marca l&#8217;aniversariu de la hist\u00f3rica \u00abDeclaraci\u00f3n Schuman\u00bb, na qu&#8217;esti espunxo la so idea d&#8217;una nueva forma de cooperaci\u00f3n pol\u00edtica n&#8217;Europa, que fadr\u00eda inconcebible la guerra ente naciones europees. La propuesta de Schuman consid\u00e9rase l&#8217;empiezu de lo que g\u00fcei ye la Uni\u00f3n Europea.<\/p>\n<\/div>\n<div dir=\"auto\" style=\"text-align: center\">\n<p><!--more--><\/p>\n<p><a class=\"x1i10hfl xjbqb8w x1ejq31n xd10rxx x1sy0etr x17r0tee x972fbf xcfux6l x1qhh985 xm0m39n x9f619 x1ypdohk xt0psk2 xe8uvvx xdj266r x11i5rnm xat24cr x1mh8g0r xexx8yu x4uap5 x18d9i69 xkhd6sd x16tdsg8 xggy1nq x1a2a7pz xt0b8zv x1hl2dhg x1fey0fg xo1l8bm\" role=\"link\" href=\"https:\/\/www.facebook.com\/hashtag\/europeday?__eep__=6&amp;__cft__[0]=AZWZv693GXO5Ci1GmylKtVvOE5yAiVXyPefsundCOtjPdazwpM4WB49uWN-Q3s-yrtxrlLQoDk2QxazPaV8W0wATCAmUvrsDVPtcel_mPUeSRF26MsIhUa_Krp22u4sQLMkdK13w__XD5x94BRv2jED884dNfzBEheApxcZau2sH_olLuAEyrHeM0qlJnqCifSInm0kQwJnpLox644fWljz0Jclm-NX1E3miR_ziYlg-1g&amp;__tn__=*NK-y-R\">#EuropeDay<\/a> <a class=\"x1i10hfl xjbqb8w x1ejq31n xd10rxx x1sy0etr x17r0tee x972fbf xcfux6l x1qhh985 xm0m39n x9f619 x1ypdohk xt0psk2 xe8uvvx xdj266r x11i5rnm xat24cr x1mh8g0r xexx8yu x4uap5 x18d9i69 xkhd6sd x16tdsg8 xggy1nq x1a2a7pz xt0b8zv x1hl2dhg x1fey0fg xo1l8bm\" role=\"link\" href=\"https:\/\/www.facebook.com\/hashtag\/europa?__eep__=6&amp;__cft__[0]=AZWZv693GXO5Ci1GmylKtVvOE5yAiVXyPefsundCOtjPdazwpM4WB49uWN-Q3s-yrtxrlLQoDk2QxazPaV8W0wATCAmUvrsDVPtcel_mPUeSRF26MsIhUa_Krp22u4sQLMkdK13w__XD5x94BRv2jED884dNfzBEheApxcZau2sH_olLuAEyrHeM0qlJnqCifSInm0kQwJnpLox644fWljz0Jclm-NX1E3miR_ziYlg-1g&amp;__tn__=*NK-y-R\">#Europa<\/a> <a class=\"x1i10hfl xjbqb8w x1ejq31n xd10rxx x1sy0etr x17r0tee x972fbf xcfux6l x1qhh985 xm0m39n x9f619 x1ypdohk xt0psk2 xe8uvvx xdj266r x11i5rnm xat24cr x1mh8g0r xexx8yu x4uap5 x18d9i69 xkhd6sd x16tdsg8 xggy1nq x1a2a7pz xt0b8zv x1hl2dhg x1fey0fg xo1l8bm\" role=\"link\" href=\"https:\/\/www.facebook.com\/hashtag\/europe?__eep__=6&amp;__cft__[0]=AZWZv693GXO5Ci1GmylKtVvOE5yAiVXyPefsundCOtjPdazwpM4WB49uWN-Q3s-yrtxrlLQoDk2QxazPaV8W0wATCAmUvrsDVPtcel_mPUeSRF26MsIhUa_Krp22u4sQLMkdK13w__XD5x94BRv2jED884dNfzBEheApxcZau2sH_olLuAEyrHeM0qlJnqCifSInm0kQwJnpLox644fWljz0Jclm-NX1E3miR_ziYlg-1g&amp;__tn__=*NK-y-R\">#Europe<\/a> <a class=\"x1i10hfl xjbqb8w x1ejq31n xd10rxx x1sy0etr x17r0tee x972fbf xcfux6l x1qhh985 xm0m39n x9f619 x1ypdohk xt0psk2 xe8uvvx xdj266r x11i5rnm xat24cr x1mh8g0r xexx8yu x4uap5 x18d9i69 xkhd6sd x16tdsg8 xggy1nq x1a2a7pz xt0b8zv x1hl2dhg x1fey0fg xo1l8bm\" role=\"link\" href=\"https:\/\/www.facebook.com\/hashtag\/9may?__eep__=6&amp;__cft__[0]=AZWZv693GXO5Ci1GmylKtVvOE5yAiVXyPefsundCOtjPdazwpM4WB49uWN-Q3s-yrtxrlLQoDk2QxazPaV8W0wATCAmUvrsDVPtcel_mPUeSRF26MsIhUa_Krp22u4sQLMkdK13w__XD5x94BRv2jED884dNfzBEheApxcZau2sH_olLuAEyrHeM0qlJnqCifSInm0kQwJnpLox644fWljz0Jclm-NX1E3miR_ziYlg-1g&amp;__tn__=*NK-y-R\">#9May<\/a> <a class=\"x1i10hfl xjbqb8w x1ejq31n xd10rxx x1sy0etr x17r0tee x972fbf xcfux6l x1qhh985 xm0m39n x9f619 x1ypdohk xt0psk2 xe8uvvx xdj266r x11i5rnm xat24cr x1mh8g0r xexx8yu x4uap5 x18d9i69 xkhd6sd x16tdsg8 xggy1nq x1a2a7pz xt0b8zv x1hl2dhg x1fey0fg xo1l8bm\" role=\"link\" href=\"https:\/\/www.facebook.com\/hashtag\/9demayo?__eep__=6&amp;__cft__[0]=AZWZv693GXO5Ci1GmylKtVvOE5yAiVXyPefsundCOtjPdazwpM4WB49uWN-Q3s-yrtxrlLQoDk2QxazPaV8W0wATCAmUvrsDVPtcel_mPUeSRF26MsIhUa_Krp22u4sQLMkdK13w__XD5x94BRv2jED884dNfzBEheApxcZau2sH_olLuAEyrHeM0qlJnqCifSInm0kQwJnpLox644fWljz0Jclm-NX1E3miR_ziYlg-1g&amp;__tn__=*NK-y-R\">#9deMayo<\/a> <a class=\"x1i10hfl xjbqb8w x1ejq31n xd10rxx x1sy0etr x17r0tee x972fbf xcfux6l x1qhh985 xm0m39n x9f619 x1ypdohk xt0psk2 xe8uvvx xdj266r x11i5rnm xat24cr x1mh8g0r xexx8yu x4uap5 x18d9i69 xkhd6sd x16tdsg8 xggy1nq x1a2a7pz xt0b8zv x1hl2dhg x1fey0fg xo1l8bm\" role=\"link\" href=\"https:\/\/www.facebook.com\/hashtag\/uni%C3%B3neurope?__eep__=6&amp;__cft__[0]=AZWZv693GXO5Ci1GmylKtVvOE5yAiVXyPefsundCOtjPdazwpM4WB49uWN-Q3s-yrtxrlLQoDk2QxazPaV8W0wATCAmUvrsDVPtcel_mPUeSRF26MsIhUa_Krp22u4sQLMkdK13w__XD5x94BRv2jED884dNfzBEheApxcZau2sH_olLuAEyrHeM0qlJnqCifSInm0kQwJnpLox644fWljz0Jclm-NX1E3miR_ziYlg-1g&amp;__tn__=*NK-y-R\">#Uni\u00f3nEurope<\/a> <a class=\"x1i10hfl xjbqb8w x1ejq31n xd10rxx x1sy0etr x17r0tee x972fbf xcfux6l x1qhh985 xm0m39n x9f619 x1ypdohk xt0psk2 xe8uvvx xdj266r x11i5rnm xat24cr x1mh8g0r xexx8yu x4uap5 x18d9i69 xkhd6sd x16tdsg8 xggy1nq x1a2a7pz xt0b8zv x1hl2dhg x1fey0fg xo1l8bm\" role=\"link\" href=\"https:\/\/www.facebook.com\/hashtag\/europeanunion?__eep__=6&amp;__cft__[0]=AZWZv693GXO5Ci1GmylKtVvOE5yAiVXyPefsundCOtjPdazwpM4WB49uWN-Q3s-yrtxrlLQoDk2QxazPaV8W0wATCAmUvrsDVPtcel_mPUeSRF26MsIhUa_Krp22u4sQLMkdK13w__XD5x94BRv2jED884dNfzBEheApxcZau2sH_olLuAEyrHeM0qlJnqCifSInm0kQwJnpLox644fWljz0Jclm-NX1E3miR_ziYlg-1g&amp;__tn__=*NK-y-R\">#EuropeanUnion<\/a> <a class=\"x1i10hfl xjbqb8w x1ejq31n xd10rxx x1sy0etr x17r0tee x972fbf xcfux6l x1qhh985 xm0m39n x9f619 x1ypdohk xt0psk2 xe8uvvx xdj266r x11i5rnm xat24cr x1mh8g0r xexx8yu x4uap5 x18d9i69 xkhd6sd x16tdsg8 xggy1nq x1a2a7pz xt0b8zv x1hl2dhg x1fey0fg xo1l8bm\" role=\"link\" href=\"https:\/\/www.facebook.com\/hashtag\/thisistheeu?__eep__=6&amp;__cft__[0]=AZWZv693GXO5Ci1GmylKtVvOE5yAiVXyPefsundCOtjPdazwpM4WB49uWN-Q3s-yrtxrlLQoDk2QxazPaV8W0wATCAmUvrsDVPtcel_mPUeSRF26MsIhUa_Krp22u4sQLMkdK13w__XD5x94BRv2jED884dNfzBEheApxcZau2sH_olLuAEyrHeM0qlJnqCifSInm0kQwJnpLox644fWljz0Jclm-NX1E3miR_ziYlg-1g&amp;__tn__=*NK-y-R\">#ThisIsTheEU<\/a> <a class=\"x1i10hfl xjbqb8w x1ejq31n xd10rxx x1sy0etr x17r0tee x972fbf xcfux6l x1qhh985 xm0m39n x9f619 x1ypdohk xt0psk2 xe8uvvx xdj266r x11i5rnm xat24cr x1mh8g0r xexx8yu x4uap5 x18d9i69 xkhd6sd x16tdsg8 xggy1nq x1a2a7pz xt0b8zv x1hl2dhg x1fey0fg xo1l8bm\" role=\"link\" href=\"https:\/\/www.facebook.com\/hashtag\/schumandeclaration?__eep__=6&amp;__cft__[0]=AZWZv693GXO5Ci1GmylKtVvOE5yAiVXyPefsundCOtjPdazwpM4WB49uWN-Q3s-yrtxrlLQoDk2QxazPaV8W0wATCAmUvrsDVPtcel_mPUeSRF26MsIhUa_Krp22u4sQLMkdK13w__XD5x94BRv2jED884dNfzBEheApxcZau2sH_olLuAEyrHeM0qlJnqCifSInm0kQwJnpLox644fWljz0Jclm-NX1E3miR_ziYlg-1g&amp;__tn__=*NK-y-R\">#SchumanDeclaration<\/a><\/p>\n<div dir=\"auto\"><\/div>\n<div dir=\"auto\">\n\n<!-- iframe plugin v.6.0 wordpress.org\/plugins\/iframe\/ -->\n<iframe loading=\"lazy\" src=\"https:\/\/www.facebook.com\/plugins\/post.php?href=https%3A%2F%2Fwww.facebook.com%2Fcomisioneuropea%2Fposts%2Fpfbid02Afbp9M84sxXAS4upUNd46owsgzfFMs5vdQSVrbepFLS9RbtqM1vuHKM8usK3ynXZl&#038;show_text=false&#038;width=500&#038;is_preview=true\" width=\"500\" height=\"498\" style=\"border:none;overflow:hidden\" scrolling=\"no\" frameborder=\"0\" allowfullscreen=\"true\" allow=\"autoplay; clipboard-write; encrypted-media; picture-in-picture; web-share\" 0=\"\/iframe\" class=\"iframe-class\"><\/iframe>\n\n<p><a href=\"https:\/\/www.lavanguardia.com\/uploads\/2021\/10\/11\/6163d38f33896.png\"><img loading=\"lazy\" decoding=\"async\" class=\"aligncenter size-full\" src=\"https:\/\/www.lavanguardia.com\/uploads\/2021\/10\/11\/6163d38f33896.png\" width=\"1680\" height=\"1142\" \/><\/a><\/p>\n<p><a href=\"https:\/\/upload.wikimedia.org\/wikipedia\/commons\/7\/7d\/Mapa_union_europea.png\"><img loading=\"lazy\" decoding=\"async\" class=\"aligncenter size-full\" src=\"https:\/\/upload.wikimedia.org\/wikipedia\/commons\/7\/7d\/Mapa_union_europea.png\" width=\"1524\" height=\"1370\" \/><\/a><\/p>\n<\/div>\n<\/div>\n<\/div>\n<p>&nbsp;<\/p>\n","protected":false},"excerpt":{"rendered":"<p>\u00a0#D\u00edaDeEuropa!\u00a0 G\u00fcei cellebramos la nuesa diversid\u00e1, unid\u00e1 y visi\u00f3n com\u00fan hacia un futuru pr\u00f3speru . Imaxe Comisi\u00f3n Europea en Espa\u00f1a Europe Day \/ Actividaes \/\u00abDeclaraci\u00f3n Schuman\u00bb El D\u00eda d&#8217;Europa, cada 9 de mayu, celebramos la paz y l&#8217;unid\u00e1 n&#8217;Europa. Esta fecha marca l&#8217;aniversariu de la hist\u00f3rica \u00abDeclaraci\u00f3n Schuman\u00bb, na qu&#8217;esti espunxo la so idea d&#8217;una [&hellip;]<\/p>\n","protected":false},"author":117,"featured_media":0,"comment_status":"open","ping_status":"open","sticky":false,"template":"","format":"standard","meta":{"footnotes":""},"categories":[6],"tags":[],"class_list":["post-26329","post","type-post","status-publish","format-standard","hentry","category-dia-de"],"_links":{"self":[{"href":"https:\/\/edublog.educastur.es\/ixuxu\/wp-json\/wp\/v2\/posts\/26329","targetHints":{"allow":["GET"]}}],"collection":[{"href":"https:\/\/edublog.educastur.es\/ixuxu\/wp-json\/wp\/v2\/posts"}],"about":[{"href":"https:\/\/edublog.educastur.es\/ixuxu\/wp-json\/wp\/v2\/types\/post"}],"author":[{"embeddable":true,"href":"https:\/\/edublog.educastur.es\/ixuxu\/wp-json\/wp\/v2\/users\/117"}],"replies":[{"embeddable":true,"href":"https:\/\/edublog.educastur.es\/ixuxu\/wp-json\/wp\/v2\/comments?post=26329"}],"version-history":[{"count":7,"href":"https:\/\/edublog.educastur.es\/ixuxu\/wp-json\/wp\/v2\/posts\/26329\/revisions"}],"predecessor-version":[{"id":26336,"href":"https:\/\/edublog.educastur.es\/ixuxu\/wp-json\/wp\/v2\/posts\/26329\/revisions\/26336"}],"wp:attachment":[{"href":"https:\/\/edublog.educastur.es\/ixuxu\/wp-json\/wp\/v2\/media?parent=26329"}],"wp:term":[{"taxonomy":"category","embeddable":true,"href":"https:\/\/edublog.educastur.es\/ixuxu\/wp-json\/wp\/v2\/categories?post=26329"},{"taxonomy":"post_tag","embeddable":true,"href":"https:\/\/edublog.educastur.es\/ixuxu\/wp-json\/wp\/v2\/tags?post=26329"}],"curies":[{"name":"wp","href":"https:\/\/api.w.org\/{rel}","templated":true}]}}