{"id":26346,"date":"2024-05-13T13:07:12","date_gmt":"2024-05-13T11:07:12","guid":{"rendered":"https:\/\/edublog.educastur.es\/ixuxu\/?p=26346"},"modified":"2024-05-13T13:07:12","modified_gmt":"2024-05-13T11:07:12","slug":"concursu-indumentaria-2024","status":"publish","type":"post","link":"https:\/\/edublog.educastur.es\/ixuxu\/2024\/05\/concursu-indumentaria-2024\/","title":{"rendered":"Concursu Indumentaria 2024"},"content":{"rendered":"<div class=\"x78zum5 xdt5ytf xz62fqu x16ldp7u\">\n<div class=\"xu06os2 x1ok221b\">\n<ul>\n<li class=\"html-h3 xe8uvvx x11i5rnm xat24cr x1mh8g0r xexx8yu x4uap5 x18d9i69 xkhd6sd x1vvkbs x1heor9g x1qlqyl8 x1pd3egz x1a2a7pz x1gslohp x1yc453h\"><span class=\"xt0psk2\"><a class=\"x1i10hfl xjbqb8w x1ejq31n xd10rxx x1sy0etr x17r0tee x972fbf xcfux6l x1qhh985 xm0m39n x9f619 x1ypdohk xt0psk2 xe8uvvx xdj266r x11i5rnm xat24cr x1mh8g0r xexx8yu x4uap5 x18d9i69 xkhd6sd x16tdsg8 xggy1nq x1a2a7pz xt0b8zv x1hl2dhg xzsf02u x1s688f\" role=\"link\" href=\"https:\/\/www.facebook.com\/concursuindumentaria?__cft__[0]=AZWfhdAcPzMOxEaHvdiQVn376Aw1h8ETy-twBIsd-gMBctQKebOUY7gWoQgLoe1NX09P5QEumo9hY3VRss58XfxE8JZf_4Zo-kC2l3Ix9qyZIIuSvPtcx2FmrBCcgAqi5zaR9ysqrOaMbqWYOPxBdMw4kt2JN7Vyp6em1CKpEsqesou-oNXW-xLj45MueJeVPNszvYmTxoeFkynAhTFBZokmlQSu3DZgo4ersqwH9b8ZqQ&amp;__tn__=-UC%2CP-y-R\"><strong><span class=\"html-span xdj266r x11i5rnm xat24cr x1mh8g0r xexx8yu x4uap5 x18d9i69 xkhd6sd x1hl2dhg x16tdsg8 x1vvkbs\">Indumentaria. D\u00eda&#8217;l traxe<\/span><\/strong><\/a><\/span><\/li>\n<\/ul>\n<\/div>\n<div class=\"xu06os2 x1ok221b\" style=\"text-align: center\"><span class=\"x193iq5w xeuugli x13faqbe x1vvkbs x1xmvt09 x1lliihq x1s928wv xhkezso x1gmr53x x1cpjm7i x1fgarty x1943h6x x4zkp8e x676frb x1pg5gke x1sibtaa xo1l8bm xi81zsa x1yc453h\" dir=\"auto\"><span class=\"html-span xdj266r x11i5rnm xat24cr x1mh8g0r xexx8yu x4uap5 x18d9i69 xkhd6sd x1hl2dhg x16tdsg8 x1vvkbs\"><span class=\"xh99ass\"><span class=\"xzpqnlu xjm9jq1 x6ikm8r x10wlt62 x10l6tqk x1i1rx1s\">\u00a0<\/span><span aria-hidden=\"true\"> \n<!-- iframe plugin v.6.0 wordpress.org\/plugins\/iframe\/ -->\n<iframe loading=\"lazy\" src=\"https:\/\/www.facebook.com\/plugins\/post.php?href=https%3A%2F%2Fwww.facebook.com%2Fconcursuindumentaria%2Fposts%2Fpfbid033Tscd6ZTdecvw5YbfL1w5FdhDvRMxtk1Rjf8x6wuBXQZFGAc5Edw6mAFJa4ytzaEl&#038;show_text=false&#038;width=500&#038;is_preview=true\" width=\"500\" height=\"498\" style=\"border:none;overflow:hidden\" scrolling=\"no\" frameborder=\"0\" allowfullscreen=\"true\" allow=\"autoplay; clipboard-write; encrypted-media; picture-in-picture; web-share\" 0=\"\/iframe\" class=\"iframe-class\"><\/iframe>\n<\/span><\/span><\/span><\/span><\/div>\n<div><\/div>\n<\/div>\n<div class=\"html-div xe8uvvx xdj266r x11i5rnm xat24cr x1mh8g0r xexx8yu x4uap5 x18d9i69 xkhd6sd\" dir=\"auto\">\n<div class=\"html-div xe8uvvx xdj266r x11i5rnm xat24cr x1mh8g0r xexx8yu x4uap5 x18d9i69 xkhd6sd\" dir=\"auto\">\n<div class=\"x1iorvi4 x1pi30zi x1l90r2v x1swvt13\" data-ad-comet-preview=\"message\" data-ad-preview=\"message\">\n<div class=\"x78zum5 xdt5ytf xz62fqu x16ldp7u\">\n<div class=\"xu06os2 x1ok221b\">\n<div class=\"xdj266r x11i5rnm xat24cr x1mh8g0r x1vvkbs x126k92a\">\n<div dir=\"auto\">Amiga, amigu, y\u00e1 tenemos fecha: pal Domingu 29 setiembre,<strong> Concursu Indumentaria 2024<\/strong>. Tamos encantaos d&#8217;anunciar que se va faer el D\u00eda&#8217;l Traxe&#8217;l Pa\u00eds, como siempre, en Grau. L&#8217;Ayuntamientu de Grau sigui apoyando esti d\u00eda \u00fanicu de la cultura asturiana ya hai qu&#8217;agradecello fa\u00e9ndolu m\u00e1s guapu que nunca. \u00a1\u00a1Contamos contigo!! Avisa a tol mundu.<span class=\"x3nfvp2 x1j61x8r x1fcty0u xdj266r xhhsvwb xat24cr xgzva0m xxymvpz xlup9mm x1kky2od\"><img loading=\"lazy\" decoding=\"async\" class=\"xz74otr\" src=\"https:\/\/static.xx.fbcdn.net\/images\/emoji.php\/v9\/t96\/1\/16\/1f49c.png\" alt=\"?\" width=\"16\" height=\"16\" \/><a href=\"https:\/\/www.facebook.com\/photo?fbid=1111919833308283&amp;set=a.743528176814119\"> Cartelu<\/a><br \/>\n<\/span><\/div>\n<\/div>\n<\/div>\n<\/div>\n<\/div>\n<\/div>\n<\/div>\n","protected":false},"excerpt":{"rendered":"<p>Indumentaria. D\u00eda&#8217;l traxe \u00a0 Amiga, amigu, y\u00e1 tenemos fecha: pal Domingu 29 setiembre, Concursu Indumentaria 2024. Tamos encantaos d&#8217;anunciar que se va faer el D\u00eda&#8217;l Traxe&#8217;l Pa\u00eds, como siempre, en Grau. L&#8217;Ayuntamientu de Grau sigui apoyando esti d\u00eda \u00fanicu de la cultura asturiana ya hai qu&#8217;agradecello fa\u00e9ndolu m\u00e1s guapu que nunca. \u00a1\u00a1Contamos contigo!! Avisa a [&hellip;]<\/p>\n","protected":false},"author":117,"featured_media":0,"comment_status":"open","ping_status":"open","sticky":false,"template":"","format":"standard","meta":{"footnotes":""},"categories":[210],"tags":[],"class_list":["post-26346","post","type-post","status-publish","format-standard","hentry","category-indumentaria"],"_links":{"self":[{"href":"https:\/\/edublog.educastur.es\/ixuxu\/wp-json\/wp\/v2\/posts\/26346","targetHints":{"allow":["GET"]}}],"collection":[{"href":"https:\/\/edublog.educastur.es\/ixuxu\/wp-json\/wp\/v2\/posts"}],"about":[{"href":"https:\/\/edublog.educastur.es\/ixuxu\/wp-json\/wp\/v2\/types\/post"}],"author":[{"embeddable":true,"href":"https:\/\/edublog.educastur.es\/ixuxu\/wp-json\/wp\/v2\/users\/117"}],"replies":[{"embeddable":true,"href":"https:\/\/edublog.educastur.es\/ixuxu\/wp-json\/wp\/v2\/comments?post=26346"}],"version-history":[{"count":1,"href":"https:\/\/edublog.educastur.es\/ixuxu\/wp-json\/wp\/v2\/posts\/26346\/revisions"}],"predecessor-version":[{"id":26347,"href":"https:\/\/edublog.educastur.es\/ixuxu\/wp-json\/wp\/v2\/posts\/26346\/revisions\/26347"}],"wp:attachment":[{"href":"https:\/\/edublog.educastur.es\/ixuxu\/wp-json\/wp\/v2\/media?parent=26346"}],"wp:term":[{"taxonomy":"category","embeddable":true,"href":"https:\/\/edublog.educastur.es\/ixuxu\/wp-json\/wp\/v2\/categories?post=26346"},{"taxonomy":"post_tag","embeddable":true,"href":"https:\/\/edublog.educastur.es\/ixuxu\/wp-json\/wp\/v2\/tags?post=26346"}],"curies":[{"name":"wp","href":"https:\/\/api.w.org\/{rel}","templated":true}]}}