{"id":26388,"date":"2024-05-13T23:24:47","date_gmt":"2024-05-13T21:24:47","guid":{"rendered":"https:\/\/edublog.educastur.es\/ixuxu\/?p=26388"},"modified":"2024-05-15T22:28:44","modified_gmt":"2024-05-15T20:28:44","slug":"26388","status":"publish","type":"post","link":"https:\/\/edublog.educastur.es\/ixuxu\/2024\/05\/26388\/","title":{"rendered":"Cartelu del Martes de Campu d&#8217;esti a\u00f1u"},"content":{"rendered":"<p style=\"text-align: center\">\n<!-- iframe plugin v.6.0 wordpress.org\/plugins\/iframe\/ -->\n<iframe loading=\"lazy\" src=\"https:\/\/www.facebook.com\/plugins\/post.php?href=https%3A%2F%2Fwww.facebook.com%2Fneto.garciadelcastillo%2Fposts%2Fpfbid0zqxvMMBX4Syuz4TtndFrWkZ4LRU3uvnGK4RNDAjNMZzxxrDEguKDU4CddxbYz73Fl&#038;show_text=false&#038;width=500&#038;is_preview=true\" width=\"500\" height=\"498\" style=\"border:none;overflow:hidden\" scrolling=\"no\" frameborder=\"0\" allowfullscreen=\"true\" allow=\"autoplay; clipboard-write; encrypted-media; picture-in-picture; web-share\" 0=\"\/iframe\" class=\"iframe-class\"><\/iframe>\n<\/p>\n<ul>\n<li><strong><a href=\"https:\/\/www.facebook.com\/photo\/?fbid=8357871834227497&amp;set=a.106420296039400\">Cartelu<\/a> <\/strong>\/<a href=\"https:\/\/scontent-mad2-1.xx.fbcdn.net\/v\/t39.30808-6\/442377583_8357986240882723_7656963770776037032_n.jpg?_nc_cat=108&amp;ccb=1-7&amp;_nc_sid=5f2048&amp;_nc_ohc=fCUiMARBpXYQ7kNvgEmJmKV&amp;_nc_ht=scontent-mad2-1.xx&amp;oh=00_AYAwKteWjzWkEWMe_qdxKDlGxKhoK-xhMPQKKJX84eTupQ&amp;oe=664AD16B\"><strong>CARTELU<\/strong><\/a> \/<span class=\"x193iq5w xeuugli x13faqbe x1vvkbs x1xmvt09 x1f6kntn xvq8zen xo1l8bm xi81zsa\"><span class=\"xt0psk2\"><a class=\"x1i10hfl xjbqb8w x1ejq31n xd10rxx x1sy0etr x17r0tee x972fbf xcfux6l x1qhh985 xm0m39n x9f619 x1ypdohk xt0psk2 xe8uvvx xdj266r x11i5rnm xat24cr x1mh8g0r xexx8yu x4uap5 x18d9i69 xkhd6sd x16tdsg8 x1hl2dhg xggy1nq x1a2a7pz x1sur9pj xkrqix3 xzsf02u x1s688f\" role=\"link\" href=\"https:\/\/www.facebook.com\/neto.garciadelcastillo?__cft__[0]=AZXKOHH81lLyvZW2DuphT5hdCJSrTjdAEPqERtTnQTDMeozIryHifaxTwkxziiWDJ-GlsH3dNnAE2GibZYUfa92VxnZHcCSd8wdEVuYjSgwNjJ3d-KMt6bkeU6RoL6i7R-41OqfpmBSx3i-9HA0bHgEiZCu8F6WikWzipPN_tdkws59A0HA0_9YhCLwX42Rmh_s&amp;__tn__=-UC*F\">Neto Garc\u00eda del Castillo<\/a><\/span><\/span><\/li>\n<\/ul>\n<p><span style=\"color: #008080\"><strong><em>\u00abEl cartelu del Martes de Campu representa la so esencia;<br \/>\nquixi faer un chisgo al Campu de San Francisco y tami\u00e9n<br \/>\na les families que s&#8217;axunten pa comer el bollu nel prau\u00bb<\/em><\/strong><\/span><\/p>\n<p><!--more--><\/p>\n<p><strong><em>Milenta gracies a NETO pol dise\u00f1u.<\/em><\/strong><\/p>\n\n<!-- iframe plugin v.6.0 wordpress.org\/plugins\/iframe\/ -->\n<iframe loading=\"lazy\" src=\"https:\/\/www.facebook.com\/plugins\/post.php?href=https%3A%2F%2Fwww.facebook.com%2Fneto.garciadelcastillo%2Fposts%2Fpfbid0apfM6Udj5hjTfjjyRamCrXyds5Q6d68jUZk9WXnTG9W6c9dKq6yC48GxR9V8mj4Dl&#038;show_text=false&#038;width=500&#038;is_preview=true\" width=\"500\" height=\"497\" style=\"border:none;overflow:hidden\" scrolling=\"no\" frameborder=\"0\" allowfullscreen=\"true\" allow=\"autoplay; clipboard-write; encrypted-media; picture-in-picture; web-share\" 0=\"\/iframe\" class=\"iframe-class\"><\/iframe>\n\n<p>&nbsp;<\/p>\n<p>La Socied\u00e1 Protectora de La Balesquida, encargada de velar pola fiesta m\u00e1s antigua y tradicional de la ciud\u00e1, y\u00e1 tien tou a puntu por que esti Martes de Campu, que se va celebrar el pr\u00f3ximu 21 de mayu, s\u00eda tou un \u00e9situ. Asina lo dexaron claro nel<a href=\"https:\/\/www.lne.es\/oviedo\/2024\/04\/25\/neto-cartel-martes-campo-representa-101524519.html?fbclid=IwZXh0bgNhZW0CMTEAAR2_a9CMuBvcKo4lhfJZ9uCWqWvffoZyf59yam7wQ1vzB8f95aaiyyD3I8U_aem_AVh2haX3Dqzkpj5N4TnSfJH_tneBc_SaNXaKbub0XQmfiZCyRTGDnMKSSyelZMoFEyQz77MEOfL87dVHQQPw2amh\"> Club Prensa Asturiana de LA NUEVA ESPA\u00d1<\/a>A, los sos directivos, col presidente, Jos\u00e9 Antonio Alonso, a la cabeza. Foi mientres l&#8217;actu que sirvi\u00f3 pa faer la presentaci\u00f3n oficial del anuariu y del cartelu d&#8217;angua\u00f1o, realiz\u00e1u pol dibuxante <span style=\"color: #008080\"><strong>Ernesto Garc\u00eda del Castillo, \u00abNeto\u00bb<\/strong><\/span>, natural de Cangas y uvie\u00edn d&#8217;adopci\u00f3n.\u00a0 \/ <a href=\"https:\/\/www.facebook.com\/photo\/?fbid=832786848887255&amp;set=a.814124784086795\">Semeya de Neto con J. Antonio Alonso, presidente de la Socied\u00e1<\/a><\/p>\n<p style=\"text-align: center\">\n<!-- iframe plugin v.6.0 wordpress.org\/plugins\/iframe\/ -->\n<iframe loading=\"lazy\" src=\"https:\/\/www.facebook.com\/plugins\/post.php?href=https%3A%2F%2Fwww.facebook.com%2FSociedadProtectoradeLaBalesquida%2Fposts%2Fpfbid02eDEmoayh2yUUQ5kmC2mB17JnnWqA1M52wzrFCzvkaAX8kyFVuNp3ACkgJ2B48YGMl&#038;show_text=false&#038;width=500&#038;is_preview=true\" width=\"500\" height=\"497\" style=\"border:none;overflow:hidden\" scrolling=\"no\" frameborder=\"0\" allowfullscreen=\"true\" allow=\"autoplay; clipboard-write; encrypted-media; picture-in-picture; web-share\" 0=\"\/iframe\" class=\"iframe-class\"><\/iframe>\n<\/p>\n<p style=\"text-align: center\">\n<!-- iframe plugin v.6.0 wordpress.org\/plugins\/iframe\/ -->\n<iframe loading=\"lazy\" src=\"https:\/\/www.facebook.com\/plugins\/post.php?href=https%3A%2F%2Fwww.facebook.com%2FSociedadProtectoradeLaBalesquida%2Fposts%2Fpfbid0eA59AvzPYSMMG7Z7bYVWsqAJ8JJPdAYbQJ4Ve3Dng3X3yUgw6zDKp6gF8k73wFkPl&#038;show_text=false&#038;width=500&#038;is_preview=true\" width=\"500\" height=\"497\" style=\"border:none;overflow:hidden\" scrolling=\"no\" frameborder=\"0\" allowfullscreen=\"true\" allow=\"autoplay; clipboard-write; encrypted-media; picture-in-picture; web-share\" 0=\"\/iframe\" class=\"iframe-class\"><\/iframe>\n<\/p>\n<ul>\n<li class=\"html-h2 xe8uvvx x11i5rnm xat24cr x1mh8g0r xexx8yu x4uap5 x18d9i69 xkhd6sd x1vvkbs x1heor9g x1qlqyl8 x1pd3egz x1a2a7pz x1gslohp\"><span class=\"x193iq5w xeuugli x13faqbe x1vvkbs x1xmvt09 x1f6kntn xvq8zen xo1l8bm xi81zsa\"><span class=\"xt0psk2\"><a class=\"x1i10hfl xjbqb8w x1ejq31n xd10rxx x1sy0etr x17r0tee x972fbf xcfux6l x1qhh985 xm0m39n x9f619 x1ypdohk xt0psk2 xe8uvvx xdj266r x11i5rnm xat24cr x1mh8g0r xexx8yu x4uap5 x18d9i69 xkhd6sd x16tdsg8 xggy1nq x1a2a7pz xt0b8zv x1hl2dhg xzsf02u x1s688f\" role=\"link\" href=\"https:\/\/www.facebook.com\/SociedadProtectoradeLaBalesquida?__tn__=-UC*F\">Sociedad Protectora de La Balesquida. Martes de Campo.<\/a><\/span><\/span><\/li>\n<li><a href=\"https:\/\/www.facebook.com\/media\/set\/?set=a.814124784086795&amp;type=3&amp;ref=embed_post\">\u00c1lbum 2024<\/a> \/<\/li>\n<\/ul>\n","protected":false},"excerpt":{"rendered":"<p>Cartelu \/CARTELU \/Neto Garc\u00eda del Castillo \u00abEl cartelu del Martes de Campu representa la so esencia; quixi faer un chisgo al Campu de San Francisco y tami\u00e9n a les families que s&#8217;axunten pa comer el bollu nel prau\u00bb<\/p>\n","protected":false},"author":117,"featured_media":0,"comment_status":"open","ping_status":"open","sticky":false,"template":"","format":"standard","meta":{"footnotes":""},"categories":[1],"tags":[],"class_list":["post-26388","post","type-post","status-publish","format-standard","hentry","category-sin-categoria"],"_links":{"self":[{"href":"https:\/\/edublog.educastur.es\/ixuxu\/wp-json\/wp\/v2\/posts\/26388","targetHints":{"allow":["GET"]}}],"collection":[{"href":"https:\/\/edublog.educastur.es\/ixuxu\/wp-json\/wp\/v2\/posts"}],"about":[{"href":"https:\/\/edublog.educastur.es\/ixuxu\/wp-json\/wp\/v2\/types\/post"}],"author":[{"embeddable":true,"href":"https:\/\/edublog.educastur.es\/ixuxu\/wp-json\/wp\/v2\/users\/117"}],"replies":[{"embeddable":true,"href":"https:\/\/edublog.educastur.es\/ixuxu\/wp-json\/wp\/v2\/comments?post=26388"}],"version-history":[{"count":10,"href":"https:\/\/edublog.educastur.es\/ixuxu\/wp-json\/wp\/v2\/posts\/26388\/revisions"}],"predecessor-version":[{"id":26583,"href":"https:\/\/edublog.educastur.es\/ixuxu\/wp-json\/wp\/v2\/posts\/26388\/revisions\/26583"}],"wp:attachment":[{"href":"https:\/\/edublog.educastur.es\/ixuxu\/wp-json\/wp\/v2\/media?parent=26388"}],"wp:term":[{"taxonomy":"category","embeddable":true,"href":"https:\/\/edublog.educastur.es\/ixuxu\/wp-json\/wp\/v2\/categories?post=26388"},{"taxonomy":"post_tag","embeddable":true,"href":"https:\/\/edublog.educastur.es\/ixuxu\/wp-json\/wp\/v2\/tags?post=26388"}],"curies":[{"name":"wp","href":"https:\/\/api.w.org\/{rel}","templated":true}]}}