{"id":26426,"date":"2024-05-17T09:00:17","date_gmt":"2024-05-17T07:00:17","guid":{"rendered":"https:\/\/edublog.educastur.es\/ixuxu\/?p=26426"},"modified":"2024-05-14T13:26:22","modified_gmt":"2024-05-14T11:26:22","slug":"dia-de-la-bandera-dasturies-2","status":"publish","type":"post","link":"https:\/\/edublog.educastur.es\/ixuxu\/2024\/05\/dia-de-la-bandera-dasturies-2\/","title":{"rendered":"D\u00eda de la bandera d&#8217;Asturies"},"content":{"rendered":"<div class=\"html-div xe8uvvx xdj266r x11i5rnm xat24cr x1mh8g0r xexx8yu x4uap5 x18d9i69 xkhd6sd\" dir=\"auto\">\n<div class=\"html-div xe8uvvx xdj266r x11i5rnm xat24cr x1mh8g0r xexx8yu x4uap5 x18d9i69 xkhd6sd\" dir=\"auto\">\n<div class=\"x1iorvi4 x1pi30zi x1l90r2v x1swvt13\" data-ad-comet-preview=\"message\" data-ad-preview=\"message\">\n<div class=\"x78zum5 xdt5ytf xz62fqu x16ldp7u\">\n<div class=\"xu06os2 x1ok221b\">\n<div class=\"xdj266r x11i5rnm xat24cr x1mh8g0r x1vvkbs x126k92a\">\n<div dir=\"auto\" style=\"text-align: center\"><\/div>\n<div dir=\"auto\" style=\"text-align: center\"><a href=\"https:\/\/www.educastur.es\/documents\/34868\/2702326\/2024-05-efemerides-dia-bandera-asturias-1060.jpg\/8ba38dd5-7549-4483-3c83-6f1e19e83592?t=1715374595183\"><img loading=\"lazy\" decoding=\"async\" class=\"aligncenter \" src=\"https:\/\/www.educastur.es\/documents\/34868\/2702326\/2024-05-efemerides-dia-bandera-asturias-1060.jpg\/8ba38dd5-7549-4483-3c83-6f1e19e83592?t=1715374595183\" width=\"411\" height=\"312\" \/><\/a><\/div>\n<div dir=\"auto\"><\/div>\n<div dir=\"auto\">El 25 de mayu conmemoramos la nacencia de la Bandera d&#8217;Asturies. Un s\u00edmbolu de tradici\u00f3n, unid\u00e1, enraigono, pasi\u00f3n y arguyu. Sentimientos qu&#8217;encarnen la nuesa identid\u00e1. \u00a1El 25 de mayu amuesa la to otra piel!<\/div>\n<div dir=\"auto\"><\/div>\n<ul>\n<li dir=\"auto\"><span class=\"html-span xdj266r x11i5rnm xat24cr x1mh8g0r xexx8yu x4uap5 x18d9i69 xkhd6sd x1hl2dhg x16tdsg8 x1vvkbs\"><a class=\"x1i10hfl xjbqb8w x1ejq31n xd10rxx x1sy0etr x17r0tee x972fbf xcfux6l x1qhh985 xm0m39n x9f619 x1ypdohk xt0psk2 xe8uvvx xdj266r x11i5rnm xat24cr x1mh8g0r xexx8yu x4uap5 x18d9i69 xkhd6sd x16tdsg8 x1hl2dhg xggy1nq x1a2a7pz x1sur9pj xkrqix3 x1fey0fg xo1l8bm\" role=\"link\" href=\"https:\/\/www.facebook.com\/hashtag\/diadelabanderadeasturias?__eep__=6&amp;__cft__[0]=AZUwTQKs9fenm2zpbyytal7jTybHszArI6CCSkAOhYzAJWMpoftwE7hLHsNQEVIiU2hjn_G9yG2R77SD95__PsxC82vmQOG0yf-u4HHP2sQaoXDIA67VlUoFpKsCT8ler6308c5Tgfzpp2CONYxjkhuiiXtEqjhHasjXZZ4VJFSTz937ntz-UPMibQyw64PsdTdlF23r6hm4eL31ybv6v8EbGB0YnpbQox7gaHHmvs99Jg3LWNxLU2_RF3yDwhEltRc&amp;__tn__=*NK-y-R\">#DiadelaBanderadeAsturias<\/a><\/span><\/li>\n<li dir=\"auto\"><a href=\"https:\/\/edublog.educastur.es\/ixuxu\/asturies\/19232-2\/\"><strong>P\u00e1xina d&#8217;Ixux\u00fa<\/strong> <\/a>\/ <a href=\"https:\/\/www.facebook.com\/photo\/?fbid=754836463486989&amp;set=p.754836463486989\">Cartelu<\/a><\/li>\n<li dir=\"auto\"><a href=\"https:\/\/banderadeasturias.es\/\" target=\"_blank\" rel=\"noopener\">banderadeasturias.es<\/a><\/li>\n<li><a href=\"https:\/\/banderadeasturias.es\/\" target=\"_blank\" rel=\"noopener\">Web D\u00eda de la Bandera de Asturias<\/a><\/li>\n<li><a href=\"https:\/\/www.javidecastro.com\/asturias-the-origin-of-a-flag\" target=\"_blank\" rel=\"noopener\">Web D\u00eda de la Bandera de Asturias. Versi\u00f3n en ingl\u00e9s<\/a><\/li>\n<\/ul>\n<p><!--more--><\/p>\n<p>El Gobiernu del Princip\u00e1u va conmemorar el s\u00e1badu 25 de mayu los<strong> acontecimientos asoced\u00edos fai 216 a\u00f1os cuando Asturies declar\u00f3 la guerra a la Francia napole\u00f3nica, primer potencia mundial ent\u00f3s daquella<\/strong>. El principal oxetivu ye espublizar ente los m\u00e1s nuevos esti episodiu hist\u00f3ricu del a\u00f1u 1808, sorrayar la so importancia pa la hestoria d&#8217;Asturies y esplicar les razones que llevaron al afitamientu de l&#8217;actual bandera del Princip\u00e1u como ense\u00f1a d&#8217;usu popular.<\/p>\n<p>Pa celebrar esta efem\u00e9ride del D\u00eda de la Bandera d&#8217;Asturies, el Princip\u00e1u edit\u00f3 l&#8217;a\u00f1u pas\u00e1u un webc\u00f3mic, realiz\u00e1u pol ilustrador Javi de Castro, qu&#8217;esplica n&#8217;ocho cap\u00edtulos esti momentu trescendental de la nuesa hestoria y que ta escritu en castell\u00e1n, asturianu, eonaviego ya ingl\u00e9s. Esiste, coles mesmes, xuna edici\u00f3n en papel con cuatro de los cap\u00edtulos resum\u00edos, unos hest\u00f3ricos y otros ficcionados.<\/p>\n<p>El Princip\u00e1u ufierta tami\u00e9n na p\u00e1xina web banderadeasturias.es un llibru descargable titul\u00e1u La significaci\u00f3n hist\u00f3ricu-pol\u00edtica del 25 de mayu de 1808, con testos del presidente del Princip\u00e1u, Adri\u00e1n Barb\u00f3n; el presidente de l&#8217;Asociaci\u00f3n d&#8217;Amigos del Pa\u00eds d&#8217;Asturies, Jos\u00e9 Mar\u00eda Fern\u00e1ndez Gonz\u00e1lez; el catedr\u00e1ticu de Derechu Constitucional de la Universid\u00e1 d&#8217;Uvi\u00e9u, Ignacio Fern\u00e1ndez Sarasola, y la profesora titular d&#8217;Hestoria del Derechu y de les Instituciones, Marta Tostara \u00c1lvarez. Figura, am\u00e1s, un documental titul\u00e1u El d\u00eda qu&#8217;Asturies declar\u00f3 la guerra a Napole\u00f3n, emit\u00edu na Televisi\u00f3n del Princip\u00e1u d&#8217;Asturies (TPA).<\/p>\n<p><strong>La Conseyer\u00eda d&#8217;Educaci\u00f3n va unviar un bolet\u00edn a los centros d&#8217;ense\u00f1anza<\/strong> por que compartan toa esa informaci\u00f3n col claustru y solicitar que collaboren nel espardimientu del webc\u00f3mic y del restu de conten\u00edos alusivos a esa fecha tan se\u00f1alada. Prop\u00f3n, am\u00e1s, utilizalos como material de trabayu nes aules col alumn\u00e1u d&#8217;ESO y Bachilleratu nes asignatures d&#8217;Hestoria, Ingl\u00e9s, art\u00edstiques o lling\u00fc\u00edstiques, o bien como ferramienta pa impulsar alderiques o como xuna din\u00e1mica de xuegu.<\/p>\n<p>Los materiales t\u00e1n disponibles nesti enllaz:<\/p>\n<ul>\n<li><a href=\"https:\/\/banderadeasturias.es\/\" target=\"_blank\" rel=\"noopener\">Web D\u00eda de la Bandera de Asturias<\/a><\/li>\n<li><a href=\"https:\/\/www.javidecastro.com\/asturias-the-origin-of-a-flag\" target=\"_blank\" rel=\"noopener\">Web D\u00eda de la Bandera de Asturias. Versi\u00f3n en ingl\u00e9s<\/a><\/li>\n<\/ul>\n<p style=\"text-align: center\">\n<!-- iframe plugin v.6.0 wordpress.org\/plugins\/iframe\/ -->\n<iframe loading=\"lazy\" src=\"https:\/\/www.facebook.com\/plugins\/post.php?href=https%3A%2F%2Fwww.facebook.com%2Fphoto.php%3Ffbid%3D754836463486989%26set%3Dp.754836463486989%26type%3D3&#038;show_text=false&#038;width=500&#038;is_preview=true\" width=\"500\" height=\"498\" style=\"border:none;overflow:hidden\" scrolling=\"no\" frameborder=\"0\" allowfullscreen=\"true\" allow=\"autoplay; clipboard-write; encrypted-media; picture-in-picture; web-share\" 0=\"\/iframe\" class=\"iframe-class\"><\/iframe>\n<\/p>\n<p>&nbsp;<\/p>\n<\/div>\n<\/div>\n<\/div>\n<\/div>\n<\/div>\n<\/div>\n<p>&nbsp;<\/p>\n","protected":false},"excerpt":{"rendered":"<p>El 25 de mayu conmemoramos la nacencia de la Bandera d&#8217;Asturies. Un s\u00edmbolu de tradici\u00f3n, unid\u00e1, enraigono, pasi\u00f3n y arguyu. Sentimientos qu&#8217;encarnen la nuesa identid\u00e1. \u00a1El 25 de mayu amuesa la to otra piel! #DiadelaBanderadeAsturias P\u00e1xina d&#8217;Ixux\u00fa \/ Cartelu banderadeasturias.es Web D\u00eda de la Bandera de Asturias Web D\u00eda de la Bandera de Asturias. Versi\u00f3n [&hellip;]<\/p>\n","protected":false},"author":117,"featured_media":0,"comment_status":"open","ping_status":"open","sticky":false,"template":"","format":"standard","meta":{"footnotes":""},"categories":[6],"tags":[],"class_list":["post-26426","post","type-post","status-publish","format-standard","hentry","category-dia-de"],"_links":{"self":[{"href":"https:\/\/edublog.educastur.es\/ixuxu\/wp-json\/wp\/v2\/posts\/26426","targetHints":{"allow":["GET"]}}],"collection":[{"href":"https:\/\/edublog.educastur.es\/ixuxu\/wp-json\/wp\/v2\/posts"}],"about":[{"href":"https:\/\/edublog.educastur.es\/ixuxu\/wp-json\/wp\/v2\/types\/post"}],"author":[{"embeddable":true,"href":"https:\/\/edublog.educastur.es\/ixuxu\/wp-json\/wp\/v2\/users\/117"}],"replies":[{"embeddable":true,"href":"https:\/\/edublog.educastur.es\/ixuxu\/wp-json\/wp\/v2\/comments?post=26426"}],"version-history":[{"count":3,"href":"https:\/\/edublog.educastur.es\/ixuxu\/wp-json\/wp\/v2\/posts\/26426\/revisions"}],"predecessor-version":[{"id":26512,"href":"https:\/\/edublog.educastur.es\/ixuxu\/wp-json\/wp\/v2\/posts\/26426\/revisions\/26512"}],"wp:attachment":[{"href":"https:\/\/edublog.educastur.es\/ixuxu\/wp-json\/wp\/v2\/media?parent=26426"}],"wp:term":[{"taxonomy":"category","embeddable":true,"href":"https:\/\/edublog.educastur.es\/ixuxu\/wp-json\/wp\/v2\/categories?post=26426"},{"taxonomy":"post_tag","embeddable":true,"href":"https:\/\/edublog.educastur.es\/ixuxu\/wp-json\/wp\/v2\/tags?post=26426"}],"curies":[{"name":"wp","href":"https:\/\/api.w.org\/{rel}","templated":true}]}}