{"id":26464,"date":"2024-05-11T09:00:52","date_gmt":"2024-05-11T07:00:52","guid":{"rendered":"https:\/\/edublog.educastur.es\/ixuxu\/?p=26464"},"modified":"2024-05-14T12:06:30","modified_gmt":"2024-05-14T10:06:30","slug":"dia-mundial-de-les-aves-migratories-2","status":"publish","type":"post","link":"https:\/\/edublog.educastur.es\/ixuxu\/2024\/05\/dia-mundial-de-les-aves-migratories-2\/","title":{"rendered":"D\u00eda Mundial de les Aves Migratories"},"content":{"rendered":"<div class=\"xdj266r x11i5rnm xat24cr x1mh8g0r x1vvkbs x126k92a\">G\u00fcei celebramos el<span style=\"color: #008080\"><strong> D\u00eda Mundial de les Aves Migratories (DMAM)<\/strong><\/span>, una campa\u00f1a a\u00f1al de sensibilizaci\u00f3n global, que destaca la necesid\u00e1 del caltenimientu de les aves migratories y de les sos h\u00e1bitats. Porque les sos rutes t\u00e1n en peligru deb\u00edu al camb\u00e9u clim\u00e1ticu. L&#8217;inter\u00e9s ye que se celebra dos vegaes al a\u00f1u: el segundu s\u00e1badu de mayu y el segundu s\u00e1badu d&#8217;ochobre, coincidiendo colos dos grandes migraciones de les aves.<\/div>\n<div class=\"xdj266r x11i5rnm xat24cr x1mh8g0r x1vvkbs x126k92a\"><a href=\"https:\/\/www.cms.int\/sites\/default\/files\/uploads\/2024%20WMBD%20Global%20Poster_Spanish_0.png\"><img loading=\"lazy\" decoding=\"async\" class=\"aligncenter size-full\" src=\"https:\/\/www.cms.int\/sites\/default\/files\/uploads\/2024%20WMBD%20Global%20Poster_Spanish_0.png\" width=\"1200\" height=\"896\" \/><\/a><br \/>\nEl lema de 2024 ye <span style=\"color: #008080\"><strong>\u00abProtexe los insectos, protexe les aves\u00bb.<\/strong><\/span><a href=\"https:\/\/www.cms.int\/es\/news\/el-d%C3%ADa-mundial-de-las-aves-migratorias-2024-destaca-la-importancia-de-los-insectos\">Noticia<\/a><\/div>\n<div class=\"xdj266r x11i5rnm xat24cr x1mh8g0r x1vvkbs x126k92a\">\n<ul>\n<li style=\"list-style-type: none\">\n<ul>\n<li style=\"list-style-type: none\"><\/li>\n<\/ul>\n<\/li>\n<\/ul>\n<p><span class=\"html-span xdj266r x11i5rnm xat24cr x1mh8g0r xexx8yu x4uap5 x18d9i69 xkhd6sd x1hl2dhg x16tdsg8 x1vvkbs\"><a class=\"x1i10hfl xjbqb8w x1ejq31n xd10rxx x1sy0etr x17r0tee x972fbf xcfux6l x1qhh985 xm0m39n x9f619 x1ypdohk xt0psk2 xe8uvvx xdj266r x11i5rnm xat24cr x1mh8g0r xexx8yu x4uap5 x18d9i69 xkhd6sd x16tdsg8 x1hl2dhg xggy1nq x1a2a7pz x1sur9pj xkrqix3 x1fey0fg xo1l8bm\" role=\"link\" href=\"https:\/\/www.facebook.com\/hashtag\/d%C3%ADadelasavesmigratorias?__eep__=6&amp;__cft__[0]=AZX9qCgr7ldx-Vu3gcnBeOFfK573qmax8sSvmYX6vUPFZPYpN74xtNGGnnq99onf86Mrer3JGW-hMLLtUqZs8L0pa3Iw5ig0DltFEJIXnJ7jlDDM19Zs7Qwk5w7Lg3HIqradwm6rG_1HjrO-w9CZF0VGUBmoD5bo60jbg5XQ475t9nm0MdIJ37LfS9mnshXDn7wyExbwGBL6BtIpVkGVB_BBU7FgR-s1vQ2jQ46IJR2HNA&amp;__tn__=*NK-y-R\">#D\u00edadelasAvesMigratorias<\/a><\/span><span class=\"html-span xdj266r x11i5rnm xat24cr x1mh8g0r xexx8yu x4uap5 x18d9i69 xkhd6sd x1hl2dhg x16tdsg8 x1vvkbs\"><a class=\"x1i10hfl xjbqb8w x1ejq31n xd10rxx x1sy0etr x17r0tee x972fbf xcfux6l x1qhh985 xm0m39n x9f619 x1ypdohk xt0psk2 xe8uvvx xdj266r x11i5rnm xat24cr x1mh8g0r xexx8yu x4uap5 x18d9i69 xkhd6sd x16tdsg8 x1hl2dhg xggy1nq x1a2a7pz x1sur9pj xkrqix3 x1fey0fg xo1l8bm\" role=\"link\" href=\"https:\/\/www.facebook.com\/hashtag\/dmam?__eep__=6&amp;__cft__[0]=AZX9qCgr7ldx-Vu3gcnBeOFfK573qmax8sSvmYX6vUPFZPYpN74xtNGGnnq99onf86Mrer3JGW-hMLLtUqZs8L0pa3Iw5ig0DltFEJIXnJ7jlDDM19Zs7Qwk5w7Lg3HIqradwm6rG_1HjrO-w9CZF0VGUBmoD5bo60jbg5XQ475t9nm0MdIJ37LfS9mnshXDn7wyExbwGBL6BtIpVkGVB_BBU7FgR-s1vQ2jQ46IJR2HNA&amp;__tn__=*NK-y-R\">#DMAM<\/a><\/span><\/p>\n<p><!--more--><\/p>\n<\/div>\n<p><strong>N&#8217;Espa\u00f1a danse cita 200 especies d&#8217;aves migratories<\/strong>, de les qu&#8217;el 40% amueses signos evidentes de declive.<br \/>\nYe clave protexer les sos rutes ?\ufe0f por que puedan: ? Alimentase ? Folgar\/descansar y ? Reproducise<\/p>\n<p style=\"text-align: center\"><a href=\"https:\/\/www.cms.int\/sites\/default\/files\/news_featured_image\/bee_eater_canva_logo.png\"><img loading=\"lazy\" decoding=\"async\" class=\"aligncenter size-full\" src=\"https:\/\/www.cms.int\/sites\/default\/files\/news_featured_image\/bee_eater_canva_logo.png\" width=\"1781\" height=\"926\" \/><\/a><\/p>\n<p style=\"text-align: center\">\n<!-- iframe plugin v.6.0 wordpress.org\/plugins\/iframe\/ -->\n<iframe loading=\"lazy\" src=\"https:\/\/www.facebook.com\/plugins\/post.php?href=https%3A%2F%2Fwww.facebook.com%2Ffundacionbiodiversidad%2Fposts%2Fpfbid0p1gGmhGndSKeDvTvqs7ATgNFVLrq9wkkDJFNsRP3vGTuDd5Lp5hRqcCiYsPAiWZVl&#038;show_text=true&#038;width=500&#038;is_preview=true\" width=\"500\" height=\"673\" style=\"border:none;overflow:hidden\" scrolling=\"no\" frameborder=\"0\" allowfullscreen=\"true\" allow=\"autoplay; clipboard-write; encrypted-media; picture-in-picture; web-share\" 0=\"\/iframe\" class=\"iframe-class\"><\/iframe>\n<\/p>\n<h3><strong>Enllaces relacionaos<\/strong><\/h3>\n<p>World Migratory Bird Day Website: <a href=\"http:\/\/www.worldmigratorybirdday.org\/\">www.worldmigratorybirdday.org<\/a><\/p>\n<p>Social Media Trello Board: <a href=\"http:\/\/www.worldmigratorybirdday.org\/2023\/resources\">www.worldmigratorybirdday.org\/2024\/resources<\/a><\/p>\n<p>World Migratory Bird Day Global Event Map: <a href=\"http:\/\/www.worldmigratorybirdday.org\/events-map\">www.worldmigratorybirdday.org\/events-map<\/a><\/p>\n<p>World Migratory Bird Day Event Finder: <a href=\"https:\/\/migratorybirdday.sched.com\/\">World Migratory Bird Day: Schedule<\/a><\/p>\n<h3><strong>Redes sociales<\/strong><\/h3>\n<p>Facebook: WorldMigratoryBirdDay<\/p>\n<p>Instagram: @worldmigratorybirdday @environmentamericas<\/p>\n<p>Twitter: @WMBD<\/p>\n<p>Hashtags: #WorldMigratoryBirdDay #WMBD2024 #ProtectInsectsProtectBirds<\/p>\n<div class=\"x11i5rnm xat24cr x1mh8g0r x1vvkbs xtlvy1s x126k92a\">\n<div dir=\"auto\"><\/div>\n<\/div>\n","protected":false},"excerpt":{"rendered":"<p>G\u00fcei celebramos el D\u00eda Mundial de les Aves Migratories (DMAM), una campa\u00f1a a\u00f1al de sensibilizaci\u00f3n global, que destaca la necesid\u00e1 del caltenimientu de les aves migratories y de les sos h\u00e1bitats. Porque les sos rutes t\u00e1n en peligru deb\u00edu al camb\u00e9u clim\u00e1ticu. L&#8217;inter\u00e9s ye que se celebra dos vegaes al a\u00f1u: el segundu s\u00e1badu de [&hellip;]<\/p>\n","protected":false},"author":117,"featured_media":0,"comment_status":"open","ping_status":"open","sticky":false,"template":"","format":"standard","meta":{"footnotes":""},"categories":[6],"tags":[],"class_list":["post-26464","post","type-post","status-publish","format-standard","hentry","category-dia-de"],"_links":{"self":[{"href":"https:\/\/edublog.educastur.es\/ixuxu\/wp-json\/wp\/v2\/posts\/26464","targetHints":{"allow":["GET"]}}],"collection":[{"href":"https:\/\/edublog.educastur.es\/ixuxu\/wp-json\/wp\/v2\/posts"}],"about":[{"href":"https:\/\/edublog.educastur.es\/ixuxu\/wp-json\/wp\/v2\/types\/post"}],"author":[{"embeddable":true,"href":"https:\/\/edublog.educastur.es\/ixuxu\/wp-json\/wp\/v2\/users\/117"}],"replies":[{"embeddable":true,"href":"https:\/\/edublog.educastur.es\/ixuxu\/wp-json\/wp\/v2\/comments?post=26464"}],"version-history":[{"count":7,"href":"https:\/\/edublog.educastur.es\/ixuxu\/wp-json\/wp\/v2\/posts\/26464\/revisions"}],"predecessor-version":[{"id":26471,"href":"https:\/\/edublog.educastur.es\/ixuxu\/wp-json\/wp\/v2\/posts\/26464\/revisions\/26471"}],"wp:attachment":[{"href":"https:\/\/edublog.educastur.es\/ixuxu\/wp-json\/wp\/v2\/media?parent=26464"}],"wp:term":[{"taxonomy":"category","embeddable":true,"href":"https:\/\/edublog.educastur.es\/ixuxu\/wp-json\/wp\/v2\/categories?post=26464"},{"taxonomy":"post_tag","embeddable":true,"href":"https:\/\/edublog.educastur.es\/ixuxu\/wp-json\/wp\/v2\/tags?post=26464"}],"curies":[{"name":"wp","href":"https:\/\/api.w.org\/{rel}","templated":true}]}}