{"id":26533,"date":"2024-05-16T08:41:08","date_gmt":"2024-05-16T06:41:08","guid":{"rendered":"https:\/\/edublog.educastur.es\/ixuxu\/?p=26533"},"modified":"2024-05-15T13:47:19","modified_gmt":"2024-05-15T11:47:19","slug":"26533","status":"publish","type":"post","link":"https:\/\/edublog.educastur.es\/ixuxu\/2024\/05\/26533\/","title":{"rendered":""},"content":{"rendered":"<p style=\"text-align: center\"><span style=\"font-size: 24px\"><em><span style=\"color: #800080\">\u00c1mote\u00bb, dixo&#8217;l princip\u00edn&#8230; <\/span><\/em><\/span><br \/>\n<span style=\"font-size: 24px\"><em><span style=\"color: #800080\">\u2014 \u00abYo tami\u00e9n qui\u00e9rote\u00bb, dixo la rosa. <\/span><\/em><\/span><br \/>\n<span style=\"font-size: 24px\"><em><span style=\"color: #800080\">\u2014 \u00abNun ye lo mesmo\u00bb &#8211; respondi\u00f3 \u00e9l&#8230;<\/span><\/em><\/span><br \/>\n<span style=\"font-size: 24px\"><em><span style=\"color: #800080\">Amar ye l&#8217;enfotu plenu <\/span><\/em><\/span><br \/>\n<span style=\"font-size: 24px\"><em><span style=\"color: #800080\">de que pase lo que pase vas tar, <\/span><\/em><\/span><br \/>\n<span style=\"font-size: 24px\"><em><span style=\"color: #800080\">non porque me debas nada, <\/span><\/em><\/span><br \/>\n<span style=\"font-size: 24px\"><em><span style=\"color: #800080\">non con posesi\u00f3n ego\u00edsta, <\/span><\/em><\/span><br \/>\n<span style=\"font-size: 24px\"><em><span style=\"color: #800080\">sin\u00f3n tar, en silenciosa compa\u00f1\u00eda. <\/span><\/em><\/span><\/p>\n<p style=\"text-align: center\"><!--more--><\/p>\n<p style=\"text-align: center\"><span style=\"font-size: 24px\"><em><span style=\"color: #800080\">Amar ye saber que nun te camuda&#8217;l tiempu, <\/span><\/em><\/span><br \/>\n<span style=\"font-size: 24px\"><em><span style=\"color: #800080\">nin les torbonaes\/tempestaes, <\/span><\/em><\/span><br \/>\n<span style=\"font-size: 24px\"><em><span style=\"color: #800080\">nin los mios iviernos. <\/span><\/em><\/span><br \/>\n<span style=\"font-size: 24px\"><em><span style=\"color: #800080\">Dar amor nun escosa l&#8217;amor, <\/span><\/em><\/span><br \/>\n<span style=\"font-size: 24px\"><em><span style=\"color: #800080\">otra manera, aum\u00e9ntalo.<\/span><\/em><\/span><br \/>\n<span style=\"font-size: 24px\"><em><span style=\"color: #800080\"> La manera de devolver tanto amor, <\/span><\/em><\/span><br \/>\n<span style=\"font-size: 24px\"><em><span style=\"color: #800080\">ye abrir el coraz\u00f3n y dexase amar.<\/span><\/em><\/span><br \/>\n<span style=\"font-size: 24px\"><em><span style=\"color: #800080\">\u2014 \u00abY\u00e1 entend\u00ed\u00bb &#8211; dixo la rosa. <\/span><\/em><\/span><br \/>\n<span style=\"font-size: 24px\"><em><span style=\"color: #800080\">\u2014 \u00abNun lo entiendas, v\u00edvilo\u00bb\u00a0<\/span><\/em><\/span><br \/>\n<span style=\"font-size: 24px\"><em><span style=\"color: #800080\"> amest\u00f3&#8217;l princip\u00edn.\u00bb<\/span><\/em><\/span><br \/>\n\u23dd \u035d\u035d\u035d \u23dd \u035d\u035d\u035d \ua4a6\ua4b7\ua4a6\ua4b7\ua4a6\ua4a6\ua4b7\ua4a6\ua4b7\ua4a6 \u035d\u035d\u035d \u23dd \u035d\u035d\u035d \u23dd<br \/>\n\u00abEl Princip\u00edn\u00bb, Antoine De Saint-Exup\u00e9ry<\/p>\n\n<!-- iframe plugin v.6.0 wordpress.org\/plugins\/iframe\/ -->\n<iframe loading=\"lazy\" src=\"https:\/\/www.facebook.com\/plugins\/post.php?href=https%3A%2F%2Fwww.facebook.com%2Fpermalink.php%3Fstory_fbid%3Dpfbid0W8BYzpa2oLvD8H6J5RP55sKh6K4AAhfGzqhqyu4USXzrW8e4YsCiC79otJKCaUuQl%26id%3D100030441858128&#038;show_text=true&#038;width=500&#038;is_preview=true\" width=\"500\" height=\"744\" style=\"border:none;overflow:hidden\" scrolling=\"no\" frameborder=\"0\" allowfullscreen=\"true\" allow=\"autoplay; clipboard-write; encrypted-media; picture-in-picture; web-share\" 0=\"\/iframe\" class=\"iframe-class\"><\/iframe>\n\n<p>&nbsp;<\/p>\n<div class=\"html-div xe8uvvx xdj266r x11i5rnm xat24cr x1mh8g0r xexx8yu x4uap5 x18d9i69 xkhd6sd\" dir=\"auto\">\n<div id=\":rrt:\" class=\"x1iorvi4 x1pi30zi x1l90r2v x1swvt13\" data-ad-comet-preview=\"message\" data-ad-preview=\"message\">\n<div class=\"x78zum5 xdt5ytf xz62fqu x16ldp7u\">\n<div class=\"xu06os2 x1ok221b\">\n<div class=\"xdj266r x11i5rnm xat24cr x1mh8g0r x1vvkbs x126k92a\"><\/div>\n<div class=\"x11i5rnm xat24cr x1mh8g0r x1vvkbs xtlvy1s x126k92a\">\n<div dir=\"auto\"><\/div>\n<\/div>\n<\/div>\n<\/div>\n<\/div>\n<\/div>\n","protected":false},"excerpt":{"rendered":"<p>\u00c1mote\u00bb, dixo&#8217;l princip\u00edn&#8230; \u2014 \u00abYo tami\u00e9n qui\u00e9rote\u00bb, dixo la rosa. \u2014 \u00abNun ye lo mesmo\u00bb &#8211; respondi\u00f3 \u00e9l&#8230; Amar ye l&#8217;enfotu plenu de que pase lo que pase vas tar, non porque me debas nada, non con posesi\u00f3n ego\u00edsta, sin\u00f3n tar, en silenciosa compa\u00f1\u00eda.<\/p>\n","protected":false},"author":117,"featured_media":0,"comment_status":"open","ping_status":"open","sticky":false,"template":"","format":"quote","meta":{"footnotes":""},"categories":[1],"tags":[],"class_list":["post-26533","post","type-post","status-publish","format-quote","hentry","category-sin-categoria","post_format-post-format-quote"],"_links":{"self":[{"href":"https:\/\/edublog.educastur.es\/ixuxu\/wp-json\/wp\/v2\/posts\/26533","targetHints":{"allow":["GET"]}}],"collection":[{"href":"https:\/\/edublog.educastur.es\/ixuxu\/wp-json\/wp\/v2\/posts"}],"about":[{"href":"https:\/\/edublog.educastur.es\/ixuxu\/wp-json\/wp\/v2\/types\/post"}],"author":[{"embeddable":true,"href":"https:\/\/edublog.educastur.es\/ixuxu\/wp-json\/wp\/v2\/users\/117"}],"replies":[{"embeddable":true,"href":"https:\/\/edublog.educastur.es\/ixuxu\/wp-json\/wp\/v2\/comments?post=26533"}],"version-history":[{"count":3,"href":"https:\/\/edublog.educastur.es\/ixuxu\/wp-json\/wp\/v2\/posts\/26533\/revisions"}],"predecessor-version":[{"id":26536,"href":"https:\/\/edublog.educastur.es\/ixuxu\/wp-json\/wp\/v2\/posts\/26533\/revisions\/26536"}],"wp:attachment":[{"href":"https:\/\/edublog.educastur.es\/ixuxu\/wp-json\/wp\/v2\/media?parent=26533"}],"wp:term":[{"taxonomy":"category","embeddable":true,"href":"https:\/\/edublog.educastur.es\/ixuxu\/wp-json\/wp\/v2\/categories?post=26533"},{"taxonomy":"post_tag","embeddable":true,"href":"https:\/\/edublog.educastur.es\/ixuxu\/wp-json\/wp\/v2\/tags?post=26533"}],"curies":[{"name":"wp","href":"https:\/\/api.w.org\/{rel}","templated":true}]}}