{"id":26575,"date":"2024-05-17T09:00:27","date_gmt":"2024-05-17T07:00:27","guid":{"rendered":"https:\/\/edublog.educastur.es\/ixuxu\/?p=26575"},"modified":"2024-05-15T22:25:25","modified_gmt":"2024-05-15T20:25:25","slug":"dia-internacional-contra-la-homofobia","status":"publish","type":"post","link":"https:\/\/edublog.educastur.es\/ixuxu\/2024\/05\/dia-internacional-contra-la-homofobia\/","title":{"rendered":"D\u00eda Internacional contra la LGTBIfobia"},"content":{"rendered":"<div class=\"html-div xe8uvvx xdj266r x11i5rnm xat24cr x1mh8g0r xexx8yu x4uap5 x18d9i69 xkhd6sd\" dir=\"auto\">\n<div class=\"html-div xe8uvvx xdj266r x11i5rnm xat24cr x1mh8g0r xexx8yu x4uap5 x18d9i69 xkhd6sd\" dir=\"auto\">\n<div class=\"x1iorvi4 x1pi30zi x1l90r2v x1swvt13\" data-ad-comet-preview=\"message\" data-ad-preview=\"message\">\n<div class=\"x78zum5 xdt5ytf xz62fqu x16ldp7u\">\n<div class=\"xu06os2 x1ok221b\">\n<div class=\"xdj266r x11i5rnm xat24cr x1mh8g0r x1vvkbs x126k92a\">\n<div dir=\"auto\" style=\"text-align: center\"><img loading=\"lazy\" decoding=\"async\" class=\"aligncenter size-full\" src=\"https:\/\/www.educastur.es\/documents\/34868\/39493\/2023-05-efemerides-Dia-contra-LGTBIfobia.jpg\/b7b87bc6-ffd3-477a-ef7c-216946b3cad6?t=1684398997597\" width=\"940\" height=\"788\" \/><\/div>\n<div dir=\"auto\"><\/div>\n<div dir=\"auto\"><span class=\"x3nfvp2 x1j61x8r x1fcty0u xdj266r xhhsvwb xat24cr xgzva0m xxymvpz xlup9mm x1kky2od\"><img loading=\"lazy\" decoding=\"async\" class=\"xz74otr\" src=\"https:\/\/static.xx.fbcdn.net\/images\/emoji.php\/v9\/t56\/1\/16\/1f3f3_200d_1f308.png\" alt=\"?\ufe0f\u200d?\" width=\"16\" height=\"16\" \/><\/span><a href=\"https:\/\/www.facebook.com\/photo\/?fbid=753485653622070&amp;set=a.229758265994814\"><strong> Cartelu del Princip\u00e1u d&#8217;Asturies<\/strong><\/a> \/<span class=\"xt0psk2\"><a class=\"x1i10hfl xjbqb8w x1ejq31n xd10rxx x1sy0etr x17r0tee x972fbf xcfux6l x1qhh985 xm0m39n x9f619 x1ypdohk xt0psk2 xe8uvvx xdj266r x11i5rnm xat24cr x1mh8g0r xexx8yu x4uap5 x18d9i69 xkhd6sd x16tdsg8 x1hl2dhg xggy1nq x1a2a7pz x1sur9pj xkrqix3 xzsf02u x1s688f\" role=\"link\" href=\"https:\/\/www.facebook.com\/gobiernodeasturias?__cft__[0]=AZXr3Z25HsmpHJ8vlsEPJxvtngtfJcGZukzWJGJcVBITNPalrLIzSAcJfqZISqJsCG2uS9RQfJj4Y46TVwdiPoB1uGiOy9zCoIC3BMxtXGS1nDfLe8wkbFapYLOIx4fTrowuJln0ELJT6QcNVdf5cxPcKDuoXsBuCLwHhEGcJh3iHxu_guZXbG-kXoMwaUPIpMATHaD9GYU5DrdQF3LWbABSPbsOo3Xepd9HdX9MyssuZw&amp;__tn__=-UC%2CP-y-R\"><strong><span class=\"html-span xdj266r x11i5rnm xat24cr x1mh8g0r xexx8yu x4uap5 x18d9i69 xkhd6sd x1hl2dhg x16tdsg8 x1vvkbs\">Principado de Asturias<\/span><\/strong><\/a><\/span><span class=\"x1dor1uw x1n2onr6\">\u00a0<\/span><\/div>\n<div dir=\"auto\"><span class=\"x3nfvp2 x1j61x8r x1fcty0u xdj266r xhhsvwb xat24cr xgzva0m xxymvpz xlup9mm x1kky2od\"><img loading=\"lazy\" decoding=\"async\" class=\"xz74otr\" src=\"https:\/\/static.xx.fbcdn.net\/images\/emoji.php\/v9\/t22\/1\/16\/260e.png\" alt=\"\u260e\ufe0f\" width=\"16\" height=\"16\" \/><\/span>Tel\u00e9fonu estatal <span class=\"html-span xdj266r x11i5rnm xat24cr x1mh8g0r xexx8yu x4uap5 x18d9i69 xkhd6sd x1hl2dhg x16tdsg8 x1vvkbs\"><a class=\"x1i10hfl xjbqb8w x1ejq31n xd10rxx x1sy0etr x17r0tee x972fbf xcfux6l x1qhh985 xm0m39n x9f619 x1ypdohk xt0psk2 xe8uvvx xdj266r x11i5rnm xat24cr x1mh8g0r xexx8yu x4uap5 x18d9i69 xkhd6sd x16tdsg8 x1hl2dhg xggy1nq x1a2a7pz x1sur9pj xkrqix3 x1fey0fg xo1l8bm\" role=\"link\" href=\"https:\/\/www.facebook.com\/hashtag\/%F0%9D%90%80%F0%9D%90%AB%F0%9D%90%9C%F0%9D%90%A8%C3%AD%F0%9D%90%AB%F0%9D%90%A2%F0%9D%90%AC?__eep__=6&amp;__cft__[0]=AZXr3Z25HsmpHJ8vlsEPJxvtngtfJcGZukzWJGJcVBITNPalrLIzSAcJfqZISqJsCG2uS9RQfJj4Y46TVwdiPoB1uGiOy9zCoIC3BMxtXGS1nDfLe8wkbFapYLOIx4fTrowuJln0ELJT6QcNVdf5cxPcKDuoXsBuCLwHhEGcJh3iHxu_guZXbG-kXoMwaUPIpMATHaD9GYU5DrdQF3LWbABSPbsOo3Xepd9HdX9MyssuZw&amp;__tn__=*NK-y-R\">#????\u00ed???<\/a><\/span> ??? n&#8217;Asturies para atender a les v\u00edctimes de discriminaci\u00f3n por #LGTBIfobia. Les 24 hores del d\u00eda, los 365 d\u00edes del a\u00f1u.<\/div>\n<div dir=\"auto\"><span class=\"x3nfvp2 x1j61x8r x1fcty0u xdj266r xhhsvwb xat24cr xgzva0m xxymvpz xlup9mm x1kky2od\"><img loading=\"lazy\" decoding=\"async\" class=\"xz74otr\" src=\"https:\/\/static.xx.fbcdn.net\/images\/emoji.php\/v9\/t22\/1\/16\/260e.png\" alt=\"\u260e\ufe0f\" width=\"16\" height=\"16\" \/><\/span> Tel\u00e9fono auton\u00f3micu 900 701 138.<\/div>\n<div dir=\"auto\">\n<p>?\ufe0f\u200d? N\u00famberos gratuitos d&#8217;informaci\u00f3n y atenci\u00f3n integral contra la <span class=\"html-span xdj266r x11i5rnm xat24cr x1mh8g0r xexx8yu x4uap5 x18d9i69 xkhd6sd x1hl2dhg x16tdsg8 x1vvkbs\"><a class=\"x1i10hfl xjbqb8w x1ejq31n xd10rxx x1sy0etr x17r0tee x972fbf xcfux6l x1qhh985 xm0m39n x9f619 x1ypdohk xt0psk2 xe8uvvx xdj266r x11i5rnm xat24cr x1mh8g0r xexx8yu x4uap5 x18d9i69 xkhd6sd x16tdsg8 x1hl2dhg xggy1nq x1a2a7pz x1sur9pj xkrqix3 x1fey0fg xo1l8bm\" role=\"link\" href=\"https:\/\/www.facebook.com\/hashtag\/lgtbifobia?__eep__=6&amp;__cft__[0]=AZXr3Z25HsmpHJ8vlsEPJxvtngtfJcGZukzWJGJcVBITNPalrLIzSAcJfqZISqJsCG2uS9RQfJj4Y46TVwdiPoB1uGiOy9zCoIC3BMxtXGS1nDfLe8wkbFapYLOIx4fTrowuJln0ELJT6QcNVdf5cxPcKDuoXsBuCLwHhEGcJh3iHxu_guZXbG-kXoMwaUPIpMATHaD9GYU5DrdQF3LWbABSPbsOo3Xepd9HdX9MyssuZw&amp;__tn__=*NK-y-R\">#LGTBIfobia<\/a><\/span><\/p>\n<\/div>\n<ul>\n<li dir=\"auto\"><a href=\"https:\/\/www.igualdad.gob.es\/comunicacion\/notasprensa\/declaracion-institucional-con-motivo-del-17-de-mayo-dia-internacional-contra-la-homofobia-la-transfobia-y-la-bifobia\/\">Nota de prensa Ministeriu d&#8217;Iguald\u00e1<\/a> \/<\/li>\n<\/ul>\n<div dir=\"auto\"><!--more--><\/div>\n<div dir=\"auto\" style=\"text-align: center\">\n<!-- iframe plugin v.6.0 wordpress.org\/plugins\/iframe\/ -->\n<iframe loading=\"lazy\" src=\"https:\/\/www.facebook.com\/plugins\/post.php?href=https%3A%2F%2Fwww.facebook.com%2Fgobiernodeasturias%2Fposts%2Fpfbid02xkjtXvtRJLTry7fp4ZxUZdTftU8a37X15bz3aX5H9tSAQQtvqPoqdaA3LCsYwsejl&#038;show_text=false&#038;width=500&#038;is_preview=true\" width=\"500\" height=\"498\" style=\"border:none;overflow:hidden\" scrolling=\"no\" frameborder=\"0\" allowfullscreen=\"true\" allow=\"autoplay; clipboard-write; encrypted-media; picture-in-picture; web-share\" 0=\"\/iframe\" class=\"iframe-class\"><\/iframe>\n<\/div>\n<div dir=\"auto\">\n<div class=\"resultados-letras simula-tabla col-md-12\">\n<div class=\"body\">\n<div class=\"row\">\n<div class=\"col-md-4 destacado\"><\/div>\n<div class=\"col-md-8\"><strong>Direcci\u00f3n General de Participaci\u00f3n Ciudadana, <\/strong><br \/>\n<strong>Transparencia, Diversidad Sexual y LGTBI:<\/strong><br \/>\nNuria Rodr\u00edguez L\u00f3pez <a title=\"Enviar correo electronico\" href=\"mailto:nuria.rodriguezlopez@asturias.org\">nuria.rodriguezlopez@asturias.org<\/a><\/div>\n<div><a href=\"https:\/\/www.educastur.es\/documents\/34868\/39496\/2023-05-efemerides-Dia-contra-LGTBIfobia.pdf\/cdf4f89d-b528-c489-bd35-f12713750912?t=1684399177768\" target=\"_blank\" rel=\"noopener\">Asturias, una tierra que no tolera la LGTBIfobia<\/a> (pdf)<\/div>\n<\/div>\n<div class=\"row\">\n<div class=\"col-md-8\"><\/div>\n<\/div>\n<\/div>\n<\/div>\n<\/div>\n<\/div>\n<\/div>\n<\/div>\n<\/div>\n<\/div>\n<\/div>\n<p>&nbsp;<\/p>\n","protected":false},"excerpt":{"rendered":"<p>Cartelu del Princip\u00e1u d&#8217;Asturies \/Principado de Asturias\u00a0 Tel\u00e9fonu estatal #????\u00ed??? ??? n&#8217;Asturies para atender a les v\u00edctimes de discriminaci\u00f3n por #LGTBIfobia. Les 24 hores del d\u00eda, los 365 d\u00edes del a\u00f1u. Tel\u00e9fono auton\u00f3micu 900 701 138. ?\ufe0f\u200d? N\u00famberos gratuitos d&#8217;informaci\u00f3n y atenci\u00f3n integral contra la #LGTBIfobia Nota de prensa Ministeriu d&#8217;Iguald\u00e1 \/<\/p>\n","protected":false},"author":117,"featured_media":0,"comment_status":"open","ping_status":"open","sticky":false,"template":"","format":"standard","meta":{"footnotes":""},"categories":[6,301],"tags":[],"class_list":["post-26575","post","type-post","status-publish","format-standard","hentry","category-dia-de","category-lgbtiq"],"_links":{"self":[{"href":"https:\/\/edublog.educastur.es\/ixuxu\/wp-json\/wp\/v2\/posts\/26575","targetHints":{"allow":["GET"]}}],"collection":[{"href":"https:\/\/edublog.educastur.es\/ixuxu\/wp-json\/wp\/v2\/posts"}],"about":[{"href":"https:\/\/edublog.educastur.es\/ixuxu\/wp-json\/wp\/v2\/types\/post"}],"author":[{"embeddable":true,"href":"https:\/\/edublog.educastur.es\/ixuxu\/wp-json\/wp\/v2\/users\/117"}],"replies":[{"embeddable":true,"href":"https:\/\/edublog.educastur.es\/ixuxu\/wp-json\/wp\/v2\/comments?post=26575"}],"version-history":[{"count":7,"href":"https:\/\/edublog.educastur.es\/ixuxu\/wp-json\/wp\/v2\/posts\/26575\/revisions"}],"predecessor-version":[{"id":26577,"href":"https:\/\/edublog.educastur.es\/ixuxu\/wp-json\/wp\/v2\/posts\/26575\/revisions\/26577"}],"wp:attachment":[{"href":"https:\/\/edublog.educastur.es\/ixuxu\/wp-json\/wp\/v2\/media?parent=26575"}],"wp:term":[{"taxonomy":"category","embeddable":true,"href":"https:\/\/edublog.educastur.es\/ixuxu\/wp-json\/wp\/v2\/categories?post=26575"},{"taxonomy":"post_tag","embeddable":true,"href":"https:\/\/edublog.educastur.es\/ixuxu\/wp-json\/wp\/v2\/tags?post=26575"}],"curies":[{"name":"wp","href":"https:\/\/api.w.org\/{rel}","templated":true}]}}