{"id":26610,"date":"2024-05-17T17:08:26","date_gmt":"2024-05-17T15:08:26","guid":{"rendered":"https:\/\/edublog.educastur.es\/ixuxu\/?p=26610"},"modified":"2024-05-19T17:15:10","modified_gmt":"2024-05-19T15:15:10","slug":"feria-de-ganau-de-san-isidro-en-llanera","status":"publish","type":"post","link":"https:\/\/edublog.educastur.es\/ixuxu\/2024\/05\/feria-de-ganau-de-san-isidro-en-llanera\/","title":{"rendered":"Feria de gan\u00e1u de San Isidro en Llanera"},"content":{"rendered":"<ul>\n<li><a href=\"https:\/\/eltapin.com\/noticia\/16542\/galera-de-imgenes-llanera-inicia-la-celebracion-de-san-isidro?fbclid=IwZXh0bgNhZW0CMTEAAR0RMx4GUEwOjZu0veVp7HUMVyAPeNY3rdmJhC0DR1PU0iHbIOV8ijHn6NI_aem_AUOpvhUHhMFYzWPp5owjLsOuG2S1-5pYCRg22HvQSR042JlUz8PCXJAlNKX-jKtas8-Mqyt3DQ2WhSW1ENdUMnRB\">Galer\u00eda El Tap\u00edn<\/a> \/<a href=\"https:\/\/www.llanera.es\/san-isidro\"> web Conceyu<\/a> \/<\/li>\n<\/ul>\n<p style=\"text-align: center\"><a href=\"https:\/\/www.llanera.es\/documents\/5416491\/0\/FERIA+DE+GANADO+-+SAN+ISIDRO\/5cf157b0-fb05-4d10-bc85-1e81af5604f0?t=1612183711149\"><img loading=\"lazy\" decoding=\"async\" class=\"aligncenter size-full\" src=\"https:\/\/www.llanera.es\/documents\/5416491\/0\/FERIA+DE+GANADO+-+SAN+ISIDRO\/5cf157b0-fb05-4d10-bc85-1e81af5604f0?t=1612183711149\" width=\"8688\" height=\"5792\" \/><\/a><\/p>\n<p>En Mayu atopamos con SAN ISIDRO, una feria de gan\u00e1u de gran relevancia a nivel rexonal.<\/p>\n<p>Realizase nel recientu Ferial a lo llargo de dellos d\u00edes y con distintos \u00abespect\u00e1culos\u00bb tradicionales como l&#8217;arrastre de g\u00fces con pareyes tantu asturianes como d&#8217;otres rexones. Llanera celebra&#8217;l so Merc\u00e1u Tradicional.\u00a0 Allug\u00e1u nel parque Cuno Corquera, arrinca g\u00fcei y va cuntar hasta esti domingu 19 con talleres en vivu, puestos de vienta con un ampliu surt\u00edu de productos artesanos, actividaes para los m\u00e1s pequenos, m\u00fasica en directu y l&#8217;III Concursu Internacional d&#8217;Escanciadores.<\/p>\n<p><!--more--><\/p>\n<p><a href=\"https:\/\/estaticos-cdn.prensaiberica.es\/clip\/a6f3997b-20d2-441e-bb87-82790cfa25a2_source-aspect-ratio_default_0.webp\"><img loading=\"lazy\" decoding=\"async\" class=\"aligncenter size-full\" src=\"https:\/\/estaticos-cdn.prensaiberica.es\/clip\/a6f3997b-20d2-441e-bb87-82790cfa25a2_source-aspect-ratio_default_0.webp\" width=\"1600\" height=\"1455\" \/><\/a><\/p>\n<p style=\"text-align: center\"><a href=\"https:\/\/estaticos-cdn.prensaiberica.es\/clip\/96da36ef-bd28-418c-9ddc-bc3d009ed0b0_source-aspect-ratio_default_0.webp\"><img loading=\"lazy\" decoding=\"async\" class=\"aligncenter size-full\" src=\"https:\/\/estaticos-cdn.prensaiberica.es\/clip\/96da36ef-bd28-418c-9ddc-bc3d009ed0b0_source-aspect-ratio_default_0.webp\" width=\"1600\" height=\"888\" \/><\/a><\/p>\n","protected":false},"excerpt":{"rendered":"<p>Galer\u00eda El Tap\u00edn \/ web Conceyu \/ En Mayu atopamos con SAN ISIDRO, una feria de gan\u00e1u de gran relevancia a nivel rexonal. Realizase nel recientu Ferial a lo llargo de dellos d\u00edes y con distintos \u00abespect\u00e1culos\u00bb tradicionales como l&#8217;arrastre de g\u00fces con pareyes tantu asturianes como d&#8217;otres rexones. Llanera celebra&#8217;l so Merc\u00e1u Tradicional.\u00a0 Allug\u00e1u [&hellip;]<\/p>\n","protected":false},"author":117,"featured_media":0,"comment_status":"open","ping_status":"open","sticky":false,"template":"","format":"standard","meta":{"footnotes":""},"categories":[167],"tags":[],"class_list":["post-26610","post","type-post","status-publish","format-standard","hentry","category-feries"],"_links":{"self":[{"href":"https:\/\/edublog.educastur.es\/ixuxu\/wp-json\/wp\/v2\/posts\/26610","targetHints":{"allow":["GET"]}}],"collection":[{"href":"https:\/\/edublog.educastur.es\/ixuxu\/wp-json\/wp\/v2\/posts"}],"about":[{"href":"https:\/\/edublog.educastur.es\/ixuxu\/wp-json\/wp\/v2\/types\/post"}],"author":[{"embeddable":true,"href":"https:\/\/edublog.educastur.es\/ixuxu\/wp-json\/wp\/v2\/users\/117"}],"replies":[{"embeddable":true,"href":"https:\/\/edublog.educastur.es\/ixuxu\/wp-json\/wp\/v2\/comments?post=26610"}],"version-history":[{"count":3,"href":"https:\/\/edublog.educastur.es\/ixuxu\/wp-json\/wp\/v2\/posts\/26610\/revisions"}],"predecessor-version":[{"id":26613,"href":"https:\/\/edublog.educastur.es\/ixuxu\/wp-json\/wp\/v2\/posts\/26610\/revisions\/26613"}],"wp:attachment":[{"href":"https:\/\/edublog.educastur.es\/ixuxu\/wp-json\/wp\/v2\/media?parent=26610"}],"wp:term":[{"taxonomy":"category","embeddable":true,"href":"https:\/\/edublog.educastur.es\/ixuxu\/wp-json\/wp\/v2\/categories?post=26610"},{"taxonomy":"post_tag","embeddable":true,"href":"https:\/\/edublog.educastur.es\/ixuxu\/wp-json\/wp\/v2\/tags?post=26610"}],"curies":[{"name":"wp","href":"https:\/\/api.w.org\/{rel}","templated":true}]}}