{"id":26635,"date":"2024-05-19T17:48:47","date_gmt":"2024-05-19T15:48:47","guid":{"rendered":"https:\/\/edublog.educastur.es\/ixuxu\/?p=26635"},"modified":"2024-05-19T17:50:32","modified_gmt":"2024-05-19T15:50:32","slug":"ave-al-paraisu-2","status":"publish","type":"post","link":"https:\/\/edublog.educastur.es\/ixuxu\/2024\/05\/ave-al-paraisu-2\/","title":{"rendered":"AVE al Para\u00edsu"},"content":{"rendered":"<div class=\"html-div xe8uvvx xdj266r xat24cr x1mh8g0r xexx8yu x4uap5 x18d9i69 xkhd6sd x78zum5 xqtp20y x1emribx\">\n<div class=\"xu06os2 x1ok221b\">\n<ul>\n<li class=\"html-h3 xe8uvvx x11i5rnm xat24cr x1mh8g0r xexx8yu x4uap5 x18d9i69 xkhd6sd x1vvkbs x1heor9g x1qlqyl8 x1pd3egz x1a2a7pz x1gslohp x1yc453h\"><span class=\"xt0psk2\"><a class=\"x1i10hfl xjbqb8w x1ejq31n xd10rxx x1sy0etr x17r0tee x972fbf xcfux6l x1qhh985 xm0m39n x9f619 x1ypdohk xt0psk2 xe8uvvx xdj266r x11i5rnm xat24cr x1mh8g0r xexx8yu x4uap5 x18d9i69 xkhd6sd x16tdsg8 x1hl2dhg xggy1nq x1a2a7pz x1sur9pj xkrqix3 xzsf02u x1s688f\" role=\"link\" href=\"https:\/\/www.facebook.com\/gobiernodeasturias?__cft__[0]=AZU80gYg8Gw3fnpmkO0gR7WhWXyhL7n7gvpiJGe8pcSgECf7HYBgMwn3JK-6turyzEUw9utDahIPbkylzJR8eOqi0lVUSuBiQMISnIE1kSKS5Ioftym9rnX3gz8CQoyajjuGyZpQnw_OjvhwWEky9U1zuRHKMN4r3E-pFTcxfsXQWhclcQ7rFNbL-eL2ez7D1hzLgoF8q6hiUDcl0a_iwT6ZPwbm5FNm4kJrv6b6flDkew&amp;__tn__=-UC%2CP-y-R\"><strong><span class=\"html-span xdj266r x11i5rnm xat24cr x1mh8g0r xexx8yu x4uap5 x18d9i69 xkhd6sd x1hl2dhg x16tdsg8 x1vvkbs\">Principado de Asturias<\/span><\/strong><\/a><\/span><\/li>\n<li class=\"html-h3 xe8uvvx x11i5rnm xat24cr x1mh8g0r xexx8yu x4uap5 x18d9i69 xkhd6sd x1vvkbs x1heor9g x1qlqyl8 x1pd3egz x1a2a7pz x1gslohp x1yc453h\">??? ?? ????\u00ed?? <span class=\"html-span xdj266r x11i5rnm xat24cr x1mh8g0r xexx8yu x4uap5 x18d9i69 xkhd6sd x1hl2dhg x16tdsg8 x1vvkbs\"><a class=\"x1i10hfl xjbqb8w x1ejq31n xd10rxx x1sy0etr x17r0tee x972fbf xcfux6l x1qhh985 xm0m39n x9f619 x1ypdohk xt0psk2 xe8uvvx xdj266r x11i5rnm xat24cr x1mh8g0r xexx8yu x4uap5 x18d9i69 xkhd6sd x16tdsg8 x1hl2dhg xggy1nq x1a2a7pz x1sur9pj xkrqix3 x1fey0fg xo1l8bm\" role=\"link\" href=\"https:\/\/www.facebook.com\/hashtag\/vuelasinalasaasturias?__eep__=6&amp;__cft__[0]=AZU80gYg8Gw3fnpmkO0gR7WhWXyhL7n7gvpiJGe8pcSgECf7HYBgMwn3JK-6turyzEUw9utDahIPbkylzJR8eOqi0lVUSuBiQMISnIE1kSKS5Ioftym9rnX3gz8CQoyajjuGyZpQnw_OjvhwWEky9U1zuRHKMN4r3E-pFTcxfsXQWhclcQ7rFNbL-eL2ez7D1hzLgoF8q6hiUDcl0a_iwT6ZPwbm5FNm4kJrv6b6flDkew&amp;__tn__=*NK-y-R\">#vuelasinalasaasturias<\/a><\/span><\/li>\n<\/ul>\n<p style=\"text-align: center\">\n<!-- iframe plugin v.6.0 wordpress.org\/plugins\/iframe\/ -->\n<iframe loading=\"lazy\" src=\"https:\/\/www.facebook.com\/plugins\/post.php?href=https%3A%2F%2Fwww.facebook.com%2Fphoto.php%3Ffbid%3D758913246412644%26set%3Da.229758265994814%26type%3D3&#038;show_text=false&#038;width=500&#038;is_preview=true\" width=\"500\" height=\"498\" style=\"border:none;overflow:hidden\" scrolling=\"no\" frameborder=\"0\" allowfullscreen=\"true\" allow=\"autoplay; clipboard-write; encrypted-media; picture-in-picture; web-share\" 0=\"\/iframe\" class=\"iframe-class\"><\/iframe>\n<\/p>\n<\/div>\n<p>El Princip\u00e1u estrena&#8217;l serviciu d&#8217;autob\u00fas ????????? ???? ????????? para facilitar la conex\u00f3n cola AVE. ? Los buses van empezar a funcionar el martes dende Avil\u00e9s y el valle del Nal\u00f3n escontra Uvi\u00e9u\/Uvi\u00e9u y Mieres del Cam\u00edn. El Gobiernu d&#8217;Asturies y\u00e1 ta coordinando horarios y ll\u00ednees para facilitar l&#8217;accesu a l&#8217;alta velocid\u00e1 dende les nales y otros puntos del centru d&#8217;Asturies.<\/p>\n<div dir=\"auto\">\u00a0<span class=\"html-span xexx8yu x4uap5 x18d9i69 xkhd6sd x1hl2dhg x16tdsg8 x1vvkbs x3nfvp2 x1j61x8r x1fcty0u xdj266r xhhsvwb xat24cr xgzva0m xxymvpz xlup9mm x1kky2od\"><img loading=\"lazy\" decoding=\"async\" class=\"xz74otr\" src=\"https:\/\/static.xx.fbcdn.net\/images\/emoji.php\/v9\/t8e\/1\/16\/2139.png\" alt=\"\u2139\" width=\"16\" height=\"16\" \/><\/span>en <span class=\"html-span xdj266r x11i5rnm xat24cr x1mh8g0r xexx8yu x4uap5 x18d9i69 xkhd6sd x1hl2dhg x16tdsg8 x1vvkbs\"><a class=\"x1i10hfl xjbqb8w x1ejq31n xd10rxx x1sy0etr x17r0tee x972fbf xcfux6l x1qhh985 xm0m39n x9f619 x1ypdohk xt0psk2 xe8uvvx xdj266r x11i5rnm xat24cr x1mh8g0r xexx8yu x4uap5 x18d9i69 xkhd6sd x16tdsg8 x1hl2dhg xggy1nq x1a2a7pz x1sur9pj xkrqix3 x1fey0fg\" role=\"link\" href=\"https:\/\/l.facebook.com\/l.php?u=https%3A%2F%2Fn9.cl%2F6gjupl%3Ffbclid%3DIwZXh0bgNhZW0CMTAAAR1JqlPOLi-Su_B8frukYf0CugwY_qnPbjT3W15JSxgQVDoaOiJiLVFnzFA_aem_AeOqxc8xuq3PbyWuN-__Rpa4y1V0bi9bY2J7ZJaFOD1ptaMqJIt9rhBPqSBXYqvMNLFhnAhISJ9qfPSvxgFWmcY9&amp;h=AT2Ddee21oCJxNQfyRo0hEkQ0OC7GhJwZmHvKbm7CBHzFJ69drPUUwmLjFYJuvZwsxHGu_rj0SysPa9dkgKGKl_kyszCZ2VCFkHZUTKoT6Pd_b9so9lCRkf0omXBBIQpzw&amp;__tn__=-UK-y-R&amp;c[0]=AT0--xn363f_to3XUi47p6n8wVaXVCeERELpTy3z80aQPNo625vRvlb8na88VEpQNLby8D6Mwn26OdVZTuCrB7q3w3nkCtDTjQplEDDH2h83pai8icouOtmdcv4r9feD4ejhHAJ2jg2l3R6f47V0kwSYL-VzVfXunu7fgxuhugBAbqo2sf4ZnC0qb9_BiGcvI87HGq2RDZHG4YH3IzXrr3Xe9TlRhQBwQ6XpkDCSpF-H0NWH2RItcw0vUmy5DO0\" target=\"_blank\" rel=\"nofollow noopener noreferrer\">https:\/\/n9.cl\/6gjupl<\/a><\/span><\/div>\n<div dir=\"auto\"><\/div>\n<\/div>\n<div dir=\"auto\" style=\"text-align: center\"><a href=\"https:\/\/actualidad.asturias.es\/documents\/537115\/1871767\/LANZADERAS+AVE-02.jpg\/6ba6f8c7-576c-c801-d301-625778a8e751?t=1715981397906\"><img loading=\"lazy\" decoding=\"async\" class=\"aligncenter size-full\" src=\"https:\/\/actualidad.asturias.es\/documents\/537115\/1871767\/LANZADERAS+AVE-02.jpg\/6ba6f8c7-576c-c801-d301-625778a8e751?t=1715981397906\" width=\"8000\" height=\"4500\" \/><\/a><\/div>\n<p><!--more--><\/p>\n","protected":false},"excerpt":{"rendered":"<p>Principado de Asturias ??? ?? ????\u00ed?? #vuelasinalasaasturias El Princip\u00e1u estrena&#8217;l serviciu d&#8217;autob\u00fas ????????? ???? ????????? para facilitar la conex\u00f3n cola AVE. ? Los buses van empezar a funcionar el martes dende Avil\u00e9s y el valle del Nal\u00f3n escontra Uvi\u00e9u\/Uvi\u00e9u y Mieres del Cam\u00edn. El Gobiernu d&#8217;Asturies y\u00e1 ta coordinando horarios y ll\u00ednees para facilitar l&#8217;accesu [&hellip;]<\/p>\n","protected":false},"author":117,"featured_media":0,"comment_status":"open","ping_status":"open","sticky":false,"template":"","format":"standard","meta":{"footnotes":""},"categories":[232],"tags":[],"class_list":["post-26635","post","type-post","status-publish","format-standard","hentry","category-tresportes"],"_links":{"self":[{"href":"https:\/\/edublog.educastur.es\/ixuxu\/wp-json\/wp\/v2\/posts\/26635","targetHints":{"allow":["GET"]}}],"collection":[{"href":"https:\/\/edublog.educastur.es\/ixuxu\/wp-json\/wp\/v2\/posts"}],"about":[{"href":"https:\/\/edublog.educastur.es\/ixuxu\/wp-json\/wp\/v2\/types\/post"}],"author":[{"embeddable":true,"href":"https:\/\/edublog.educastur.es\/ixuxu\/wp-json\/wp\/v2\/users\/117"}],"replies":[{"embeddable":true,"href":"https:\/\/edublog.educastur.es\/ixuxu\/wp-json\/wp\/v2\/comments?post=26635"}],"version-history":[{"count":3,"href":"https:\/\/edublog.educastur.es\/ixuxu\/wp-json\/wp\/v2\/posts\/26635\/revisions"}],"predecessor-version":[{"id":26638,"href":"https:\/\/edublog.educastur.es\/ixuxu\/wp-json\/wp\/v2\/posts\/26635\/revisions\/26638"}],"wp:attachment":[{"href":"https:\/\/edublog.educastur.es\/ixuxu\/wp-json\/wp\/v2\/media?parent=26635"}],"wp:term":[{"taxonomy":"category","embeddable":true,"href":"https:\/\/edublog.educastur.es\/ixuxu\/wp-json\/wp\/v2\/categories?post=26635"},{"taxonomy":"post_tag","embeddable":true,"href":"https:\/\/edublog.educastur.es\/ixuxu\/wp-json\/wp\/v2\/tags?post=26635"}],"curies":[{"name":"wp","href":"https:\/\/api.w.org\/{rel}","templated":true}]}}