{"id":26645,"date":"2024-05-19T17:57:04","date_gmt":"2024-05-19T15:57:04","guid":{"rendered":"https:\/\/edublog.educastur.es\/ixuxu\/?p=26645"},"modified":"2024-05-19T17:59:05","modified_gmt":"2024-05-19T15:59:05","slug":"beneficios-del-contactu-cola-naturaleza","status":"publish","type":"post","link":"https:\/\/edublog.educastur.es\/ixuxu\/2024\/05\/beneficios-del-contactu-cola-naturaleza\/","title":{"rendered":"Beneficios del contactu cola naturaleza"},"content":{"rendered":"<div class=\"xu06os2 x1ok221b\">\n<ul>\n<li id=\":raa:\" class=\"html-h2 xe8uvvx x11i5rnm xat24cr x1mh8g0r xexx8yu x4uap5 x18d9i69 xkhd6sd x1vvkbs x1heor9g x1qlqyl8 x1pd3egz x1a2a7pz x1gslohp x1yc453h\"><span class=\"xt0psk2\"><a class=\"x1i10hfl xjbqb8w x1ejq31n xd10rxx x1sy0etr x17r0tee x972fbf xcfux6l x1qhh985 xm0m39n x9f619 x1ypdohk xt0psk2 xe8uvvx xdj266r x11i5rnm xat24cr x1mh8g0r xexx8yu x4uap5 x18d9i69 xkhd6sd x16tdsg8 x1hl2dhg xggy1nq x1a2a7pz x1sur9pj xkrqix3 xzsf02u x1s688f\" role=\"link\" href=\"https:\/\/www.facebook.com\/fundacionbiodiversidad?__cft__[0]=AZU54VnO_Mq85WpjoAlOa8fA16BUyBZUxzm5l9b-nBEjqQkqAS9W-to2Cg9G9pE2BYUrhNyo_6gihNfhwGBfySyYS4WCJNjmtCxf9H6ISI6cef_bsQ28Qefux1WSAUvvo7esjzwk7JQf4wMJKJ4PYdBw-SE_izeYGDqnlt_VeVI_plz3SY-exn4XsNLDD6_BfLuAaHQx6mA277trdI5VxET4&amp;__tn__=-UC%2CP-R\"><strong><span class=\"html-span xdj266r x11i5rnm xat24cr x1mh8g0r xexx8yu x4uap5 x18d9i69 xkhd6sd x1hl2dhg x16tdsg8 x1vvkbs\">Fundaci\u00f3n Biodiversidad<\/span><\/strong><\/a><\/span><\/li>\n<\/ul>\n<\/div>\n<div class=\"xqcrz7y x78zum5 x1qx5ct2 x1y1aw1k x1sxyh0 xwib8y2 xurb0ha xw4jnvo\">\n<div>Resultaos d&#8217;un estudiu llev\u00e1u a cabu en Finlandia refuercen la teor\u00eda de que&#8217;l contactu cola naturaleza previen los trestornos del sistema inmunol\u00f3xicu, como les enfermedaes autoinmunes y les alerxe. Ciudaes verdes para un mundu m\u00e1s sanu. C<a href=\"https:\/\/www.facebook.com\/photo?fbid=846308530867628&amp;set=a.658805532951263\">artelu<\/a><\/div>\n<\/div>\n<div><\/div>\n<div style=\"text-align: center\">\n<!-- iframe plugin v.6.0 wordpress.org\/plugins\/iframe\/ -->\n<iframe loading=\"lazy\" src=\"https:\/\/www.facebook.com\/plugins\/post.php?href=https%3A%2F%2Fwww.facebook.com%2Ffundacionbiodiversidad%2Fposts%2Fpfbid07tdc1trjosfaK3NbK5tyzd6zfPL1HRCdo1zEVbguCyi4ErAFLp6WbKNMLPVUXgJql&#038;show_text=false&#038;width=500&#038;is_preview=true\" width=\"500\" height=\"497\" style=\"border:none;overflow:hidden\" scrolling=\"no\" frameborder=\"0\" allowfullscreen=\"true\" allow=\"autoplay; clipboard-write; encrypted-media; picture-in-picture; web-share\" 0=\"\/iframe\" class=\"iframe-class\"><\/iframe>\n<\/div>\n<div><!--more--><\/div>\n<div><strong>La infraestructura verde ye una rede d&#8217;espacios y elementos que:<\/strong><br \/>\n?\ufe0f Ameyoren la resiliencia antes los impactos que xenera&#8217;l camb\u00e9u clim\u00e1ticu<br \/>\n? Contrib\u00fain al caltenimientu de la biodiversid\u00e1<br \/>\n?\u200d?\u200d?\u200d? Beneficien a la poblaci\u00f3n colos servicios de los ecosistemes<\/div>\n<div><\/div>\n<div style=\"text-align: center\">\n<!-- iframe plugin v.6.0 wordpress.org\/plugins\/iframe\/ -->\n<iframe loading=\"lazy\" src=\"https:\/\/www.facebook.com\/plugins\/post.php?href=https%3A%2F%2Fwww.facebook.com%2Ffundacionbiodiversidad%2Fposts%2Fpfbid0SbR5Qze7JdVYLTa9GgZW6LGKVuy5wzXU9qLzzcP8QdLqcmhS9y2sSSrgYgA4AAmhl&#038;show_text=false&#038;width=500&#038;is_preview=true\" width=\"500\" height=\"497\" style=\"border:none;overflow:hidden\" scrolling=\"no\" frameborder=\"0\" allowfullscreen=\"true\" allow=\"autoplay; clipboard-write; encrypted-media; picture-in-picture; web-share\" 0=\"\/iframe\" class=\"iframe-class\"><\/iframe>\n<\/div>\n<p>&nbsp;<\/p>\n<div class=\"xqcrz7y x78zum5 x1qx5ct2 x1y1aw1k x1sxyh0 xwib8y2 xurb0ha xw4jnvo\">\n<div><\/div>\n<\/div>\n","protected":false},"excerpt":{"rendered":"<p>Fundaci\u00f3n Biodiversidad Resultaos d&#8217;un estudiu llev\u00e1u a cabu en Finlandia refuercen la teor\u00eda de que&#8217;l contactu cola naturaleza previen los trestornos del sistema inmunol\u00f3xicu, como les enfermedaes autoinmunes y les alerxe. Ciudaes verdes para un mundu m\u00e1s sanu. Cartelu<\/p>\n","protected":false},"author":117,"featured_media":0,"comment_status":"open","ping_status":"open","sticky":false,"template":"","format":"standard","meta":{"footnotes":""},"categories":[1],"tags":[],"class_list":["post-26645","post","type-post","status-publish","format-standard","hentry","category-sin-categoria"],"_links":{"self":[{"href":"https:\/\/edublog.educastur.es\/ixuxu\/wp-json\/wp\/v2\/posts\/26645","targetHints":{"allow":["GET"]}}],"collection":[{"href":"https:\/\/edublog.educastur.es\/ixuxu\/wp-json\/wp\/v2\/posts"}],"about":[{"href":"https:\/\/edublog.educastur.es\/ixuxu\/wp-json\/wp\/v2\/types\/post"}],"author":[{"embeddable":true,"href":"https:\/\/edublog.educastur.es\/ixuxu\/wp-json\/wp\/v2\/users\/117"}],"replies":[{"embeddable":true,"href":"https:\/\/edublog.educastur.es\/ixuxu\/wp-json\/wp\/v2\/comments?post=26645"}],"version-history":[{"count":2,"href":"https:\/\/edublog.educastur.es\/ixuxu\/wp-json\/wp\/v2\/posts\/26645\/revisions"}],"predecessor-version":[{"id":26647,"href":"https:\/\/edublog.educastur.es\/ixuxu\/wp-json\/wp\/v2\/posts\/26645\/revisions\/26647"}],"wp:attachment":[{"href":"https:\/\/edublog.educastur.es\/ixuxu\/wp-json\/wp\/v2\/media?parent=26645"}],"wp:term":[{"taxonomy":"category","embeddable":true,"href":"https:\/\/edublog.educastur.es\/ixuxu\/wp-json\/wp\/v2\/categories?post=26645"},{"taxonomy":"post_tag","embeddable":true,"href":"https:\/\/edublog.educastur.es\/ixuxu\/wp-json\/wp\/v2\/tags?post=26645"}],"curies":[{"name":"wp","href":"https:\/\/api.w.org\/{rel}","templated":true}]}}