{"id":26737,"date":"2024-05-16T09:00:16","date_gmt":"2024-05-16T07:00:16","guid":{"rendered":"https:\/\/edublog.educastur.es\/ixuxu\/?p=26737"},"modified":"2024-05-23T11:43:29","modified_gmt":"2024-05-23T09:43:29","slug":"dia-internacional-de-la-convivencia-en-paz","status":"publish","type":"post","link":"https:\/\/edublog.educastur.es\/ixuxu\/2024\/05\/dia-internacional-de-la-convivencia-en-paz\/","title":{"rendered":"D\u00eda Internacional de la Convivencia en Paz"},"content":{"rendered":"<p>El 16 de mayu celebramos el <strong>D\u00eda Internacional de la Convivencia en Paz<\/strong>. La nuesa misi\u00f3n nes aules ye que los alumnos y alumnes apriendan a vivir n&#8217;harmon\u00eda y asina crear un mundu m\u00e1s xustu nel que primen el respetu, la tolerancia y la solidarid\u00e1. <a href=\"https:\/\/www.facebook.com\/photo?fbid=997912232338998&amp;set=a.732588952204662\">Pallabres pa la Paz.<\/a><\/p>\n<p style=\"text-align: center\">\n<!-- iframe plugin v.6.0 wordpress.org\/plugins\/iframe\/ -->\n<iframe loading=\"lazy\" src=\"https:\/\/www.facebook.com\/plugins\/post.php?href=https%3A%2F%2Fwww.facebook.com%2Floqueleosantillanaspain%2Fposts%2Fpfbid02QUmrEMNYWfDRVSVsnzsTgtQNBgiAh1uMWDn6T86JBhPXXorqiUuUWyBzVwYwQ7W8l&#038;show_text=false&#038;width=500&#038;is_preview=true\" width=\"500\" height=\"388\" style=\"border:none;overflow:hidden\" scrolling=\"no\" frameborder=\"0\" allowfullscreen=\"true\" allow=\"autoplay; clipboard-write; encrypted-media; picture-in-picture; web-share\" 0=\"\/iframe\" class=\"iframe-class\"><\/iframe>\n<\/p>\n","protected":false},"excerpt":{"rendered":"<p>El 16 de mayu celebramos el D\u00eda Internacional de la Convivencia en Paz. La nuesa misi\u00f3n nes aules ye que los alumnos y alumnes apriendan a vivir n&#8217;harmon\u00eda y asina crear un mundu m\u00e1s xustu nel que primen el respetu, la tolerancia y la solidarid\u00e1. Pallabres pa la Paz.<\/p>\n","protected":false},"author":117,"featured_media":0,"comment_status":"open","ping_status":"open","sticky":false,"template":"","format":"standard","meta":{"footnotes":""},"categories":[6],"tags":[],"class_list":["post-26737","post","type-post","status-publish","format-standard","hentry","category-dia-de"],"_links":{"self":[{"href":"https:\/\/edublog.educastur.es\/ixuxu\/wp-json\/wp\/v2\/posts\/26737","targetHints":{"allow":["GET"]}}],"collection":[{"href":"https:\/\/edublog.educastur.es\/ixuxu\/wp-json\/wp\/v2\/posts"}],"about":[{"href":"https:\/\/edublog.educastur.es\/ixuxu\/wp-json\/wp\/v2\/types\/post"}],"author":[{"embeddable":true,"href":"https:\/\/edublog.educastur.es\/ixuxu\/wp-json\/wp\/v2\/users\/117"}],"replies":[{"embeddable":true,"href":"https:\/\/edublog.educastur.es\/ixuxu\/wp-json\/wp\/v2\/comments?post=26737"}],"version-history":[{"count":2,"href":"https:\/\/edublog.educastur.es\/ixuxu\/wp-json\/wp\/v2\/posts\/26737\/revisions"}],"predecessor-version":[{"id":26739,"href":"https:\/\/edublog.educastur.es\/ixuxu\/wp-json\/wp\/v2\/posts\/26737\/revisions\/26739"}],"wp:attachment":[{"href":"https:\/\/edublog.educastur.es\/ixuxu\/wp-json\/wp\/v2\/media?parent=26737"}],"wp:term":[{"taxonomy":"category","embeddable":true,"href":"https:\/\/edublog.educastur.es\/ixuxu\/wp-json\/wp\/v2\/categories?post=26737"},{"taxonomy":"post_tag","embeddable":true,"href":"https:\/\/edublog.educastur.es\/ixuxu\/wp-json\/wp\/v2\/tags?post=26737"}],"curies":[{"name":"wp","href":"https:\/\/api.w.org\/{rel}","templated":true}]}}