{"id":26821,"date":"2024-05-25T10:30:27","date_gmt":"2024-05-25T08:30:27","guid":{"rendered":"https:\/\/edublog.educastur.es\/ixuxu\/?p=26821"},"modified":"2024-05-25T10:34:39","modified_gmt":"2024-05-25T08:34:39","slug":"26821","status":"publish","type":"post","link":"https:\/\/edublog.educastur.es\/ixuxu\/2024\/05\/26821\/","title":{"rendered":"Proyectu Puertu Felicid\u00e1 que promueve Pesca Espa\u00f1a, en Ribeseya"},"content":{"rendered":"<p style=\"text-align: center\"><a href=\"https:\/\/coperibadesella.com\/wp-content\/uploads\/2024\/05\/PESCA-ESPAN%C2%91A-Ribadesella-Puerto-Felicidad-8.jpg\"><img loading=\"lazy\" decoding=\"async\" class=\"aligncenter size-full\" src=\"https:\/\/coperibadesella.com\/wp-content\/uploads\/2024\/05\/PESCA-ESPAN%C2%91A-Ribadesella-Puerto-Felicidad-8.jpg\" width=\"1280\" height=\"960\" \/><\/a><\/p>\n<p>Escolares de Ribeseya av\u00e9rense&#8217;l oficiu marineru al travi\u00e9s d&#8217;un proyectu inmersivu de<strong> Pesca Espa\u00f1a Ribeseya Socied\u00e1. <\/strong>El puertu y la rula de Ribeseya, see de la Confrer\u00eda de Pescadores Virxe de Gu\u00eda, acoy\u00f3 esta ma\u00f1ana una esperiencia inmersiva na que los escolares del conceyu aver\u00e1ronse al oficiu de la pesca profesional y a tou cuanto lu arrodia.<\/p>\n<ul>\n<li>Fonte:\u00a0<a href=\"https:\/\/coperibadesella.com\/24\/05\/2024\/los-escolares-de-ribadesella-se-acercan-al-oficio-marinero-a-traves-de-un-proyecto-de-pesca-espana\/?fbclid=IwZXh0bgNhZW0CMTEAAR1FJnlSuyAosPmszhOEnssd9RNh_unCc4El33nqFBqQlAgegEKzLnG7Yc4_aem_AU2zr1-OCUSmRE3zzeuzUFZNaSS46WUdRwqbD5cuFic3pBPXh54sW1O7rNqouyV_p-L8y4vNls8MPWQNNeCxhjn-\"> COPE Ribadesella<\/a>\u00a0 \/<\/li>\n<li><a href=\"https:\/\/pescaespana.org\/\"><strong>Pesca Espa\u00f1a Fuente de Felicid\u00e1<\/strong><\/a> \/ <a href=\"https:\/\/www.facebook.com\/pescaes\/\">Facebook<\/a> \/ <a href=\"https:\/\/www.instagram.com\/pesca.es\/\">Instagram<\/a> \/<\/li>\n<\/ul>\n<p><!--more--><\/p>\n<p>Un centenar d&#8217;estudiantes de cuartu, quintu y sestu de primaria de los colexos Ntra Sra del Rosario y Manuel Fern\u00e1ndez Xuncos pasaren a lo llargo de la ma\u00f1ana pol muelle pesqueru para conocer los secretos y les bondaes d&#8217;esta activid\u00e1 ancestral que se caltien como activid\u00e1 estrat\u00e9xica na econom\u00eda y desenvolvimientu d&#8217;esta villa marinera.<\/p>\n<p style=\"text-align: center\"><a href=\"https:\/\/coperibadesella.com\/wp-content\/uploads\/2024\/05\/PESCA-ESPAN%C2%91A-Ribadesella-Puerto-Felicidad-13.jpeg\"><img loading=\"lazy\" decoding=\"async\" class=\"aligncenter size-full\" src=\"https:\/\/coperibadesella.com\/wp-content\/uploads\/2024\/05\/PESCA-ESPAN%C2%91A-Ribadesella-Puerto-Felicidad-13.jpeg\" width=\"900\" height=\"957\" \/><\/a><\/p>\n<p>Ribeseya foi la primer parada del proyectu <strong>Puertu Felicid\u00e1<\/strong> que promueve Pesca Espa\u00f1a, entid\u00e1 na que s&#8217;arrexunten importantes organizaciones de productores pesqueros d&#8217;Espa\u00f1a, cola collaboraci\u00f3n d&#8217;Educacio\u0301n Azul, asociaci\u00f3n de cara\u0301cter social empobinada a la promocio\u0301n del mar, de los sos recursos, los sos valores y el so conservacio\u0301n.<\/p>\n<p>Mientres m\u00e1s de dos hores, los escolares de Ribesella esfrutaron de distintes actividaes que-yos dexaron vivir en primer persona&#8217;l trabayu a bordu d&#8217;un barcu, gracies a la realid\u00e1 virtual, asi\u0301 como esfrutar de distintes esperiencies rellacionaes cola pesca como una puya de pexe na rula.<\/p>\n<p><em><strong><span style=\"color: #008080\">\u00a0\u201cEste ye un oficiu duru, pero fant\u00e1sticu. Ye maraviyosu ver los superalimentos que traen a puertu los nuesos barcos\u201d,<\/span><\/strong><\/em>\u00a0 Antonio Nieto, xerente de Pesca Espa\u00f1a.<\/p>\n<p style=\"text-align: center\"><a href=\"https:\/\/coperibadesella.com\/wp-content\/uploads\/2024\/05\/PESCA-ESPAN%C2%91A-Ribadesella-Puerto-Felicidad-4-1350x759.webp\"><img loading=\"lazy\" decoding=\"async\" class=\"aligncenter size-full\" src=\"https:\/\/coperibadesella.com\/wp-content\/uploads\/2024\/05\/PESCA-ESPAN%C2%91A-Ribadesella-Puerto-Felicidad-4-1350x759.webp\" width=\"1350\" height=\"759\" \/><\/a><\/p>\n<p>L&#8217;activid\u00e1 conto\u0301 cola presencia del alcalde de Ribesella, el Conceyal d&#8217;Educacio\u0301n, el director xeneral de Pesca Mari\u0301tima del Princip\u00e1u d&#8217;Asturies, el Secretariu Xeneral d&#8217;Educacio\u0301n Azul y el Patro\u0301n Mayor de Ribeseyaa asi\u0301 como distintes autoridaes locales.<\/p>\n<p>El de Ribeseya foi esta ma\u00f1ana&#8217;l puertu m\u00e1s feliz d&#8217;Espa\u00f1a, pero va haber mas porque&#8217;l proyectu Puertu Felicid\u00e1 va siguir la so andadura a partir del mes de setiembre, por distintes localid\u00e1es costeres del Pa\u00eds Vascu, Galicia, Andaluc\u00eda y Asturies. Ent\u00e1 nun se concretaron les sos siguientes paraes.<\/p>\n<p style=\"text-align: center\">\n<!-- iframe plugin v.6.0 wordpress.org\/plugins\/iframe\/ -->\n<iframe loading=\"lazy\" src=\"https:\/\/www.facebook.com\/plugins\/post.php?href=https%3A%2F%2Fwww.facebook.com%2Fphoto.php%3Ffbid%3D415960681333029%26set%3Da.137079929221107%26type%3D3&#038;show_text=true&#038;width=500&#038;is_preview=true\" width=\"500\" height=\"792\" style=\"border:none;overflow:hidden\" scrolling=\"no\" frameborder=\"0\" allowfullscreen=\"true\" allow=\"autoplay; clipboard-write; encrypted-media; picture-in-picture; web-share\" 0=\"\/iframe\" class=\"iframe-class\"><\/iframe>\n<\/p>\n<p>&nbsp;<\/p>\n<p style=\"text-align: center\">\n<!-- iframe plugin v.6.0 wordpress.org\/plugins\/iframe\/ -->\n<iframe loading=\"lazy\" src=\"https:\/\/www.facebook.com\/plugins\/post.php?href=https%3A%2F%2Fwww.facebook.com%2Fphoto.php%3Ffbid%3D415434678052296%26set%3Da.137079929221107%26type%3D3&#038;show_text=true&#038;width=500&#038;is_preview=true\" width=\"500\" height=\"563\" style=\"border:none;overflow:hidden\" scrolling=\"no\" frameborder=\"0\" allowfullscreen=\"true\" allow=\"autoplay; clipboard-write; encrypted-media; picture-in-picture; web-share\" 0=\"\/iframe\" class=\"iframe-class\"><\/iframe>\n<\/p>\n","protected":false},"excerpt":{"rendered":"<p>Escolares de Ribeseya av\u00e9rense&#8217;l oficiu marineru al travi\u00e9s d&#8217;un proyectu inmersivu de Pesca Espa\u00f1a Ribeseya Socied\u00e1. El puertu y la rula de Ribeseya, see de la Confrer\u00eda de Pescadores Virxe de Gu\u00eda, acoy\u00f3 esta ma\u00f1ana una esperiencia inmersiva na que los escolares del conceyu aver\u00e1ronse al oficiu de la pesca profesional y a tou cuanto [&hellip;]<\/p>\n","protected":false},"author":117,"featured_media":0,"comment_status":"open","ping_status":"open","sticky":false,"template":"","format":"standard","meta":{"footnotes":""},"categories":[339],"tags":[],"class_list":["post-26821","post","type-post","status-publish","format-standard","hentry","category-pesca"],"_links":{"self":[{"href":"https:\/\/edublog.educastur.es\/ixuxu\/wp-json\/wp\/v2\/posts\/26821","targetHints":{"allow":["GET"]}}],"collection":[{"href":"https:\/\/edublog.educastur.es\/ixuxu\/wp-json\/wp\/v2\/posts"}],"about":[{"href":"https:\/\/edublog.educastur.es\/ixuxu\/wp-json\/wp\/v2\/types\/post"}],"author":[{"embeddable":true,"href":"https:\/\/edublog.educastur.es\/ixuxu\/wp-json\/wp\/v2\/users\/117"}],"replies":[{"embeddable":true,"href":"https:\/\/edublog.educastur.es\/ixuxu\/wp-json\/wp\/v2\/comments?post=26821"}],"version-history":[{"count":6,"href":"https:\/\/edublog.educastur.es\/ixuxu\/wp-json\/wp\/v2\/posts\/26821\/revisions"}],"predecessor-version":[{"id":26827,"href":"https:\/\/edublog.educastur.es\/ixuxu\/wp-json\/wp\/v2\/posts\/26821\/revisions\/26827"}],"wp:attachment":[{"href":"https:\/\/edublog.educastur.es\/ixuxu\/wp-json\/wp\/v2\/media?parent=26821"}],"wp:term":[{"taxonomy":"category","embeddable":true,"href":"https:\/\/edublog.educastur.es\/ixuxu\/wp-json\/wp\/v2\/categories?post=26821"},{"taxonomy":"post_tag","embeddable":true,"href":"https:\/\/edublog.educastur.es\/ixuxu\/wp-json\/wp\/v2\/tags?post=26821"}],"curies":[{"name":"wp","href":"https:\/\/api.w.org\/{rel}","templated":true}]}}